{"id":2748,"date":"2020-09-29T18:56:25","date_gmt":"2020-09-29T16:56:25","guid":{"rendered":"https:\/\/blogs.lyceecfadumene.fr\/tyanheol\/?p=2748"},"modified":"2020-09-29T18:56:25","modified_gmt":"2020-09-29T16:56:25","slug":"et-cest-parti","status":"publish","type":"post","link":"https:\/\/blogs.lyceecfadumene.fr\/tyanheol\/2020\/09\/29\/et-cest-parti\/","title":{"rendered":"Et c&rsquo;est parti !"},"content":{"rendered":"<p>On est tous d\u00e9confin\u00e9s et on est d\u00e9termin\u00e9s \u00e0 en profiter, gr\u00e2ce aux sorties organis\u00e9es par l&rsquo;ALESA Ty An H\u00e9ol et encadr\u00e9es par les professeurs-animateurs d&rsquo;\u00e9ducation socioculturelle (ESC).<\/p>\n<p><img data-recalc-dims=\"1\" decoding=\"async\" src=\"https:\/\/i0.wp.com\/www.campingvannes.com\/sites\/default\/files\/styles\/grande_vignette\/public\/informations\/parc_de_branfere.jpg?w=604&#038;ssl=1\" alt=\"Zoo de Branf\u00e9r\u00e9 | Camping du Haras 5 \u00e9toiles\"><\/p>\n<p>Voici en exclusivit\u00e9 rien que pour vous la sortie au Parc animalier et botanique &amp; Parcabout de Branf\u00e9r\u00e9, si\u00e8ge de la Fondation Nicolat Hulot, rien que \u00e7a !<\/p>\n<p><span class=\"embed-youtube\" style=\"text-align:center; display: block;\"><iframe loading=\"lazy\" class=\"youtube-player\" width=\"604\" height=\"340\" src=\"https:\/\/www.youtube.com\/embed\/nM0vLopDDug?version=3&#038;rel=1&#038;showsearch=0&#038;showinfo=1&#038;iv_load_policy=1&#038;fs=1&#038;hl=fr-FR&#038;autohide=2&#038;wmode=transparent\" allowfullscreen=\"true\" style=\"border:0;\" sandbox=\"allow-scripts allow-same-origin allow-popups allow-presentation allow-popups-to-escape-sandbox\"><\/iframe><\/span><\/p>\n","protected":false},"excerpt":{"rendered":"<p>On est tous d\u00e9confin\u00e9s et on est d\u00e9termin\u00e9s \u00e0 en profiter, gr\u00e2ce aux sorties organis\u00e9es par l&rsquo;ALESA Ty An H\u00e9ol et encadr\u00e9es par les professeurs-animateurs d&rsquo;\u00e9ducation socioculturelle (ESC). Voici en exclusivit\u00e9 rien que pour vous la sortie au Parc animalier et botanique &amp; Parcabout de Branf\u00e9r\u00e9, si\u00e8ge de la Fondation Nicolat Hulot, rien que \u00e7a &hellip; <a href=\"https:\/\/blogs.lyceecfadumene.fr\/tyanheol\/2020\/09\/29\/et-cest-parti\/\" class=\"more-link\">Continuer la lecture de <span class=\"screen-reader-text\">Et c&rsquo;est parti !<\/span> <span class=\"meta-nav\">&rarr;<\/span><\/a><\/p>\n","protected":false},"author":97,"featured_media":0,"comment_status":"open","ping_status":"open","sticky":false,"template":"","format":"standard","meta":{"_jetpack_memberships_contains_paid_content":false,"footnotes":"","jetpack_publicize_message":"","jetpack_publicize_feature_enabled":true,"jetpack_social_post_already_shared":true,"jetpack_social_options":{"image_generator_settings":{"template":"highway","default_image_id":0,"font":"","enabled":false},"version":2}},"categories":[1],"tags":[],"class_list":["post-2748","post","type-post","status-publish","format-standard","hentry","category-non-classe"],"aioseo_notices":[],"jetpack_publicize_connections":[],"jetpack_featured_media_url":"","jetpack_shortlink":"https:\/\/wp.me\/p1SrOO-Ik","jetpack_sharing_enabled":true,"_links":{"self":[{"href":"https:\/\/blogs.lyceecfadumene.fr\/tyanheol\/wp-json\/wp\/v2\/posts\/2748","targetHints":{"allow":["GET"]}}],"collection":[{"href":"https:\/\/blogs.lyceecfadumene.fr\/tyanheol\/wp-json\/wp\/v2\/posts"}],"about":[{"href":"https:\/\/blogs.lyceecfadumene.fr\/tyanheol\/wp-json\/wp\/v2\/types\/post"}],"author":[{"embeddable":true,"href":"https:\/\/blogs.lyceecfadumene.fr\/tyanheol\/wp-json\/wp\/v2\/users\/97"}],"replies":[{"embeddable":true,"href":"https:\/\/blogs.lyceecfadumene.fr\/tyanheol\/wp-json\/wp\/v2\/comments?post=2748"}],"version-history":[{"count":2,"href":"https:\/\/blogs.lyceecfadumene.fr\/tyanheol\/wp-json\/wp\/v2\/posts\/2748\/revisions"}],"predecessor-version":[{"id":2750,"href":"https:\/\/blogs.lyceecfadumene.fr\/tyanheol\/wp-json\/wp\/v2\/posts\/2748\/revisions\/2750"}],"wp:attachment":[{"href":"https:\/\/blogs.lyceecfadumene.fr\/tyanheol\/wp-json\/wp\/v2\/media?parent=2748"}],"wp:term":[{"taxonomy":"category","embeddable":true,"href":"https:\/\/blogs.lyceecfadumene.fr\/tyanheol\/wp-json\/wp\/v2\/categories?post=2748"},{"taxonomy":"post_tag","embeddable":true,"href":"https:\/\/blogs.lyceecfadumene.fr\/tyanheol\/wp-json\/wp\/v2\/tags?post=2748"}],"curies":[{"name":"wp","href":"https:\/\/api.w.org\/{rel}","templated":true}]}}