{"id":2735,"date":"2020-10-02T09:21:16","date_gmt":"2020-10-02T07:21:16","guid":{"rendered":"https:\/\/blogs.lyceecfadumene.fr\/tyanheol\/?p=2735"},"modified":"2020-10-02T09:21:16","modified_gmt":"2020-10-02T07:21:16","slug":"journee-dintegration-des-etudiants-a-lile-de-brehat","status":"publish","type":"post","link":"https:\/\/blogs.lyceecfadumene.fr\/tyanheol\/2020\/10\/02\/journee-dintegration-des-etudiants-a-lile-de-brehat\/","title":{"rendered":"Journ\u00e9e d&rsquo;int\u00e9gration des \u00e9tudiants \u00e0 L\u2019\u00eele de Br\u00e9hat."},"content":{"rendered":"<p align=\"justify\">Nous avons pris le car le 8 septembre \u00e0 8h15 pour une journ\u00e9e d\u2019int\u00e9gration sur l\u2019\u00eele de Br\u00e9hat. Nous sommes arriv\u00e9s \u00e0 10h au port de l\u2019Arcouest Ploubazlanec. Puis vers 10h15 nous avons pris le bateau jusqu\u2019\u00e0 L\u2019\u00eele de Br\u00e9hat. Les professeurs nous ont ensuite r\u00e9partis en plusieurs groupes pour aller dans les diff\u00e9rentes entreprises de l\u2019\u00eele.<\/p>\n<p align=\"justify\">Marine et moi nous sommes dirig\u00e9s vers la verrerie o\u00f9 le patron de l\u2019entreprise nous a re\u00e7us. Il nous a donc expliqu\u00e9 que le b\u00e2timent \u00e9tait en faite la citadelle de d\u00e9fense de l\u2019\u00eele et a \u00e9t\u00e9 r\u00e9nov\u00e9e pour accueillir les verreries. C\u2019est une entreprise familiale et le propri\u00e9taire Yves Neumager a transmis son entreprise \u00e0 son fils St\u00e9phane et sa belle fille Johanna, il y a deux ans afin de prendre sa retraite.<\/p>\n<p align=\"justify\">St\u00e9phane Neumager nous a expliqu\u00e9 l\u2019historique du b\u00e2timent puis nous sommes rentr\u00e9s dans les verreries. Il nous a ensuite montr\u00e9 les techniques pour former le verre.<\/p>\n<div class=\"tiled-gallery type-rectangular tiled-gallery-unresized\" data-original-width=\"604\" data-carousel-extra='{&quot;blog_id&quot;:84,&quot;permalink&quot;:&quot;https:\\\/\\\/blogs.lyceecfadumene.fr\\\/tyanheol\\\/2020\\\/10\\\/02\\\/journee-dintegration-des-etudiants-a-lile-de-brehat\\\/&quot;,&quot;likes_blog_id&quot;:27752986}' itemscope itemtype=\"http:\/\/schema.org\/ImageGallery\" > <div class=\"gallery-row\" style=\"width: 604px; height: 303px;\" data-original-width=\"604\" data-original-height=\"303\" > <div class=\"gallery-group images-1\" style=\"width: 403px; height: 303px;\" data-original-width=\"403\" data-original-height=\"303\" > <div class=\"tiled-gallery-item tiled-gallery-item-large\" itemprop=\"associatedMedia\" itemscope itemtype=\"http:\/\/schema.org\/ImageObject\"> <a href=\"https:\/\/blogs.lyceecfadumene.fr\/tyanheol\/2020\/10\/02\/journee-dintegration-des-etudiants-a-lile-de-brehat\/bateau_brehat\/\" border=\"0\" itemprop=\"url\"> <meta itemprop=\"width\" content=\"399\"> <meta itemprop=\"height\" content=\"299\"> <img decoding=\"async\" class=\"\" data-attachment-id=\"2760\" data-orig-file=\"https:\/\/blogs.lyceecfadumene.fr\/tyanheol\/files\/2020\/09\/Bateau_brehat.jpg\" data-orig-size=\"800,600\" data-comments-opened=\"1\" data-image-meta=\"{&quot;aperture&quot;:&quot;1.8&quot;,&quot;credit&quot;:&quot;&quot;,&quot;camera&quot;:&quot;SM-G981B&quot;,&quot;caption&quot;:&quot;&quot;,&quot;created_timestamp&quot;:&quot;1599589003&quot;,&quot;copyright&quot;:&quot;&quot;,&quot;focal_length&quot;:&quot;5.4&quot;,&quot;iso&quot;:&quot;50&quot;,&quot;shutter_speed&quot;:&quot;0.0001491646778043&quot;,&quot;title&quot;:&quot;&quot;,&quot;orientation&quot;:&quot;1&quot;}\" data-image-title=\"B\u00e2teau_brehat\" data-image-description=\"\" data-medium-file=\"https:\/\/i0.wp.com\/blogs.lyceecfadumene.fr\/tyanheol\/files\/2020\/09\/Bateau_brehat.jpg?fit=300%2C225&#038;ssl=1\" data-large-file=\"https:\/\/i0.wp.com\/blogs.lyceecfadumene.fr\/tyanheol\/files\/2020\/09\/Bateau_brehat.jpg?fit=604%2C453&#038;ssl=1\" src=\"https:\/\/i0.wp.com\/blogs.lyceecfadumene.fr\/tyanheol\/files\/2020\/09\/Bateau_brehat.jpg?w=399&#038;h=299&#038;ssl=1\" srcset=\"https:\/\/i0.wp.com\/blogs.lyceecfadumene.fr\/tyanheol\/files\/2020\/09\/Bateau_brehat.jpg?w=800&amp;ssl=1 800w, https:\/\/i0.wp.com\/blogs.lyceecfadumene.fr\/tyanheol\/files\/2020\/09\/Bateau_brehat.jpg?resize=300%2C225&amp;ssl=1 300w, https:\/\/i0.wp.com\/blogs.lyceecfadumene.fr\/tyanheol\/files\/2020\/09\/Bateau_brehat.jpg?resize=768%2C576&amp;ssl=1 768w\" width=\"399\" height=\"299\" loading=\"lazy\" data-original-width=\"399\" data-original-height=\"299\" itemprop=\"http:\/\/schema.org\/image\" title=\"B\u00e2teau_brehat\" alt=\"B\u00e2teau_brehat\" style=\"width: 399px; height: 299px;\" \/> <\/a> <\/div> <\/div> <!-- close group --> <div class=\"gallery-group images-2\" style=\"width: 201px; height: 303px;\" data-original-width=\"201\" data-original-height=\"303\" > <div class=\"tiled-gallery-item tiled-gallery-item-small\" itemprop=\"associatedMedia\" itemscope itemtype=\"http:\/\/schema.org\/ImageObject\"> <a href=\"https:\/\/blogs.lyceecfadumene.fr\/tyanheol\/2020\/10\/02\/journee-dintegration-des-etudiants-a-lile-de-brehat\/paysage_1\/\" border=\"0\" itemprop=\"url\"> <meta itemprop=\"width\" content=\"197\"> <meta itemprop=\"height\" content=\"148\"> <img decoding=\"async\" class=\"\" data-attachment-id=\"2763\" data-orig-file=\"https:\/\/blogs.lyceecfadumene.fr\/tyanheol\/files\/2020\/09\/Paysage_1.jpg\" data-orig-size=\"800,600\" data-comments-opened=\"1\" data-image-meta=\"{&quot;aperture&quot;:&quot;1.8&quot;,&quot;credit&quot;:&quot;&quot;,&quot;camera&quot;:&quot;SM-G981B&quot;,&quot;caption&quot;:&quot;&quot;,&quot;created_timestamp&quot;:&quot;1599573948&quot;,&quot;copyright&quot;:&quot;&quot;,&quot;focal_length&quot;:&quot;5.4&quot;,&quot;iso&quot;:&quot;50&quot;,&quot;shutter_speed&quot;:&quot;0.00040192926045016&quot;,&quot;title&quot;:&quot;&quot;,&quot;orientation&quot;:&quot;1&quot;}\" data-image-title=\"Paysage_1\" data-image-description=\"\" data-medium-file=\"https:\/\/i0.wp.com\/blogs.lyceecfadumene.fr\/tyanheol\/files\/2020\/09\/Paysage_1.jpg?fit=300%2C225&#038;ssl=1\" data-large-file=\"https:\/\/i0.wp.com\/blogs.lyceecfadumene.fr\/tyanheol\/files\/2020\/09\/Paysage_1.jpg?fit=604%2C453&#038;ssl=1\" src=\"https:\/\/i0.wp.com\/blogs.lyceecfadumene.fr\/tyanheol\/files\/2020\/09\/Paysage_1.jpg?w=197&#038;h=148&#038;ssl=1\" srcset=\"https:\/\/i0.wp.com\/blogs.lyceecfadumene.fr\/tyanheol\/files\/2020\/09\/Paysage_1.jpg?w=800&amp;ssl=1 800w, https:\/\/i0.wp.com\/blogs.lyceecfadumene.fr\/tyanheol\/files\/2020\/09\/Paysage_1.jpg?resize=300%2C225&amp;ssl=1 300w, https:\/\/i0.wp.com\/blogs.lyceecfadumene.fr\/tyanheol\/files\/2020\/09\/Paysage_1.jpg?resize=768%2C576&amp;ssl=1 768w\" width=\"197\" height=\"148\" loading=\"lazy\" data-original-width=\"197\" data-original-height=\"148\" itemprop=\"http:\/\/schema.org\/image\" title=\"Paysage_1\" alt=\"Paysage_1\" style=\"width: 197px; height: 148px;\" \/> <\/a> <\/div> <div class=\"tiled-gallery-item tiled-gallery-item-small\" itemprop=\"associatedMedia\" itemscope itemtype=\"http:\/\/schema.org\/ImageObject\"> <a href=\"https:\/\/blogs.lyceecfadumene.fr\/tyanheol\/2020\/10\/02\/journee-dintegration-des-etudiants-a-lile-de-brehat\/paysage_2\/\" border=\"0\" itemprop=\"url\"> <meta itemprop=\"width\" content=\"197\"> <meta itemprop=\"height\" content=\"147\"> <img decoding=\"async\" class=\"\" data-attachment-id=\"2764\" data-orig-file=\"https:\/\/blogs.lyceecfadumene.fr\/tyanheol\/files\/2020\/09\/Paysage_2.jpg\" data-orig-size=\"800,600\" data-comments-opened=\"1\" data-image-meta=\"{&quot;aperture&quot;:&quot;1.8&quot;,&quot;credit&quot;:&quot;&quot;,&quot;camera&quot;:&quot;ELE-L29&quot;,&quot;caption&quot;:&quot;&quot;,&quot;created_timestamp&quot;:&quot;1599577525&quot;,&quot;copyright&quot;:&quot;&quot;,&quot;focal_length&quot;:&quot;5.58&quot;,&quot;iso&quot;:&quot;50&quot;,&quot;shutter_speed&quot;:&quot;0.00016&quot;,&quot;title&quot;:&quot;&quot;,&quot;orientation&quot;:&quot;1&quot;}\" data-image-title=\"Paysage_2\" data-image-description=\"\" data-medium-file=\"https:\/\/i0.wp.com\/blogs.lyceecfadumene.fr\/tyanheol\/files\/2020\/09\/Paysage_2.jpg?fit=300%2C225&#038;ssl=1\" data-large-file=\"https:\/\/i0.wp.com\/blogs.lyceecfadumene.fr\/tyanheol\/files\/2020\/09\/Paysage_2.jpg?fit=604%2C453&#038;ssl=1\" src=\"https:\/\/i0.wp.com\/blogs.lyceecfadumene.fr\/tyanheol\/files\/2020\/09\/Paysage_2.jpg?w=197&#038;h=147&#038;ssl=1\" srcset=\"https:\/\/i0.wp.com\/blogs.lyceecfadumene.fr\/tyanheol\/files\/2020\/09\/Paysage_2.jpg?w=800&amp;ssl=1 800w, https:\/\/i0.wp.com\/blogs.lyceecfadumene.fr\/tyanheol\/files\/2020\/09\/Paysage_2.jpg?resize=300%2C225&amp;ssl=1 300w, https:\/\/i0.wp.com\/blogs.lyceecfadumene.fr\/tyanheol\/files\/2020\/09\/Paysage_2.jpg?resize=768%2C576&amp;ssl=1 768w\" width=\"197\" height=\"147\" loading=\"lazy\" data-original-width=\"197\" data-original-height=\"147\" itemprop=\"http:\/\/schema.org\/image\" title=\"Paysage_2\" alt=\"Paysage_2\" style=\"width: 197px; height: 147px;\" \/> <\/a> <\/div> <\/div> <!-- close group --> <\/div> <!-- close row --> <div class=\"gallery-row\" style=\"width: 604px; height: 142px;\" data-original-width=\"604\" data-original-height=\"142\" > <div class=\"gallery-group images-1\" style=\"width: 249px; height: 142px;\" data-original-width=\"249\" data-original-height=\"142\" > <div class=\"tiled-gallery-item tiled-gallery-item-small\" itemprop=\"associatedMedia\" itemscope itemtype=\"http:\/\/schema.org\/ImageObject\"> <a href=\"https:\/\/blogs.lyceecfadumene.fr\/tyanheol\/2020\/10\/02\/journee-dintegration-des-etudiants-a-lile-de-brehat\/paysage_3\/\" border=\"0\" itemprop=\"url\"> <meta itemprop=\"width\" content=\"245\"> <meta itemprop=\"height\" content=\"138\"> <img decoding=\"async\" class=\"\" data-attachment-id=\"2765\" data-orig-file=\"https:\/\/blogs.lyceecfadumene.fr\/tyanheol\/files\/2020\/09\/Paysage_3.jpg\" data-orig-size=\"800,450\" data-comments-opened=\"1\" data-image-meta=\"{&quot;aperture&quot;:&quot;0&quot;,&quot;credit&quot;:&quot;&quot;,&quot;camera&quot;:&quot;&quot;,&quot;caption&quot;:&quot;&quot;,&quot;created_timestamp&quot;:&quot;0&quot;,&quot;copyright&quot;:&quot;&quot;,&quot;focal_length&quot;:&quot;0&quot;,&quot;iso&quot;:&quot;0&quot;,&quot;shutter_speed&quot;:&quot;0&quot;,&quot;title&quot;:&quot;&quot;,&quot;orientation&quot;:&quot;1&quot;}\" data-image-title=\"Paysage_3\" data-image-description=\"\" data-medium-file=\"https:\/\/i0.wp.com\/blogs.lyceecfadumene.fr\/tyanheol\/files\/2020\/09\/Paysage_3.jpg?fit=300%2C169&#038;ssl=1\" data-large-file=\"https:\/\/i0.wp.com\/blogs.lyceecfadumene.fr\/tyanheol\/files\/2020\/09\/Paysage_3.jpg?fit=604%2C340&#038;ssl=1\" src=\"https:\/\/i0.wp.com\/blogs.lyceecfadumene.fr\/tyanheol\/files\/2020\/09\/Paysage_3.jpg?w=245&#038;h=138&#038;ssl=1\" srcset=\"https:\/\/i0.wp.com\/blogs.lyceecfadumene.fr\/tyanheol\/files\/2020\/09\/Paysage_3.jpg?w=800&amp;ssl=1 800w, https:\/\/i0.wp.com\/blogs.lyceecfadumene.fr\/tyanheol\/files\/2020\/09\/Paysage_3.jpg?resize=300%2C169&amp;ssl=1 300w, https:\/\/i0.wp.com\/blogs.lyceecfadumene.fr\/tyanheol\/files\/2020\/09\/Paysage_3.jpg?resize=768%2C432&amp;ssl=1 768w\" width=\"245\" height=\"138\" loading=\"lazy\" data-original-width=\"245\" data-original-height=\"138\" itemprop=\"http:\/\/schema.org\/image\" title=\"Paysage_3\" alt=\"Paysage_3\" style=\"width: 245px; height: 138px;\" \/> <\/a> <\/div> <\/div> <!-- close group --> <div class=\"gallery-group images-1\" style=\"width: 107px; height: 142px;\" data-original-width=\"107\" data-original-height=\"142\" > <div class=\"tiled-gallery-item tiled-gallery-item-small\" itemprop=\"associatedMedia\" itemscope itemtype=\"http:\/\/schema.org\/ImageObject\"> <a href=\"https:\/\/blogs.lyceecfadumene.fr\/tyanheol\/2020\/10\/02\/journee-dintegration-des-etudiants-a-lile-de-brehat\/carte_de_la_verrerie\/\" border=\"0\" itemprop=\"url\"> <meta itemprop=\"width\" content=\"103\"> <meta itemprop=\"height\" content=\"138\"> <img decoding=\"async\" class=\"\" data-attachment-id=\"2761\" data-orig-file=\"https:\/\/blogs.lyceecfadumene.fr\/tyanheol\/files\/2020\/09\/Carte_de_la_verrerie.jpg\" data-orig-size=\"800,1067\" data-comments-opened=\"1\" data-image-meta=\"{&quot;aperture&quot;:&quot;1.8&quot;,&quot;credit&quot;:&quot;&quot;,&quot;camera&quot;:&quot;SM-G981B&quot;,&quot;caption&quot;:&quot;&quot;,&quot;created_timestamp&quot;:&quot;1599565406&quot;,&quot;copyright&quot;:&quot;&quot;,&quot;focal_length&quot;:&quot;5.4&quot;,&quot;iso&quot;:&quot;50&quot;,&quot;shutter_speed&quot;:&quot;0.0022573363431151&quot;,&quot;title&quot;:&quot;&quot;,&quot;orientation&quot;:&quot;1&quot;}\" data-image-title=\"Carte_de_la_verrerie\" data-image-description=\"\" data-medium-file=\"https:\/\/i0.wp.com\/blogs.lyceecfadumene.fr\/tyanheol\/files\/2020\/09\/Carte_de_la_verrerie.jpg?fit=225%2C300&#038;ssl=1\" data-large-file=\"https:\/\/i0.wp.com\/blogs.lyceecfadumene.fr\/tyanheol\/files\/2020\/09\/Carte_de_la_verrerie.jpg?fit=604%2C805&#038;ssl=1\" src=\"https:\/\/i0.wp.com\/blogs.lyceecfadumene.fr\/tyanheol\/files\/2020\/09\/Carte_de_la_verrerie.jpg?w=103&#038;h=138&#038;ssl=1\" srcset=\"https:\/\/i0.wp.com\/blogs.lyceecfadumene.fr\/tyanheol\/files\/2020\/09\/Carte_de_la_verrerie.jpg?w=800&amp;ssl=1 800w, https:\/\/i0.wp.com\/blogs.lyceecfadumene.fr\/tyanheol\/files\/2020\/09\/Carte_de_la_verrerie.jpg?resize=225%2C300&amp;ssl=1 225w, https:\/\/i0.wp.com\/blogs.lyceecfadumene.fr\/tyanheol\/files\/2020\/09\/Carte_de_la_verrerie.jpg?resize=768%2C1024&amp;ssl=1 768w\" width=\"103\" height=\"138\" loading=\"lazy\" data-original-width=\"103\" data-original-height=\"138\" itemprop=\"http:\/\/schema.org\/image\" title=\"Carte_de_la_verrerie\" alt=\"Carte_de_la_verrerie\" style=\"width: 103px; height: 138px;\" \/> <\/a> <\/div> <\/div> <!-- close group --> <div class=\"gallery-group images-1\" style=\"width: 248px; height: 142px;\" data-original-width=\"248\" data-original-height=\"142\" > <div class=\"tiled-gallery-item tiled-gallery-item-small\" itemprop=\"associatedMedia\" itemscope itemtype=\"http:\/\/schema.org\/ImageObject\"> <a href=\"https:\/\/blogs.lyceecfadumene.fr\/tyanheol\/2020\/10\/02\/journee-dintegration-des-etudiants-a-lile-de-brehat\/verreie_1\/\" border=\"0\" itemprop=\"url\"> <meta itemprop=\"width\" content=\"244\"> <meta itemprop=\"height\" content=\"138\"> <img decoding=\"async\" class=\"\" data-attachment-id=\"2766\" data-orig-file=\"https:\/\/blogs.lyceecfadumene.fr\/tyanheol\/files\/2020\/09\/Verreie_1.jpg\" data-orig-size=\"800,450\" data-comments-opened=\"1\" data-image-meta=\"{&quot;aperture&quot;:&quot;0&quot;,&quot;credit&quot;:&quot;&quot;,&quot;camera&quot;:&quot;&quot;,&quot;caption&quot;:&quot;&quot;,&quot;created_timestamp&quot;:&quot;0&quot;,&quot;copyright&quot;:&quot;&quot;,&quot;focal_length&quot;:&quot;0&quot;,&quot;iso&quot;:&quot;0&quot;,&quot;shutter_speed&quot;:&quot;0&quot;,&quot;title&quot;:&quot;&quot;,&quot;orientation&quot;:&quot;1&quot;}\" data-image-title=\"Verreie_1\" data-image-description=\"\" data-medium-file=\"https:\/\/i0.wp.com\/blogs.lyceecfadumene.fr\/tyanheol\/files\/2020\/09\/Verreie_1.jpg?fit=300%2C169&#038;ssl=1\" data-large-file=\"https:\/\/i0.wp.com\/blogs.lyceecfadumene.fr\/tyanheol\/files\/2020\/09\/Verreie_1.jpg?fit=604%2C340&#038;ssl=1\" src=\"https:\/\/i0.wp.com\/blogs.lyceecfadumene.fr\/tyanheol\/files\/2020\/09\/Verreie_1.jpg?w=244&#038;h=138&#038;ssl=1\" srcset=\"https:\/\/i0.wp.com\/blogs.lyceecfadumene.fr\/tyanheol\/files\/2020\/09\/Verreie_1.jpg?w=800&amp;ssl=1 800w, https:\/\/i0.wp.com\/blogs.lyceecfadumene.fr\/tyanheol\/files\/2020\/09\/Verreie_1.jpg?resize=300%2C169&amp;ssl=1 300w, https:\/\/i0.wp.com\/blogs.lyceecfadumene.fr\/tyanheol\/files\/2020\/09\/Verreie_1.jpg?resize=768%2C432&amp;ssl=1 768w\" width=\"244\" height=\"138\" loading=\"lazy\" data-original-width=\"244\" data-original-height=\"138\" itemprop=\"http:\/\/schema.org\/image\" title=\"Verreie_1\" alt=\"Verreie_1\" style=\"width: 244px; height: 138px;\" \/> <\/a> <\/div> <\/div> <!-- close group --> <\/div> <!-- close row --> <div class=\"gallery-row\" style=\"width: 604px; height: 318px;\" data-original-width=\"604\" data-original-height=\"318\" > <div class=\"gallery-group images-1\" style=\"width: 181px; height: 318px;\" data-original-width=\"181\" data-original-height=\"318\" > <div class=\"tiled-gallery-item tiled-gallery-item-small\" itemprop=\"associatedMedia\" itemscope itemtype=\"http:\/\/schema.org\/ImageObject\"> <a href=\"https:\/\/blogs.lyceecfadumene.fr\/tyanheol\/2020\/10\/02\/journee-dintegration-des-etudiants-a-lile-de-brehat\/verrerie_2\/\" border=\"0\" itemprop=\"url\"> <meta itemprop=\"width\" content=\"177\"> <meta itemprop=\"height\" content=\"314\"> <img decoding=\"async\" class=\"\" data-attachment-id=\"2767\" data-orig-file=\"https:\/\/blogs.lyceecfadumene.fr\/tyanheol\/files\/2020\/09\/Verrerie_2.jpg\" data-orig-size=\"800,1422\" data-comments-opened=\"1\" data-image-meta=\"{&quot;aperture&quot;:&quot;0&quot;,&quot;credit&quot;:&quot;&quot;,&quot;camera&quot;:&quot;&quot;,&quot;caption&quot;:&quot;&quot;,&quot;created_timestamp&quot;:&quot;0&quot;,&quot;copyright&quot;:&quot;&quot;,&quot;focal_length&quot;:&quot;0&quot;,&quot;iso&quot;:&quot;0&quot;,&quot;shutter_speed&quot;:&quot;0&quot;,&quot;title&quot;:&quot;&quot;,&quot;orientation&quot;:&quot;1&quot;}\" data-image-title=\"Verrerie_2\" data-image-description=\"\" data-medium-file=\"https:\/\/i0.wp.com\/blogs.lyceecfadumene.fr\/tyanheol\/files\/2020\/09\/Verrerie_2.jpg?fit=169%2C300&#038;ssl=1\" data-large-file=\"https:\/\/i0.wp.com\/blogs.lyceecfadumene.fr\/tyanheol\/files\/2020\/09\/Verrerie_2.jpg?fit=576%2C1024&#038;ssl=1\" src=\"https:\/\/i0.wp.com\/blogs.lyceecfadumene.fr\/tyanheol\/files\/2020\/09\/Verrerie_2.jpg?w=177&#038;h=314&#038;ssl=1\" srcset=\"https:\/\/i0.wp.com\/blogs.lyceecfadumene.fr\/tyanheol\/files\/2020\/09\/Verrerie_2.jpg?w=800&amp;ssl=1 800w, https:\/\/i0.wp.com\/blogs.lyceecfadumene.fr\/tyanheol\/files\/2020\/09\/Verrerie_2.jpg?resize=169%2C300&amp;ssl=1 169w, https:\/\/i0.wp.com\/blogs.lyceecfadumene.fr\/tyanheol\/files\/2020\/09\/Verrerie_2.jpg?resize=576%2C1024&amp;ssl=1 576w, https:\/\/i0.wp.com\/blogs.lyceecfadumene.fr\/tyanheol\/files\/2020\/09\/Verrerie_2.jpg?resize=768%2C1365&amp;ssl=1 768w\" width=\"177\" height=\"314\" loading=\"lazy\" data-original-width=\"177\" data-original-height=\"314\" itemprop=\"http:\/\/schema.org\/image\" title=\"Verrerie_2\" alt=\"Verrerie_2\" style=\"width: 177px; height: 314px;\" \/> <\/a> <\/div> <\/div> <!-- close group --> <div class=\"gallery-group images-1\" style=\"width: 423px; height: 318px;\" data-original-width=\"423\" data-original-height=\"318\" > <div class=\"tiled-gallery-item tiled-gallery-item-large\" itemprop=\"associatedMedia\" itemscope itemtype=\"http:\/\/schema.org\/ImageObject\"> <a href=\"https:\/\/blogs.lyceecfadumene.fr\/tyanheol\/2020\/10\/02\/journee-dintegration-des-etudiants-a-lile-de-brehat\/lheure_de_manger\/\" border=\"0\" itemprop=\"url\"> <meta itemprop=\"width\" content=\"419\"> <meta itemprop=\"height\" content=\"314\"> <img decoding=\"async\" class=\"\" data-attachment-id=\"2762\" data-orig-file=\"https:\/\/blogs.lyceecfadumene.fr\/tyanheol\/files\/2020\/09\/Lheure_de_manger.jpg\" data-orig-size=\"800,600\" data-comments-opened=\"1\" data-image-meta=\"{&quot;aperture&quot;:&quot;1.8&quot;,&quot;credit&quot;:&quot;&quot;,&quot;camera&quot;:&quot;SM-G981B&quot;,&quot;caption&quot;:&quot;&quot;,&quot;created_timestamp&quot;:&quot;1599567512&quot;,&quot;copyright&quot;:&quot;&quot;,&quot;focal_length&quot;:&quot;5.4&quot;,&quot;iso&quot;:&quot;50&quot;,&quot;shutter_speed&quot;:&quot;0.00030637254901961&quot;,&quot;title&quot;:&quot;&quot;,&quot;orientation&quot;:&quot;1&quot;}\" data-image-title=\"L&amp;rsquo;heure_de_manger\" data-image-description=\"\" data-medium-file=\"https:\/\/i0.wp.com\/blogs.lyceecfadumene.fr\/tyanheol\/files\/2020\/09\/Lheure_de_manger.jpg?fit=300%2C225&#038;ssl=1\" data-large-file=\"https:\/\/i0.wp.com\/blogs.lyceecfadumene.fr\/tyanheol\/files\/2020\/09\/Lheure_de_manger.jpg?fit=604%2C453&#038;ssl=1\" src=\"https:\/\/i0.wp.com\/blogs.lyceecfadumene.fr\/tyanheol\/files\/2020\/09\/Lheure_de_manger.jpg?w=419&#038;h=314&#038;ssl=1\" srcset=\"https:\/\/i0.wp.com\/blogs.lyceecfadumene.fr\/tyanheol\/files\/2020\/09\/Lheure_de_manger.jpg?w=800&amp;ssl=1 800w, https:\/\/i0.wp.com\/blogs.lyceecfadumene.fr\/tyanheol\/files\/2020\/09\/Lheure_de_manger.jpg?resize=300%2C225&amp;ssl=1 300w, https:\/\/i0.wp.com\/blogs.lyceecfadumene.fr\/tyanheol\/files\/2020\/09\/Lheure_de_manger.jpg?resize=768%2C576&amp;ssl=1 768w\" width=\"419\" height=\"314\" loading=\"lazy\" data-original-width=\"419\" data-original-height=\"314\" itemprop=\"http:\/\/schema.org\/image\" title=\"L&#039;heure_de_manger\" alt=\"L&#039;heure_de_manger\" style=\"width: 419px; height: 314px;\" \/> <\/a> <\/div> <\/div> <!-- close group --> <\/div> <!-- close row --> <\/div>\n<p align=\"justify\">Ils utilisent plusieurs mat\u00e9riaux, notamment&nbsp;:<\/p>\n<ul>\n<li style=\"list-style-type: none\">\n<ul>\n<li>un banc de verrier,<\/li>\n<li>une mouillette (journal pli\u00e9 et mouill\u00e9) permettant d\u2019utiliser la main pour fa\u00e7onner le verre<\/li>\n<li>un four pour r\u00e9chauffer le verre pour pouvoir le travailler<\/li>\n<li>un four pour faire fondre le verre<\/li>\n<li>deux centrifugeuses : une horizontale et une autre verticale.<\/li>\n<\/ul>\n<\/li>\n<\/ul>\n<ul>\n<li style=\"list-style-type: none\">&nbsp;<\/li>\n<\/ul>\n<ul>\n<li style=\"list-style-type: none\">&nbsp;<\/li>\n<\/ul>\n<ul>\n<li style=\"list-style-type: none\">&nbsp;<\/li>\n<\/ul>\n<ul>\n<li style=\"list-style-type: none\">&nbsp;<\/li>\n<\/ul>\n<p align=\"justify\">Puis le patron nous a propos\u00e9 de visiter sa boutique. Nous avons pu voir toutes sortes d\u2019objets tels que des figures d\u2019animaux en verre, poign\u00e9es de portes, presses papiers en verre, lustres en verre, des boules de rampes d\u2019escaliers.<\/p>\n<p align=\"justify\">Vers 12h , nous sommes all\u00e9s manger \u00e0 cot\u00e9 de la salle des f\u00eates de l\u2019\u00eele de Br\u00e9hat.<\/p>\n<p align=\"justify\">Puis nous avons commenc\u00e9 les d\u00e9fis vers 13h30. Nous avons pu gr\u00e2ce \u00e0 cela visiter tous les coins de l\u2019\u00eele&nbsp;!<\/p>\n<p align=\"justify\">Vers 17h nous nous sommes dirig\u00e9s vers le port. Nous avons repris le car vers 18h pour rentrer au lyc\u00e9e vers 20h30.<\/p>\n<p align=\"justify\">Marine et Ornella.<\/p>\n","protected":false},"excerpt":{"rendered":"<p>Nous avons pris le car le 8 septembre \u00e0 8h15 pour une journ\u00e9e d\u2019int\u00e9gration sur l\u2019\u00eele de Br\u00e9hat. Nous sommes arriv\u00e9s \u00e0 10h au port de l\u2019Arcouest Ploubazlanec. Puis vers 10h15 nous avons pris le bateau jusqu\u2019\u00e0 L\u2019\u00eele de Br\u00e9hat. Les professeurs nous ont ensuite r\u00e9partis en plusieurs groupes pour aller dans les diff\u00e9rentes entreprises &hellip; <a href=\"https:\/\/blogs.lyceecfadumene.fr\/tyanheol\/2020\/10\/02\/journee-dintegration-des-etudiants-a-lile-de-brehat\/\" class=\"more-link\">Continuer la lecture de <span class=\"screen-reader-text\">Journ\u00e9e d&rsquo;int\u00e9gration des \u00e9tudiants \u00e0 L\u2019\u00eele de Br\u00e9hat.<\/span> <span class=\"meta-nav\">&rarr;<\/span><\/a><\/p>\n","protected":false},"author":43,"featured_media":0,"comment_status":"open","ping_status":"open","sticky":false,"template":"","format":"standard","meta":{"_jetpack_memberships_contains_paid_content":false,"footnotes":"","jetpack_publicize_message":"","jetpack_publicize_feature_enabled":true,"jetpack_social_post_already_shared":true,"jetpack_social_options":{"image_generator_settings":{"template":"highway","default_image_id":0,"font":"","enabled":false},"version":2}},"categories":[9177],"tags":[25466,6580,3647],"class_list":["post-2735","post","type-post","status-publish","format-standard","hentry","category-sorties","tag-brehat","tag-bts","tag-integration"],"aioseo_notices":[],"jetpack_publicize_connections":[],"jetpack_featured_media_url":"","jetpack_shortlink":"https:\/\/wp.me\/p1SrOO-I7","jetpack_sharing_enabled":true,"_links":{"self":[{"href":"https:\/\/blogs.lyceecfadumene.fr\/tyanheol\/wp-json\/wp\/v2\/posts\/2735","targetHints":{"allow":["GET"]}}],"collection":[{"href":"https:\/\/blogs.lyceecfadumene.fr\/tyanheol\/wp-json\/wp\/v2\/posts"}],"about":[{"href":"https:\/\/blogs.lyceecfadumene.fr\/tyanheol\/wp-json\/wp\/v2\/types\/post"}],"author":[{"embeddable":true,"href":"https:\/\/blogs.lyceecfadumene.fr\/tyanheol\/wp-json\/wp\/v2\/users\/43"}],"replies":[{"embeddable":true,"href":"https:\/\/blogs.lyceecfadumene.fr\/tyanheol\/wp-json\/wp\/v2\/comments?post=2735"}],"version-history":[{"count":3,"href":"https:\/\/blogs.lyceecfadumene.fr\/tyanheol\/wp-json\/wp\/v2\/posts\/2735\/revisions"}],"predecessor-version":[{"id":2769,"href":"https:\/\/blogs.lyceecfadumene.fr\/tyanheol\/wp-json\/wp\/v2\/posts\/2735\/revisions\/2769"}],"wp:attachment":[{"href":"https:\/\/blogs.lyceecfadumene.fr\/tyanheol\/wp-json\/wp\/v2\/media?parent=2735"}],"wp:term":[{"taxonomy":"category","embeddable":true,"href":"https:\/\/blogs.lyceecfadumene.fr\/tyanheol\/wp-json\/wp\/v2\/categories?post=2735"},{"taxonomy":"post_tag","embeddable":true,"href":"https:\/\/blogs.lyceecfadumene.fr\/tyanheol\/wp-json\/wp\/v2\/tags?post=2735"}],"curies":[{"name":"wp","href":"https:\/\/api.w.org\/{rel}","templated":true}]}}