{"id":2675,"date":"2020-06-30T12:00:43","date_gmt":"2020-06-30T10:00:43","guid":{"rendered":"https:\/\/blogs.lyceecfadumene.fr\/tyanheol\/?p=2675"},"modified":"2022-04-03T17:58:21","modified_gmt":"2022-04-03T15:58:21","slug":"pour-bien-preparer-la-rentree-passez-de-bonnes-vacances","status":"publish","type":"post","link":"https:\/\/blogs.lyceecfadumene.fr\/tyanheol\/2020\/06\/30\/pour-bien-preparer-la-rentree-passez-de-bonnes-vacances\/","title":{"rendered":"Pour bien pr\u00e9parer la rentr\u00e9e, passez de bonnes vacances\u00a0!"},"content":{"rendered":"<blockquote>\n<p align=\"left\"><span style=\"font-family: Comic Sans MS, cursive\"><span style=\"font-size: medium\"><b>Pour bien pr\u00e9parer la rentr\u00e9e, passez de bonnes vacances&nbsp;! Tous \u00e0 vos smartphones&nbsp;!<\/b><\/span><\/span><\/p>\n<p align=\"center\"><span style=\"font-family: Comic Sans MS, cursive\"><span style=\"font-size: xx-large\"><b>Festival du Men\u00e9<\/b><\/span><\/span><\/p>\n<p align=\"center\"><span style=\"font-family: Comic Sans MS, cursive\"><span style=\"font-size: xx-large\"><b>du Film Ultra Court<\/b><\/span><\/span><\/p>\n<p align=\"center\"><span style=\"font-family: Comic Sans MS, cursive\"><span style=\"font-size: small\"><b>3 minutes maxi par vid\u00e9o<\/b><\/span><\/span><\/p>\n<p align=\"justify\"><span style=\"font-family: Comic Sans MS, cursive\"><span style=\"font-size: small\">Chaque classe est invit\u00e9e \u00e0 r\u00e9aliser, d\u00e8s \u00e0 pr\u00e9sent et avant la date-butoir du 1<sup>er<\/sup> d\u00e9cembre de chaque ann\u00e9e, un ou plusieurs <b>clips vid\u00e9os r\u00e9alis\u00e9s avec un smartphone <\/b><b>n\u2019exc\u00e9dant pas trois minutes, g\u00e9n\u00e9rique compris<\/b>, avec en jeu une r\u00e9compense pour la classe afin d\u2019aider \u00e0 financer son voyage d\u2019\u00e9tude.<\/span><\/span><\/p>\n<p align=\"justify\"><span style=\"font-family: Comic Sans MS, cursive\"><span style=\"font-size: small\">Tous les adultes de la communaut\u00e9 \u00e9ducative sont les bienvenus pour participer au Concours, dans une cat\u00e9gorie sp\u00e9cifique.<\/span><\/span><\/p>\n<p align=\"justify\"><span style=\"font-family: Comic Sans MS, cursive\"><span style=\"font-size: small\"><b>Le principe est simple&nbsp;: <\/b><\/span><\/span><\/p>\n<p align=\"justify\"><span style=\"font-family: Comic Sans MS, cursive\"><span style=\"font-size: small\"><b>Chaque ann\u00e9e, un th\u00e8me impos\u00e9<\/b>, tout le reste est compl\u00e8tement libre (sc\u00e9nario, reportage, documentaire, fiction, parodie de film, de clip ou de chanson\u2026).<\/span><\/span><\/p>\n<p align=\"justify\"><span style=\"font-family: Comic Sans MS, cursive\"><span style=\"font-size: small\"><b>4 mots (diff\u00e9rents chaque ann\u00e9e) qui servent d\u2019inspiration pour le sc\u00e9nario et qui doivent appara\u00eetre dans le film (en image, dans le titre ou dans les dialogues).<\/b><\/span><\/span><\/p>\n<p align=\"justify\"><span style=\"font-family: Comic Sans MS, cursive\"><span style=\"font-size: large\"><b>La 1\u00e8re \u00e9dition sera une sp\u00e9ciale<\/b><\/span><\/span><\/p>\n<p align=\"justify\"><span style=\"font-family: Comic Sans MS, cursive\"><span style=\"font-size: large\"><b>sur le th\u00e8me du confinement :<\/b><\/span><\/span><\/p>\n<p align=\"justify\"><span style=\"font-family: Comic Sans MS, cursive\"><span style=\"font-size: x-large\"> <b>M<\/b>aison<\/span><\/span><\/p>\n<p align=\"justify\"><span style=\"font-family: Comic Sans MS, cursive\"><span style=\"font-size: x-large\"> <b>E<\/b>nfermement<\/span><\/span><\/p>\n<p align=\"justify\"><span style=\"font-family: Comic Sans MS, cursive\"><span style=\"font-size: x-large\"> <b>N<\/b>ul<\/span><\/span><\/p>\n<p align=\"justify\"><span style=\"font-family: Comic Sans MS, cursive\"><span style=\"font-size: x-large\"> <b>\u00c9<\/b>pid\u00e9mie<\/span><\/span><\/p>\n<p align=\"justify\"><span style=\"font-family: Comic Sans MS, cursive\"><span style=\"font-size: small\">Un jury visionnera toutes les vid\u00e9os remises en temps et en heure sur cl\u00e9 USB au format mp4 \u00e0 Monsieur CASIMIR, ESC, et s\u00e9lectionnera les meilleures pour les classer par cat\u00e9gories&nbsp;:<\/span><\/span><\/p>\n<p align=\"center\"><span style=\"font-family: Comic Sans MS, cursive\"><span style=\"font-size: small\"><b>Prix Sp\u00e9cial humour &#8211; Prix <\/b><b>Sp\u00e9cial originalit\u00e9<\/b><b> &#8211; Prix sp\u00e9cial pour le Personnel &#8211;<\/b><\/span><\/span><\/p>\n<p align=\"center\"><span style=\"font-family: Comic Sans MS, cursive\"><span style=\"font-size: small\"><b>Prix du meilleur sc\u00e9nario &#8211; Prix des meilleurs effets sp\u00e9ciaux &#8211;<\/b><\/span><\/span><\/p>\n<p align=\"center\"><span style=\"font-family: Comic Sans MS, cursive\"><span style=\"font-size: small\"><b>Prix du meilleur montage et de la meilleure r\u00e9al<\/b><b>isation \u2013 <\/b><b>Prix de la meilleur bande son \u2013<\/b><\/span><\/span><\/p>\n<p align=\"center\"><span style=\"font-family: Comic Sans MS, cursive\"><span style=\"font-size: small\"><b>Prix du meilleur acteur \u2013 etc. (\u00e0 d\u00e9finir)<\/b><\/span><\/span><\/p>\n<p align=\"justify\"><span style=\"font-family: Comic Sans MS, cursive\"><span style=\"font-size: small\">Le jury sera compos\u00e9 de l\u2019ESC, de responsables de l\u2019ALESA, de la Vie Scolaire et de la Direction, ainsi que de l\u2019infirmi\u00e8re, pour visionner et effectuer la <b>pr\u00e9-s\u00e9lection <\/b>dans le respect des droits d\u2019auteur, du droit \u00e0 l\u2019image, des r\u00e8gles de bienveillance et du respect d\u2019autrui, dans un esprit d\u2019\u00e9ducation \u00e0 la citoyennet\u00e9 mais <span style=\"font-size: large\"><b>teint\u00e9 d\u2019humour et de second degr\u00e9<\/b><\/span>.<\/span><\/span><\/p>\n<p align=\"justify\"><span style=\"font-family: Comic Sans MS, cursive\"><span style=\"font-size: small\">Monsieur CASIMIR se mettra au service des \u00e9l\u00e8ves volontaires pour l\u2019assistance technique (trouver des id\u00e9es, les mettre en forme, \u00e9crire un sc\u00e9nario, le mettre en images, cr\u00e9er des d\u00e9cors, filmer, faire le montage, d\u00e9couvrir des applis simples et gratuites pour smartphone, comme Stop-Motion Studio, Animatic ou Flipaclic\u2026), <b>sous la forme d\u2019un club vid\u00e9o, dessin anim\u00e9, stop-motion, etc<\/b>.<\/span><\/span><\/p>\n<p align=\"justify\"><span style=\"font-family: Comic Sans MS, cursive\"><span style=\"font-size: small\"><b>Le traditionnel Spectacle de No\u00ebl pourra ainsi \u00eatre l\u2019occasion de r\u00e9unir tout le monde pour le visionnage des meilleurs vid\u00e9os prim\u00e9es et pour une c\u00e9r\u00e9monie de remise de prix, \u00e0 la fa\u00e7on d&rsquo;une parodie du Festival de Cannes, qui pourra \u00eatre organis\u00e9e par des \u00e9l\u00e8ves volontaires \u00e0 la Salle des F\u00eates de Merdrignac !<\/b><\/span><\/span><\/p>\n<p align=\"right\"><span style=\"font-family: Comic Sans MS, cursive\"><span style=\"font-size: small\"><b>Laurent CASIMIR<\/b><\/span><\/span><\/p>\n<\/blockquote>\n","protected":false},"excerpt":{"rendered":"<p>Pour bien pr\u00e9parer la rentr\u00e9e, passez de bonnes vacances&nbsp;! Tous \u00e0 vos smartphones&nbsp;! Festival du Men\u00e9 du Film Ultra Court 3 minutes maxi par vid\u00e9o Chaque classe est invit\u00e9e \u00e0 r\u00e9aliser, d\u00e8s \u00e0 pr\u00e9sent et avant la date-butoir du 1er d\u00e9cembre de chaque ann\u00e9e, un ou plusieurs clips vid\u00e9os r\u00e9alis\u00e9s avec un smartphone n\u2019exc\u00e9dant pas &hellip; <a href=\"https:\/\/blogs.lyceecfadumene.fr\/tyanheol\/2020\/06\/30\/pour-bien-preparer-la-rentree-passez-de-bonnes-vacances\/\" class=\"more-link\">Continuer la lecture de <span class=\"screen-reader-text\">Pour bien pr\u00e9parer la rentr\u00e9e, passez de bonnes vacances\u00a0!<\/span> <span class=\"meta-nav\">&rarr;<\/span><\/a><\/p>\n","protected":false},"author":97,"featured_media":0,"comment_status":"open","ping_status":"open","sticky":false,"template":"","format":"standard","meta":{"_jetpack_memberships_contains_paid_content":false,"footnotes":"","jetpack_publicize_message":"","jetpack_publicize_feature_enabled":true,"jetpack_social_post_already_shared":true,"jetpack_social_options":{"image_generator_settings":{"template":"highway","default_image_id":0,"font":"","enabled":false},"version":2}},"categories":[27366,25419,9176,25439,1,29437,9177,29432,314],"tags":[9190,25462,25464,25428,8236,4,9197,6,11710,43,3643],"class_list":["post-2675","post","type-post","status-publish","format-standard","hentry","category-alesa-ty-an-heol","category-atelier-photo","category-cinema","category-education-socioculturelle","category-non-classe","category-soiree2","category-sorties","category-video2","category-videos","tag-activites","tag-cinema","tag-education-socioculturelle","tag-fete-de-noel","tag-foyer","tag-lycee","tag-mercredi","tag-merdrignac","tag-noel","tag-soiree-de-noel","tag-ty-an-heol"],"aioseo_notices":[],"jetpack_publicize_connections":[],"jetpack_featured_media_url":"","jetpack_shortlink":"https:\/\/wp.me\/p1SrOO-H9","jetpack_sharing_enabled":true,"_links":{"self":[{"href":"https:\/\/blogs.lyceecfadumene.fr\/tyanheol\/wp-json\/wp\/v2\/posts\/2675","targetHints":{"allow":["GET"]}}],"collection":[{"href":"https:\/\/blogs.lyceecfadumene.fr\/tyanheol\/wp-json\/wp\/v2\/posts"}],"about":[{"href":"https:\/\/blogs.lyceecfadumene.fr\/tyanheol\/wp-json\/wp\/v2\/types\/post"}],"author":[{"embeddable":true,"href":"https:\/\/blogs.lyceecfadumene.fr\/tyanheol\/wp-json\/wp\/v2\/users\/97"}],"replies":[{"embeddable":true,"href":"https:\/\/blogs.lyceecfadumene.fr\/tyanheol\/wp-json\/wp\/v2\/comments?post=2675"}],"version-history":[{"count":4,"href":"https:\/\/blogs.lyceecfadumene.fr\/tyanheol\/wp-json\/wp\/v2\/posts\/2675\/revisions"}],"predecessor-version":[{"id":2679,"href":"https:\/\/blogs.lyceecfadumene.fr\/tyanheol\/wp-json\/wp\/v2\/posts\/2675\/revisions\/2679"}],"wp:attachment":[{"href":"https:\/\/blogs.lyceecfadumene.fr\/tyanheol\/wp-json\/wp\/v2\/media?parent=2675"}],"wp:term":[{"taxonomy":"category","embeddable":true,"href":"https:\/\/blogs.lyceecfadumene.fr\/tyanheol\/wp-json\/wp\/v2\/categories?post=2675"},{"taxonomy":"post_tag","embeddable":true,"href":"https:\/\/blogs.lyceecfadumene.fr\/tyanheol\/wp-json\/wp\/v2\/tags?post=2675"}],"curies":[{"name":"wp","href":"https:\/\/api.w.org\/{rel}","templated":true}]}}