{"id":2671,"date":"2020-06-23T09:34:53","date_gmt":"2020-06-23T07:34:53","guid":{"rendered":"https:\/\/blogs.lyceecfadumene.fr\/tyanheol\/?p=2671"},"modified":"2022-04-03T17:58:21","modified_gmt":"2022-04-03T15:58:21","slug":"parce-que-la-vie-continue","status":"publish","type":"post","link":"https:\/\/blogs.lyceecfadumene.fr\/tyanheol\/2020\/06\/23\/parce-que-la-vie-continue\/","title":{"rendered":"Parce que la vie continue !"},"content":{"rendered":"<p>La vie au Lyc\u00e9e a \u00e9t\u00e9 boulevers\u00e9e par le contexte actuel mais la vie continue ! Alors, rem\u00e9morons-nous les bons moments et pensons \u00e0 tous ceux \u00e0 venir, parce que le Lyc\u00e9e, c&rsquo;est aussi \u00e7a !<\/p>\n<p><span class=\"embed-youtube\" style=\"text-align:center; display: block;\"><iframe loading=\"lazy\" class=\"youtube-player\" width=\"604\" height=\"340\" src=\"https:\/\/www.youtube.com\/embed\/BpB78i9jfys?version=3&#038;rel=1&#038;showsearch=0&#038;showinfo=1&#038;iv_load_policy=1&#038;fs=1&#038;hl=fr-FR&#038;autohide=2&#038;wmode=transparent\" allowfullscreen=\"true\" style=\"border:0;\" sandbox=\"allow-scripts allow-same-origin allow-popups allow-presentation allow-popups-to-escape-sandbox\"><\/iframe><\/span><\/p>\n","protected":false},"excerpt":{"rendered":"<p>La vie au Lyc\u00e9e a \u00e9t\u00e9 boulevers\u00e9e par le contexte actuel mais la vie continue ! Alors, rem\u00e9morons-nous les bons moments et pensons \u00e0 tous ceux \u00e0 venir, parce que le Lyc\u00e9e, c&rsquo;est aussi \u00e7a !<\/p>\n","protected":false},"author":97,"featured_media":0,"comment_status":"open","ping_status":"open","sticky":false,"template":"","format":"standard","meta":{"_jetpack_memberships_contains_paid_content":false,"footnotes":"","jetpack_publicize_message":"","jetpack_publicize_feature_enabled":true,"jetpack_social_post_already_shared":true,"jetpack_social_options":{"image_generator_settings":{"template":"highway","default_image_id":0,"font":"","enabled":false},"version":2}},"categories":[27366,25419,9176,25439,1,29437,9177,5680,29432,314],"tags":[9190,9183,25462,25464,25428,8236,4,9197,6,9187,43,3645,25463,25461,9182,3643,15126],"class_list":["post-2671","post","type-post","status-publish","format-standard","hentry","category-alesa-ty-an-heol","category-atelier-photo","category-cinema","category-education-socioculturelle","category-non-classe","category-soiree2","category-sorties","category-theatre","category-video2","category-videos","tag-activites","tag-base-de-loisirs","tag-cinema","tag-education-socioculturelle","tag-fete-de-noel","tag-foyer","tag-lycee","tag-mercredi","tag-merdrignac","tag-patinoire","tag-soiree-de-noel","tag-sortie","tag-sorties","tag-theatre","tag-tremelin","tag-ty-an-heol","tag-zoo"],"aioseo_notices":[],"jetpack_publicize_connections":[],"jetpack_featured_media_url":"","jetpack_shortlink":"https:\/\/wp.me\/p1SrOO-H5","jetpack_sharing_enabled":true,"_links":{"self":[{"href":"https:\/\/blogs.lyceecfadumene.fr\/tyanheol\/wp-json\/wp\/v2\/posts\/2671","targetHints":{"allow":["GET"]}}],"collection":[{"href":"https:\/\/blogs.lyceecfadumene.fr\/tyanheol\/wp-json\/wp\/v2\/posts"}],"about":[{"href":"https:\/\/blogs.lyceecfadumene.fr\/tyanheol\/wp-json\/wp\/v2\/types\/post"}],"author":[{"embeddable":true,"href":"https:\/\/blogs.lyceecfadumene.fr\/tyanheol\/wp-json\/wp\/v2\/users\/97"}],"replies":[{"embeddable":true,"href":"https:\/\/blogs.lyceecfadumene.fr\/tyanheol\/wp-json\/wp\/v2\/comments?post=2671"}],"version-history":[{"count":2,"href":"https:\/\/blogs.lyceecfadumene.fr\/tyanheol\/wp-json\/wp\/v2\/posts\/2671\/revisions"}],"predecessor-version":[{"id":2673,"href":"https:\/\/blogs.lyceecfadumene.fr\/tyanheol\/wp-json\/wp\/v2\/posts\/2671\/revisions\/2673"}],"wp:attachment":[{"href":"https:\/\/blogs.lyceecfadumene.fr\/tyanheol\/wp-json\/wp\/v2\/media?parent=2671"}],"wp:term":[{"taxonomy":"category","embeddable":true,"href":"https:\/\/blogs.lyceecfadumene.fr\/tyanheol\/wp-json\/wp\/v2\/categories?post=2671"},{"taxonomy":"post_tag","embeddable":true,"href":"https:\/\/blogs.lyceecfadumene.fr\/tyanheol\/wp-json\/wp\/v2\/tags?post=2671"}],"curies":[{"name":"wp","href":"https:\/\/api.w.org\/{rel}","templated":true}]}}