{"id":2632,"date":"2020-01-24T13:09:09","date_gmt":"2020-01-24T11:09:09","guid":{"rendered":"https:\/\/blogs.lyceecfadumene.fr\/tyanheol\/?p=2632"},"modified":"2022-04-03T17:58:53","modified_gmt":"2022-04-03T15:58:53","slug":"bonjour-a-toutes-et-a-tous-nous-sommes-heureux-de-vous-ouvrir-les-portes-de-notre-lycee","status":"publish","type":"post","link":"https:\/\/blogs.lyceecfadumene.fr\/tyanheol\/2020\/01\/24\/bonjour-a-toutes-et-a-tous-nous-sommes-heureux-de-vous-ouvrir-les-portes-de-notre-lycee\/","title":{"rendered":"Portes ouvertes de l&rsquo;\u00e9tablissement"},"content":{"rendered":"<h3>\u00c0 travers cet audio nous vous pr\u00e9sentons le d\u00e9roulement des prochaines portes ouvertes au lyc\u00e9e du Men\u00e9.<\/h3>\n<p>Bonjour \u00e0 toutes et \u00e0 tous, nous sommes heureux de vous ouvrir les portes de notre lyc\u00e9e ! Vous trouverez toutes les informations n\u00e9cessaires dans cette annonce.<\/p>\n<p><a href=\"https:\/\/i0.wp.com\/blogs.lyceecfadumene.fr\/tyanheol\/files\/2020\/01\/illustration.jpg?ssl=1\"><img data-recalc-dims=\"1\" loading=\"lazy\" decoding=\"async\" data-attachment-id=\"2633\" data-permalink=\"https:\/\/blogs.lyceecfadumene.fr\/tyanheol\/2020\/01\/24\/bonjour-a-toutes-et-a-tous-nous-sommes-heureux-de-vous-ouvrir-les-portes-de-notre-lycee\/illustration\/\" data-orig-file=\"https:\/\/i0.wp.com\/blogs.lyceecfadumene.fr\/tyanheol\/files\/2020\/01\/illustration.jpg?fit=600%2C399&amp;ssl=1\" data-orig-size=\"600,399\" data-comments-opened=\"1\" data-image-meta=\"{&quot;aperture&quot;:&quot;0&quot;,&quot;credit&quot;:&quot;&quot;,&quot;camera&quot;:&quot;&quot;,&quot;caption&quot;:&quot;&quot;,&quot;created_timestamp&quot;:&quot;0&quot;,&quot;copyright&quot;:&quot;&quot;,&quot;focal_length&quot;:&quot;0&quot;,&quot;iso&quot;:&quot;0&quot;,&quot;shutter_speed&quot;:&quot;0&quot;,&quot;title&quot;:&quot;&quot;,&quot;orientation&quot;:&quot;0&quot;}\" data-image-title=\"illustration\" data-image-description=\"\" data-image-caption=\"\" data-large-file=\"https:\/\/i0.wp.com\/blogs.lyceecfadumene.fr\/tyanheol\/files\/2020\/01\/illustration.jpg?fit=600%2C399&amp;ssl=1\" class=\"aligncenter wp-image-2633\" src=\"https:\/\/i0.wp.com\/blogs.lyceecfadumene.fr\/tyanheol\/files\/2020\/01\/illustration.jpg?resize=400%2C266&#038;ssl=1\" alt=\"\" width=\"400\" height=\"266\" srcset=\"https:\/\/i0.wp.com\/blogs.lyceecfadumene.fr\/tyanheol\/files\/2020\/01\/illustration.jpg?w=600&amp;ssl=1 600w, https:\/\/i0.wp.com\/blogs.lyceecfadumene.fr\/tyanheol\/files\/2020\/01\/illustration.jpg?resize=300%2C200&amp;ssl=1 300w\" sizes=\"auto, (max-width: 400px) 100vw, 400px\" \/><\/a><\/p>\n<audio class=\"wp-audio-shortcode\" id=\"audio-2632-1\" preload=\"none\" style=\"width: 100%;\" controls=\"controls\"><source type=\"audio\/mpeg\" src=\"https:\/\/blogs.lyceecfadumene.fr\/tyanheol\/files\/2020\/01\/Portes-ouvertes-2020.mp3?_=1\" \/><a href=\"https:\/\/blogs.lyceecfadumene.fr\/tyanheol\/files\/2020\/01\/Portes-ouvertes-2020.mp3\">https:\/\/blogs.lyceecfadumene.fr\/tyanheol\/files\/2020\/01\/Portes-ouvertes-2020.mp3<\/a><\/audio>\n<p>Venez nombreux !<\/p>\n","protected":false},"excerpt":{"rendered":"<p>\u00c0 travers cet audio nous vous pr\u00e9sentons le d\u00e9roulement des prochaines portes ouvertes au lyc\u00e9e du Men\u00e9. Bonjour \u00e0 toutes et \u00e0 tous, nous sommes heureux de vous ouvrir les portes de notre lyc\u00e9e ! Vous trouverez toutes les informations n\u00e9cessaires dans cette annonce. Venez nombreux !<\/p>\n","protected":false},"author":43,"featured_media":0,"comment_status":"open","ping_status":"open","sticky":false,"template":"","format":"standard","meta":{"_jetpack_memberships_contains_paid_content":false,"footnotes":"","jetpack_publicize_message":"","jetpack_publicize_feature_enabled":true,"jetpack_social_post_already_shared":true,"jetpack_social_options":{"image_generator_settings":{"template":"highway","default_image_id":0,"font":"","enabled":false},"version":2}},"categories":[29435],"tags":[5668],"class_list":["post-2632","post","type-post","status-publish","format-standard","hentry","category-radio2","tag-jpo"],"aioseo_notices":[],"jetpack_publicize_connections":[],"jetpack_featured_media_url":"","jetpack_shortlink":"https:\/\/wp.me\/p1SrOO-Gs","jetpack_sharing_enabled":true,"_links":{"self":[{"href":"https:\/\/blogs.lyceecfadumene.fr\/tyanheol\/wp-json\/wp\/v2\/posts\/2632","targetHints":{"allow":["GET"]}}],"collection":[{"href":"https:\/\/blogs.lyceecfadumene.fr\/tyanheol\/wp-json\/wp\/v2\/posts"}],"about":[{"href":"https:\/\/blogs.lyceecfadumene.fr\/tyanheol\/wp-json\/wp\/v2\/types\/post"}],"author":[{"embeddable":true,"href":"https:\/\/blogs.lyceecfadumene.fr\/tyanheol\/wp-json\/wp\/v2\/users\/43"}],"replies":[{"embeddable":true,"href":"https:\/\/blogs.lyceecfadumene.fr\/tyanheol\/wp-json\/wp\/v2\/comments?post=2632"}],"version-history":[{"count":4,"href":"https:\/\/blogs.lyceecfadumene.fr\/tyanheol\/wp-json\/wp\/v2\/posts\/2632\/revisions"}],"predecessor-version":[{"id":2649,"href":"https:\/\/blogs.lyceecfadumene.fr\/tyanheol\/wp-json\/wp\/v2\/posts\/2632\/revisions\/2649"}],"wp:attachment":[{"href":"https:\/\/blogs.lyceecfadumene.fr\/tyanheol\/wp-json\/wp\/v2\/media?parent=2632"}],"wp:term":[{"taxonomy":"category","embeddable":true,"href":"https:\/\/blogs.lyceecfadumene.fr\/tyanheol\/wp-json\/wp\/v2\/categories?post=2632"},{"taxonomy":"post_tag","embeddable":true,"href":"https:\/\/blogs.lyceecfadumene.fr\/tyanheol\/wp-json\/wp\/v2\/tags?post=2632"}],"curies":[{"name":"wp","href":"https:\/\/api.w.org\/{rel}","templated":true}]}}