{"id":2623,"date":"2020-01-24T13:02:06","date_gmt":"2020-01-24T11:02:06","guid":{"rendered":"https:\/\/blogs.lyceecfadumene.fr\/tyanheol\/?p=2623"},"modified":"2020-01-24T14:57:47","modified_gmt":"2020-01-24T12:57:47","slug":"lauteur-david-lopez-rencontre-les-etudiants","status":"publish","type":"post","link":"https:\/\/blogs.lyceecfadumene.fr\/tyanheol\/2020\/01\/24\/lauteur-david-lopez-rencontre-les-etudiants\/","title":{"rendered":"L\u2019auteur David Lopez rencontre les \u00e9tudiants !"},"content":{"rendered":"<p>Le vendredi 17 janvier 2020 dans l\u2019apr\u00e8s-midi, l\u2019auteur du livre \u00ab&nbsp;<a href=\"https:\/\/books.google.fr\/books\/about\/Fief.html?id=TsQpDwAAQBAJ&amp;printsec=frontcover&amp;source=kp_read_button&amp;redir_esc=y#v=onepage&amp;q&amp;f=false\">Fief<\/a>&nbsp;\u00bb, David Lopez, est venu rencontrer les \u00e9tudiants de plusieurs classes, lors d\u2019une interview.<\/p>\n<p><a href=\"https:\/\/i0.wp.com\/blogs.lyceecfadumene.fr\/tyanheol\/files\/2020\/01\/IMG_5746-scaled.jpg?ssl=1\"><img data-recalc-dims=\"1\" loading=\"lazy\" decoding=\"async\" data-attachment-id=\"2629\" data-permalink=\"https:\/\/blogs.lyceecfadumene.fr\/tyanheol\/2020\/01\/24\/lauteur-david-lopez-rencontre-les-etudiants\/img_5746\/\" data-orig-file=\"https:\/\/i0.wp.com\/blogs.lyceecfadumene.fr\/tyanheol\/files\/2020\/01\/IMG_5746-scaled.jpg?fit=2560%2C1707&amp;ssl=1\" data-orig-size=\"2560,1707\" data-comments-opened=\"1\" data-image-meta=\"{&quot;aperture&quot;:&quot;5.6&quot;,&quot;credit&quot;:&quot;&quot;,&quot;camera&quot;:&quot;Canon EOS 600D&quot;,&quot;caption&quot;:&quot;&quot;,&quot;created_timestamp&quot;:&quot;1579275921&quot;,&quot;copyright&quot;:&quot;&quot;,&quot;focal_length&quot;:&quot;55&quot;,&quot;iso&quot;:&quot;2500&quot;,&quot;shutter_speed&quot;:&quot;0.0125&quot;,&quot;title&quot;:&quot;&quot;,&quot;orientation&quot;:&quot;1&quot;}\" data-image-title=\"IMG_5746\" data-image-description=\"\" data-image-caption=\"\" data-large-file=\"https:\/\/i0.wp.com\/blogs.lyceecfadumene.fr\/tyanheol\/files\/2020\/01\/IMG_5746-scaled.jpg?fit=604%2C403&amp;ssl=1\" class=\"aligncenter wp-image-2629 size-large\" style=\"border: 1px solid #000000;\" src=\"https:\/\/i0.wp.com\/blogs.lyceecfadumene.fr\/tyanheol\/files\/2020\/01\/IMG_5746-1024x683.jpg?resize=604%2C403&#038;ssl=1\" alt=\"\" width=\"604\" height=\"403\" srcset=\"https:\/\/i0.wp.com\/blogs.lyceecfadumene.fr\/tyanheol\/files\/2020\/01\/IMG_5746-scaled.jpg?resize=1024%2C683&amp;ssl=1 1024w, https:\/\/i0.wp.com\/blogs.lyceecfadumene.fr\/tyanheol\/files\/2020\/01\/IMG_5746-scaled.jpg?resize=300%2C200&amp;ssl=1 300w, https:\/\/i0.wp.com\/blogs.lyceecfadumene.fr\/tyanheol\/files\/2020\/01\/IMG_5746-scaled.jpg?resize=768%2C512&amp;ssl=1 768w, https:\/\/i0.wp.com\/blogs.lyceecfadumene.fr\/tyanheol\/files\/2020\/01\/IMG_5746-scaled.jpg?resize=1536%2C1024&amp;ssl=1 1536w, https:\/\/i0.wp.com\/blogs.lyceecfadumene.fr\/tyanheol\/files\/2020\/01\/IMG_5746-scaled.jpg?resize=2048%2C1365&amp;ssl=1 2048w, https:\/\/i0.wp.com\/blogs.lyceecfadumene.fr\/tyanheol\/files\/2020\/01\/IMG_5746-scaled.jpg?w=1208 1208w, https:\/\/i0.wp.com\/blogs.lyceecfadumene.fr\/tyanheol\/files\/2020\/01\/IMG_5746-scaled.jpg?w=1812 1812w\" sizes=\"auto, (max-width: 604px) 100vw, 604px\" \/><\/a><\/p>\n<p>Publi\u00e9 il y a 2 ans, son livre a re\u00e7u <a href=\"https:\/\/www.franceinter.fr\/culture\/le-prix-du-livre-inter-2018\">le prix Livre inter en 2018<\/a>.<\/p>\n<p>Pendant 2h les \u00e9tudiants ont d\u00e9battu avec lui autour du livre et de sa cr\u00e9ation. Les r\u00e9ponses de M. Lopez ont permis aux jeunes de les \u00e9clairer sur l&rsquo;objet de leur th\u00e8me : l\u2019innovation et la cr\u00e9ativit\u00e9.&nbsp; Sa fa\u00e7on de penser et de s\u2019exprimer a mis \u00e0 l\u2019aise les nombreux jeunes pr\u00e9sents. Ils se sont reconnus dans ses aventures de jeunesse.<\/p>\n<p>Beaucoup furent convaincus par son intervention et ont pris le temps de poser d\u2019autres questions \u00e0 la fin de l\u2019interview.<\/p>\n<p><a href=\"https:\/\/i0.wp.com\/blogs.lyceecfadumene.fr\/tyanheol\/files\/2020\/01\/IMG_5756-scaled.jpg?ssl=1\"><img data-recalc-dims=\"1\" loading=\"lazy\" decoding=\"async\" data-attachment-id=\"2630\" data-permalink=\"https:\/\/blogs.lyceecfadumene.fr\/tyanheol\/2020\/01\/24\/lauteur-david-lopez-rencontre-les-etudiants\/img_5756\/\" data-orig-file=\"https:\/\/i0.wp.com\/blogs.lyceecfadumene.fr\/tyanheol\/files\/2020\/01\/IMG_5756-scaled.jpg?fit=2560%2C1707&amp;ssl=1\" data-orig-size=\"2560,1707\" data-comments-opened=\"1\" data-image-meta=\"{&quot;aperture&quot;:&quot;4&quot;,&quot;credit&quot;:&quot;&quot;,&quot;camera&quot;:&quot;Canon EOS 600D&quot;,&quot;caption&quot;:&quot;&quot;,&quot;created_timestamp&quot;:&quot;1579278887&quot;,&quot;copyright&quot;:&quot;&quot;,&quot;focal_length&quot;:&quot;25&quot;,&quot;iso&quot;:&quot;400&quot;,&quot;shutter_speed&quot;:&quot;0.033333333333333&quot;,&quot;title&quot;:&quot;&quot;,&quot;orientation&quot;:&quot;1&quot;}\" data-image-title=\"IMG_5756\" data-image-description=\"\" data-image-caption=\"\" data-large-file=\"https:\/\/i0.wp.com\/blogs.lyceecfadumene.fr\/tyanheol\/files\/2020\/01\/IMG_5756-scaled.jpg?fit=604%2C403&amp;ssl=1\" class=\"aligncenter wp-image-2630 size-large\" style=\"border: 1px solid #000000;\" src=\"https:\/\/i0.wp.com\/blogs.lyceecfadumene.fr\/tyanheol\/files\/2020\/01\/IMG_5756-1024x683.jpg?resize=604%2C403&#038;ssl=1\" alt=\"\" width=\"604\" height=\"403\" srcset=\"https:\/\/i0.wp.com\/blogs.lyceecfadumene.fr\/tyanheol\/files\/2020\/01\/IMG_5756-scaled.jpg?resize=1024%2C683&amp;ssl=1 1024w, https:\/\/i0.wp.com\/blogs.lyceecfadumene.fr\/tyanheol\/files\/2020\/01\/IMG_5756-scaled.jpg?resize=300%2C200&amp;ssl=1 300w, https:\/\/i0.wp.com\/blogs.lyceecfadumene.fr\/tyanheol\/files\/2020\/01\/IMG_5756-scaled.jpg?resize=768%2C512&amp;ssl=1 768w, https:\/\/i0.wp.com\/blogs.lyceecfadumene.fr\/tyanheol\/files\/2020\/01\/IMG_5756-scaled.jpg?resize=1536%2C1024&amp;ssl=1 1536w, https:\/\/i0.wp.com\/blogs.lyceecfadumene.fr\/tyanheol\/files\/2020\/01\/IMG_5756-scaled.jpg?resize=2048%2C1365&amp;ssl=1 2048w, https:\/\/i0.wp.com\/blogs.lyceecfadumene.fr\/tyanheol\/files\/2020\/01\/IMG_5756-scaled.jpg?w=1208 1208w, https:\/\/i0.wp.com\/blogs.lyceecfadumene.fr\/tyanheol\/files\/2020\/01\/IMG_5756-scaled.jpg?w=1812 1812w\" sizes=\"auto, (max-width: 604px) 100vw, 604px\" \/><\/a><\/p>\n<p>Les \u00e9tudiants.<\/p>\n","protected":false},"excerpt":{"rendered":"<p>Le vendredi 17 janvier 2020 dans l\u2019apr\u00e8s-midi, l\u2019auteur du livre \u00ab&nbsp;Fief&nbsp;\u00bb, David Lopez, est venu rencontrer les \u00e9tudiants de plusieurs classes, lors d\u2019une interview. Publi\u00e9 il y a 2 ans, son livre a re\u00e7u le prix Livre inter en 2018. Pendant 2h les \u00e9tudiants ont d\u00e9battu avec lui autour du livre et de sa cr\u00e9ation. &hellip; <a href=\"https:\/\/blogs.lyceecfadumene.fr\/tyanheol\/2020\/01\/24\/lauteur-david-lopez-rencontre-les-etudiants\/\" class=\"more-link\">Continuer la lecture de <span class=\"screen-reader-text\">L\u2019auteur David Lopez rencontre les \u00e9tudiants !<\/span> <span class=\"meta-nav\">&rarr;<\/span><\/a><\/p>\n","protected":false},"author":43,"featured_media":0,"comment_status":"open","ping_status":"open","sticky":false,"template":"","format":"standard","meta":{"_jetpack_memberships_contains_paid_content":false,"footnotes":"","jetpack_publicize_message":"","jetpack_publicize_feature_enabled":true,"jetpack_social_post_already_shared":true,"jetpack_social_options":{"image_generator_settings":{"template":"highway","default_image_id":0,"font":"","enabled":false},"version":2}},"categories":[1],"tags":[27912,13111],"class_list":["post-2623","post","type-post","status-publish","format-standard","hentry","category-non-classe","tag-david-lopez","tag-rencontre"],"aioseo_notices":[],"jetpack_publicize_connections":[],"jetpack_featured_media_url":"","jetpack_shortlink":"https:\/\/wp.me\/p1SrOO-Gj","jetpack_sharing_enabled":true,"_links":{"self":[{"href":"https:\/\/blogs.lyceecfadumene.fr\/tyanheol\/wp-json\/wp\/v2\/posts\/2623","targetHints":{"allow":["GET"]}}],"collection":[{"href":"https:\/\/blogs.lyceecfadumene.fr\/tyanheol\/wp-json\/wp\/v2\/posts"}],"about":[{"href":"https:\/\/blogs.lyceecfadumene.fr\/tyanheol\/wp-json\/wp\/v2\/types\/post"}],"author":[{"embeddable":true,"href":"https:\/\/blogs.lyceecfadumene.fr\/tyanheol\/wp-json\/wp\/v2\/users\/43"}],"replies":[{"embeddable":true,"href":"https:\/\/blogs.lyceecfadumene.fr\/tyanheol\/wp-json\/wp\/v2\/comments?post=2623"}],"version-history":[{"count":5,"href":"https:\/\/blogs.lyceecfadumene.fr\/tyanheol\/wp-json\/wp\/v2\/posts\/2623\/revisions"}],"predecessor-version":[{"id":2647,"href":"https:\/\/blogs.lyceecfadumene.fr\/tyanheol\/wp-json\/wp\/v2\/posts\/2623\/revisions\/2647"}],"wp:attachment":[{"href":"https:\/\/blogs.lyceecfadumene.fr\/tyanheol\/wp-json\/wp\/v2\/media?parent=2623"}],"wp:term":[{"taxonomy":"category","embeddable":true,"href":"https:\/\/blogs.lyceecfadumene.fr\/tyanheol\/wp-json\/wp\/v2\/categories?post=2623"},{"taxonomy":"post_tag","embeddable":true,"href":"https:\/\/blogs.lyceecfadumene.fr\/tyanheol\/wp-json\/wp\/v2\/tags?post=2623"}],"curies":[{"name":"wp","href":"https:\/\/api.w.org\/{rel}","templated":true}]}}