{"id":2610,"date":"2019-12-06T12:44:31","date_gmt":"2019-12-06T10:44:31","guid":{"rendered":"https:\/\/blogs.lyceecfadumene.fr\/tyanheol\/?p=2610"},"modified":"2022-04-03T17:58:53","modified_gmt":"2022-04-03T15:58:53","slug":"breizh-noel-la-soiree-annuelle-du-lycee-du-mene","status":"publish","type":"post","link":"https:\/\/blogs.lyceecfadumene.fr\/tyanheol\/2019\/12\/06\/breizh-noel-la-soiree-annuelle-du-lycee-du-mene\/","title":{"rendered":"Breizh No\u00ebl, la soir\u00e9e annuelle du lyc\u00e9e du Men\u00e9 !"},"content":{"rendered":"<p><a href=\"https:\/\/i0.wp.com\/blogs.lyceecfadumene.fr\/tyanheol\/files\/2019\/12\/Photo-Breizh-No.jpg?ssl=1\"><img data-recalc-dims=\"1\" loading=\"lazy\" decoding=\"async\" data-attachment-id=\"2613\" data-permalink=\"https:\/\/blogs.lyceecfadumene.fr\/tyanheol\/2019\/12\/06\/breizh-noel-la-soiree-annuelle-du-lycee-du-mene\/photo-breizh-no\/\" data-orig-file=\"https:\/\/i0.wp.com\/blogs.lyceecfadumene.fr\/tyanheol\/files\/2019\/12\/Photo-Breizh-No.jpg?fit=640%2C301&amp;ssl=1\" data-orig-size=\"640,301\" data-comments-opened=\"1\" data-image-meta=\"{&quot;aperture&quot;:&quot;0&quot;,&quot;credit&quot;:&quot;&quot;,&quot;camera&quot;:&quot;&quot;,&quot;caption&quot;:&quot;&quot;,&quot;created_timestamp&quot;:&quot;0&quot;,&quot;copyright&quot;:&quot;&quot;,&quot;focal_length&quot;:&quot;0&quot;,&quot;iso&quot;:&quot;0&quot;,&quot;shutter_speed&quot;:&quot;0&quot;,&quot;title&quot;:&quot;&quot;,&quot;orientation&quot;:&quot;0&quot;}\" data-image-title=\"Photo Breizh No\" data-image-description=\"\" data-image-caption=\"\" data-large-file=\"https:\/\/i0.wp.com\/blogs.lyceecfadumene.fr\/tyanheol\/files\/2019\/12\/Photo-Breizh-No.jpg?fit=604%2C284&amp;ssl=1\" class=\"aligncenter size-full wp-image-2613\" src=\"https:\/\/i0.wp.com\/blogs.lyceecfadumene.fr\/tyanheol\/files\/2019\/12\/Photo-Breizh-No.jpg?resize=604%2C284&#038;ssl=1\" alt=\"\" width=\"604\" height=\"284\" srcset=\"https:\/\/i0.wp.com\/blogs.lyceecfadumene.fr\/tyanheol\/files\/2019\/12\/Photo-Breizh-No.jpg?w=640&amp;ssl=1 640w, https:\/\/i0.wp.com\/blogs.lyceecfadumene.fr\/tyanheol\/files\/2019\/12\/Photo-Breizh-No.jpg?resize=300%2C141&amp;ssl=1 300w\" sizes=\"auto, (max-width: 604px) 100vw, 604px\" \/><\/a><br \/>\nBonjour \u00e0 toutes et \u00e0 tous, ici Breizh No\u00ebl !<\/p>\n<p>Aujourd&rsquo;hui nous allons vous parler de la soir\u00e9e de No\u00ebl, organis\u00e9e par les BTS1 TC du lyc\u00e9e du Men\u00e9. Nous \u00e9voquerons ensemble le d\u00e9roulement de la soir\u00e9e et les informations utiles, alors restez jusqu&rsquo;au bout !<br \/>\nBonne \u00e9coute et Joyeux No\u00ebl !<\/p>\n<audio class=\"wp-audio-shortcode\" id=\"audio-2610-1\" preload=\"none\" style=\"width: 100%;\" controls=\"controls\"><source type=\"audio\/mpeg\" src=\"https:\/\/blogs.lyceecfadumene.fr\/tyanheol\/files\/2019\/12\/Breizh-No\u00ebl.mp3?_=1\" \/><a href=\"https:\/\/blogs.lyceecfadumene.fr\/tyanheol\/files\/2019\/12\/Breizh-No\u00ebl.mp3\">https:\/\/blogs.lyceecfadumene.fr\/tyanheol\/files\/2019\/12\/Breizh-No\u00ebl.mp3<\/a><\/audio>\n","protected":false},"excerpt":{"rendered":"<p>Bonjour \u00e0 toutes et \u00e0 tous, ici Breizh No\u00ebl ! Aujourd&rsquo;hui nous allons vous parler de la soir\u00e9e de No\u00ebl, organis\u00e9e par les BTS1 TC du lyc\u00e9e du Men\u00e9. Nous \u00e9voquerons ensemble le d\u00e9roulement de la soir\u00e9e et les informations utiles, alors restez jusqu&rsquo;au bout ! Bonne \u00e9coute et Joyeux No\u00ebl !<\/p>\n","protected":false},"author":43,"featured_media":0,"comment_status":"open","ping_status":"open","sticky":false,"template":"","format":"standard","meta":{"_jetpack_memberships_contains_paid_content":false,"footnotes":"","jetpack_publicize_message":"","jetpack_publicize_feature_enabled":true,"jetpack_social_post_already_shared":true,"jetpack_social_options":{"image_generator_settings":{"template":"highway","default_image_id":0,"font":"","enabled":false},"version":2}},"categories":[1,29435],"tags":[27904,27905,27906,27907,15115],"class_list":["post-2610","post","type-post","status-publish","format-standard","hentry","category-non-classe","category-radio2","tag-breizh-noel","tag-gouter-ameliore","tag-repas","tag-soiree-dansante","tag-spectacle"],"aioseo_notices":[],"jetpack_publicize_connections":[],"jetpack_featured_media_url":"","jetpack_shortlink":"https:\/\/wp.me\/p1SrOO-G6","jetpack_sharing_enabled":true,"_links":{"self":[{"href":"https:\/\/blogs.lyceecfadumene.fr\/tyanheol\/wp-json\/wp\/v2\/posts\/2610","targetHints":{"allow":["GET"]}}],"collection":[{"href":"https:\/\/blogs.lyceecfadumene.fr\/tyanheol\/wp-json\/wp\/v2\/posts"}],"about":[{"href":"https:\/\/blogs.lyceecfadumene.fr\/tyanheol\/wp-json\/wp\/v2\/types\/post"}],"author":[{"embeddable":true,"href":"https:\/\/blogs.lyceecfadumene.fr\/tyanheol\/wp-json\/wp\/v2\/users\/43"}],"replies":[{"embeddable":true,"href":"https:\/\/blogs.lyceecfadumene.fr\/tyanheol\/wp-json\/wp\/v2\/comments?post=2610"}],"version-history":[{"count":6,"href":"https:\/\/blogs.lyceecfadumene.fr\/tyanheol\/wp-json\/wp\/v2\/posts\/2610\/revisions"}],"predecessor-version":[{"id":2643,"href":"https:\/\/blogs.lyceecfadumene.fr\/tyanheol\/wp-json\/wp\/v2\/posts\/2610\/revisions\/2643"}],"wp:attachment":[{"href":"https:\/\/blogs.lyceecfadumene.fr\/tyanheol\/wp-json\/wp\/v2\/media?parent=2610"}],"wp:term":[{"taxonomy":"category","embeddable":true,"href":"https:\/\/blogs.lyceecfadumene.fr\/tyanheol\/wp-json\/wp\/v2\/categories?post=2610"},{"taxonomy":"post_tag","embeddable":true,"href":"https:\/\/blogs.lyceecfadumene.fr\/tyanheol\/wp-json\/wp\/v2\/tags?post=2610"}],"curies":[{"name":"wp","href":"https:\/\/api.w.org\/{rel}","templated":true}]}}