{"id":2575,"date":"2019-10-11T01:22:09","date_gmt":"2019-10-10T23:22:09","guid":{"rendered":"https:\/\/blogs.lyceecfadumene.fr\/tyanheol\/?p=2575"},"modified":"2022-04-03T17:55:05","modified_gmt":"2022-04-03T15:55:05","slug":"le-lycee-du-mene-au-festival-maintenant-des-arts-numeriques-a-rennes","status":"publish","type":"post","link":"https:\/\/blogs.lyceecfadumene.fr\/tyanheol\/2019\/10\/11\/le-lycee-du-mene-au-festival-maintenant-des-arts-numeriques-a-rennes\/","title":{"rendered":"Le Lyc\u00e9e du Men\u00e9 au Festival Maintenant des arts num\u00e9riques \u00e0 Rennes"},"content":{"rendered":"<p style=\"text-align: left\">Les Lyc\u00e9es agricoles bretons se tournent vers le num\u00e9rique artistique et culturel avec un projet r\u00e9gional sur l&rsquo;art num\u00e9rique et culturel relay\u00e9 par les enseignants d&rsquo;\u00e9ducation socioculturelle. C&rsquo;est pour cette raison que j&rsquo;ai pu rencontrer les artistes et cr\u00e9ateurs lors du festival Maintenant \u00e0 Rennes.&nbsp;<\/p>\n<p><span class=\"embed-youtube\" style=\"text-align:center; display: block;\"><iframe loading=\"lazy\" class=\"youtube-player\" width=\"604\" height=\"340\" src=\"https:\/\/www.youtube.com\/embed\/5qOzQ5BJj58?version=3&#038;rel=1&#038;showsearch=0&#038;showinfo=1&#038;iv_load_policy=1&#038;fs=1&#038;hl=fr-FR&#038;autohide=2&#038;wmode=transparent\" allowfullscreen=\"true\" style=\"border:0;\" sandbox=\"allow-scripts allow-same-origin allow-popups allow-presentation allow-popups-to-escape-sandbox\"><\/iframe><\/span><\/p>\n<p>Pour ma part, j&rsquo;ai appris entre autre \u00e0 cr\u00e9er des gif anim\u00e9s.&nbsp;<\/p>\n<p style=\"text-align: center\"><img data-recalc-dims=\"1\" loading=\"lazy\" decoding=\"async\" data-attachment-id=\"2587\" data-permalink=\"https:\/\/blogs.lyceecfadumene.fr\/tyanheol\/2019\/10\/11\/le-lycee-du-mene-au-festival-maintenant-des-arts-numeriques-a-rennes\/bille\/\" data-orig-file=\"https:\/\/i0.wp.com\/blogs.lyceecfadumene.fr\/tyanheol\/files\/2019\/10\/Bille.gif?fit=1280%2C720&amp;ssl=1\" data-orig-size=\"1280,720\" data-comments-opened=\"1\" data-image-meta=\"{&quot;aperture&quot;:&quot;0&quot;,&quot;credit&quot;:&quot;&quot;,&quot;camera&quot;:&quot;&quot;,&quot;caption&quot;:&quot;&quot;,&quot;created_timestamp&quot;:&quot;0&quot;,&quot;copyright&quot;:&quot;&quot;,&quot;focal_length&quot;:&quot;0&quot;,&quot;iso&quot;:&quot;0&quot;,&quot;shutter_speed&quot;:&quot;0&quot;,&quot;title&quot;:&quot;&quot;,&quot;orientation&quot;:&quot;0&quot;}\" data-image-title=\"Bille\" data-image-description=\"\" data-image-caption=\"\" data-large-file=\"https:\/\/i0.wp.com\/blogs.lyceecfadumene.fr\/tyanheol\/files\/2019\/10\/Bille.gif?fit=604%2C340&amp;ssl=1\" class=\"alignnone size-medium wp-image-2587\" src=\"https:\/\/i0.wp.com\/blogs.lyceecfadumene.fr\/tyanheol\/files\/2019\/10\/Bille-300x169.gif?resize=300%2C169&#038;ssl=1\" alt=\"\" width=\"300\" height=\"169\" srcset=\"https:\/\/i0.wp.com\/blogs.lyceecfadumene.fr\/tyanheol\/files\/2019\/10\/Bille.gif?resize=300%2C169&amp;ssl=1 300w, https:\/\/i0.wp.com\/blogs.lyceecfadumene.fr\/tyanheol\/files\/2019\/10\/Bille.gif?resize=768%2C432&amp;ssl=1 768w, https:\/\/i0.wp.com\/blogs.lyceecfadumene.fr\/tyanheol\/files\/2019\/10\/Bille.gif?resize=1024%2C576&amp;ssl=1 1024w, https:\/\/i0.wp.com\/blogs.lyceecfadumene.fr\/tyanheol\/files\/2019\/10\/Bille.gif?w=1208 1208w\" sizes=\"auto, (max-width: 300px) 100vw, 300px\" \/><\/p>\n<p><img data-recalc-dims=\"1\" loading=\"lazy\" decoding=\"async\" data-attachment-id=\"2593\" data-permalink=\"https:\/\/blogs.lyceecfadumene.fr\/tyanheol\/2019\/10\/11\/le-lycee-du-mene-au-festival-maintenant-des-arts-numeriques-a-rennes\/b29cd397-3b40-4ba9-a3e3-9f8c0d855076\/\" data-orig-file=\"https:\/\/i0.wp.com\/blogs.lyceecfadumene.fr\/tyanheol\/files\/2019\/10\/b29cd397-3b40-4ba9-a3e3-9f8c0d855076.gif?fit=600%2C800&amp;ssl=1\" data-orig-size=\"600,800\" data-comments-opened=\"1\" data-image-meta=\"{&quot;aperture&quot;:&quot;0&quot;,&quot;credit&quot;:&quot;&quot;,&quot;camera&quot;:&quot;&quot;,&quot;caption&quot;:&quot;&quot;,&quot;created_timestamp&quot;:&quot;0&quot;,&quot;copyright&quot;:&quot;&quot;,&quot;focal_length&quot;:&quot;0&quot;,&quot;iso&quot;:&quot;0&quot;,&quot;shutter_speed&quot;:&quot;0&quot;,&quot;title&quot;:&quot;&quot;,&quot;orientation&quot;:&quot;0&quot;}\" data-image-title=\"b29cd397-3b40-4ba9-a3e3-9f8c0d855076\" data-image-description=\"\" data-image-caption=\"\" data-large-file=\"https:\/\/i0.wp.com\/blogs.lyceecfadumene.fr\/tyanheol\/files\/2019\/10\/b29cd397-3b40-4ba9-a3e3-9f8c0d855076.gif?fit=600%2C800&amp;ssl=1\" class=\"alignnone size-medium wp-image-2593\" src=\"https:\/\/i0.wp.com\/blogs.lyceecfadumene.fr\/tyanheol\/files\/2019\/10\/b29cd397-3b40-4ba9-a3e3-9f8c0d855076-225x300.gif?resize=225%2C300&#038;ssl=1\" alt=\"\" width=\"225\" height=\"300\"><\/p>\n<p><img data-recalc-dims=\"1\" loading=\"lazy\" decoding=\"async\" data-attachment-id=\"2599\" data-permalink=\"https:\/\/blogs.lyceecfadumene.fr\/tyanheol\/2019\/10\/11\/le-lycee-du-mene-au-festival-maintenant-des-arts-numeriques-a-rennes\/jardin\/\" data-orig-file=\"https:\/\/i0.wp.com\/blogs.lyceecfadumene.fr\/tyanheol\/files\/2019\/10\/Jardin.gif?fit=1920%2C1080&amp;ssl=1\" data-orig-size=\"1920,1080\" data-comments-opened=\"1\" data-image-meta=\"{&quot;aperture&quot;:&quot;0&quot;,&quot;credit&quot;:&quot;&quot;,&quot;camera&quot;:&quot;&quot;,&quot;caption&quot;:&quot;&quot;,&quot;created_timestamp&quot;:&quot;0&quot;,&quot;copyright&quot;:&quot;&quot;,&quot;focal_length&quot;:&quot;0&quot;,&quot;iso&quot;:&quot;0&quot;,&quot;shutter_speed&quot;:&quot;0&quot;,&quot;title&quot;:&quot;&quot;,&quot;orientation&quot;:&quot;0&quot;}\" data-image-title=\"Jardin\" data-image-description=\"\" data-image-caption=\"\" data-large-file=\"https:\/\/i0.wp.com\/blogs.lyceecfadumene.fr\/tyanheol\/files\/2019\/10\/Jardin.gif?fit=604%2C340&amp;ssl=1\" class=\"alignnone size-medium wp-image-2599\" src=\"https:\/\/i0.wp.com\/blogs.lyceecfadumene.fr\/tyanheol\/files\/2019\/10\/Jardin-300x169.gif?resize=300%2C169&#038;ssl=1\" alt=\"\" width=\"300\" height=\"169\" srcset=\"https:\/\/i0.wp.com\/blogs.lyceecfadumene.fr\/tyanheol\/files\/2019\/10\/Jardin.gif?resize=300%2C169&amp;ssl=1 300w, https:\/\/i0.wp.com\/blogs.lyceecfadumene.fr\/tyanheol\/files\/2019\/10\/Jardin.gif?resize=768%2C432&amp;ssl=1 768w, https:\/\/i0.wp.com\/blogs.lyceecfadumene.fr\/tyanheol\/files\/2019\/10\/Jardin.gif?resize=1024%2C576&amp;ssl=1 1024w, https:\/\/i0.wp.com\/blogs.lyceecfadumene.fr\/tyanheol\/files\/2019\/10\/Jardin.gif?w=1208 1208w, https:\/\/i0.wp.com\/blogs.lyceecfadumene.fr\/tyanheol\/files\/2019\/10\/Jardin.gif?w=1812 1812w\" sizes=\"auto, (max-width: 300px) 100vw, 300px\" \/><\/p>\n","protected":false},"excerpt":{"rendered":"<p>Les Lyc\u00e9es agricoles bretons se tournent vers le num\u00e9rique artistique et culturel avec un projet r\u00e9gional sur l&rsquo;art num\u00e9rique et culturel relay\u00e9 par les enseignants d&rsquo;\u00e9ducation socioculturelle. C&rsquo;est pour cette raison que j&rsquo;ai pu rencontrer les artistes et cr\u00e9ateurs lors du festival Maintenant \u00e0 Rennes.&nbsp; Pour ma part, j&rsquo;ai appris entre autre \u00e0 cr\u00e9er des &hellip; <a href=\"https:\/\/blogs.lyceecfadumene.fr\/tyanheol\/2019\/10\/11\/le-lycee-du-mene-au-festival-maintenant-des-arts-numeriques-a-rennes\/\" class=\"more-link\">Continuer la lecture de <span class=\"screen-reader-text\">Le Lyc\u00e9e du Men\u00e9 au Festival Maintenant des arts num\u00e9riques \u00e0 Rennes<\/span> <span class=\"meta-nav\">&rarr;<\/span><\/a><\/p>\n","protected":false},"author":97,"featured_media":0,"comment_status":"open","ping_status":"open","sticky":false,"template":"","format":"standard","meta":{"_jetpack_memberships_contains_paid_content":false,"footnotes":"","jetpack_publicize_message":"","jetpack_publicize_feature_enabled":true,"jetpack_social_post_already_shared":true,"jetpack_social_options":{"image_generator_settings":{"template":"highway","default_image_id":0,"font":"","enabled":false},"version":2}},"categories":[27366,25419,25439,29432],"tags":[],"class_list":["post-2575","post","type-post","status-publish","format-standard","hentry","category-alesa-ty-an-heol","category-atelier-photo","category-education-socioculturelle","category-video2"],"aioseo_notices":[],"jetpack_publicize_connections":[],"jetpack_featured_media_url":"","jetpack_shortlink":"https:\/\/wp.me\/p1SrOO-Fx","jetpack_sharing_enabled":true,"_links":{"self":[{"href":"https:\/\/blogs.lyceecfadumene.fr\/tyanheol\/wp-json\/wp\/v2\/posts\/2575","targetHints":{"allow":["GET"]}}],"collection":[{"href":"https:\/\/blogs.lyceecfadumene.fr\/tyanheol\/wp-json\/wp\/v2\/posts"}],"about":[{"href":"https:\/\/blogs.lyceecfadumene.fr\/tyanheol\/wp-json\/wp\/v2\/types\/post"}],"author":[{"embeddable":true,"href":"https:\/\/blogs.lyceecfadumene.fr\/tyanheol\/wp-json\/wp\/v2\/users\/97"}],"replies":[{"embeddable":true,"href":"https:\/\/blogs.lyceecfadumene.fr\/tyanheol\/wp-json\/wp\/v2\/comments?post=2575"}],"version-history":[{"count":5,"href":"https:\/\/blogs.lyceecfadumene.fr\/tyanheol\/wp-json\/wp\/v2\/posts\/2575\/revisions"}],"predecessor-version":[{"id":2600,"href":"https:\/\/blogs.lyceecfadumene.fr\/tyanheol\/wp-json\/wp\/v2\/posts\/2575\/revisions\/2600"}],"wp:attachment":[{"href":"https:\/\/blogs.lyceecfadumene.fr\/tyanheol\/wp-json\/wp\/v2\/media?parent=2575"}],"wp:term":[{"taxonomy":"category","embeddable":true,"href":"https:\/\/blogs.lyceecfadumene.fr\/tyanheol\/wp-json\/wp\/v2\/categories?post=2575"},{"taxonomy":"post_tag","embeddable":true,"href":"https:\/\/blogs.lyceecfadumene.fr\/tyanheol\/wp-json\/wp\/v2\/tags?post=2575"}],"curies":[{"name":"wp","href":"https:\/\/api.w.org\/{rel}","templated":true}]}}