{"id":2563,"date":"2019-09-11T11:19:21","date_gmt":"2019-09-11T09:19:21","guid":{"rendered":"https:\/\/blogs.lyceecfadumene.fr\/tyanheol\/?p=2563"},"modified":"2022-04-03T17:55:05","modified_gmt":"2022-04-03T15:55:05","slug":"cest-la-rentree-au-lycee-du-mene","status":"publish","type":"post","link":"https:\/\/blogs.lyceecfadumene.fr\/tyanheol\/2019\/09\/11\/cest-la-rentree-au-lycee-du-mene\/","title":{"rendered":"C&rsquo;est la rentr\u00e9e au Lyc\u00e9e du Men\u00e9"},"content":{"rendered":"<p>Et comme chaque ann\u00e9e, les nouveaux arrivants en Seconde sont accueillis par une apr\u00e8s-midi \u00e0 la base de plein air de Tr\u00e9melin. Au programme, randonn\u00e9e autour du lac et sa r\u00e9serve ornithologique, accrobranche, paintball et p\u00e9dalo.<\/p>\n<p><span class=\"embed-youtube\" style=\"text-align:center; display: block;\"><iframe loading=\"lazy\" class=\"youtube-player\" width=\"604\" height=\"340\" src=\"https:\/\/www.youtube.com\/embed\/ZAhpPW0rLNE?version=3&#038;rel=1&#038;showsearch=0&#038;showinfo=1&#038;iv_load_policy=1&#038;fs=1&#038;hl=fr-FR&#038;autohide=2&#038;wmode=transparent&#038;listType=playlist&#038;list=PLmkLkyRag9WaV_a2TCmGTSHSpOGHe08mZ\" allowfullscreen=\"true\" style=\"border:0;\" sandbox=\"allow-scripts allow-same-origin allow-popups allow-presentation allow-popups-to-escape-sandbox\"><\/iframe><\/span><\/p>\n<p>Bonne rentr\u00e9e \u00e0 tous !<\/p>\n<p><img data-recalc-dims=\"1\" decoding=\"async\" class=\"aligncenter\" src=\"https:\/\/i0.wp.com\/static.broceliande.xyz\/IMG\/jpg\/excalibur_au_bord_du_lac_de_tremelin_001.jpg?w=604&#038;ssl=1\" alt=\"R\u00c3\u00a9sultat de recherche d'images pour &quot;base de plein air tr\u00c3\u00a9melin&quot;\"><\/p>\n","protected":false},"excerpt":{"rendered":"<p>Et comme chaque ann\u00e9e, les nouveaux arrivants en Seconde sont accueillis par une apr\u00e8s-midi \u00e0 la base de plein air de Tr\u00e9melin. Au programme, randonn\u00e9e autour du lac et sa r\u00e9serve ornithologique, accrobranche, paintball et p\u00e9dalo. Bonne rentr\u00e9e \u00e0 tous !<\/p>\n","protected":false},"author":97,"featured_media":0,"comment_status":"open","ping_status":"open","sticky":false,"template":"","format":"standard","meta":{"_jetpack_memberships_contains_paid_content":false,"footnotes":"","jetpack_publicize_message":"","jetpack_publicize_feature_enabled":true,"jetpack_social_post_already_shared":true,"jetpack_social_options":{"image_generator_settings":{"template":"highway","default_image_id":0,"font":"","enabled":false},"version":2}},"categories":[27366,25439,1,9177,29432,314],"tags":[9190,9183,25464,8236,3647,4,9197,6,3645,25463,9182,3643],"class_list":["post-2563","post","type-post","status-publish","format-standard","hentry","category-alesa-ty-an-heol","category-education-socioculturelle","category-non-classe","category-sorties","category-video2","category-videos","tag-activites","tag-base-de-loisirs","tag-education-socioculturelle","tag-foyer","tag-integration","tag-lycee","tag-mercredi","tag-merdrignac","tag-sortie","tag-sorties","tag-tremelin","tag-ty-an-heol"],"aioseo_notices":[],"jetpack_publicize_connections":[],"jetpack_featured_media_url":"","jetpack_shortlink":"https:\/\/wp.me\/p1SrOO-Fl","jetpack_sharing_enabled":true,"_links":{"self":[{"href":"https:\/\/blogs.lyceecfadumene.fr\/tyanheol\/wp-json\/wp\/v2\/posts\/2563","targetHints":{"allow":["GET"]}}],"collection":[{"href":"https:\/\/blogs.lyceecfadumene.fr\/tyanheol\/wp-json\/wp\/v2\/posts"}],"about":[{"href":"https:\/\/blogs.lyceecfadumene.fr\/tyanheol\/wp-json\/wp\/v2\/types\/post"}],"author":[{"embeddable":true,"href":"https:\/\/blogs.lyceecfadumene.fr\/tyanheol\/wp-json\/wp\/v2\/users\/97"}],"replies":[{"embeddable":true,"href":"https:\/\/blogs.lyceecfadumene.fr\/tyanheol\/wp-json\/wp\/v2\/comments?post=2563"}],"version-history":[{"count":4,"href":"https:\/\/blogs.lyceecfadumene.fr\/tyanheol\/wp-json\/wp\/v2\/posts\/2563\/revisions"}],"predecessor-version":[{"id":2567,"href":"https:\/\/blogs.lyceecfadumene.fr\/tyanheol\/wp-json\/wp\/v2\/posts\/2563\/revisions\/2567"}],"wp:attachment":[{"href":"https:\/\/blogs.lyceecfadumene.fr\/tyanheol\/wp-json\/wp\/v2\/media?parent=2563"}],"wp:term":[{"taxonomy":"category","embeddable":true,"href":"https:\/\/blogs.lyceecfadumene.fr\/tyanheol\/wp-json\/wp\/v2\/categories?post=2563"},{"taxonomy":"post_tag","embeddable":true,"href":"https:\/\/blogs.lyceecfadumene.fr\/tyanheol\/wp-json\/wp\/v2\/tags?post=2563"}],"curies":[{"name":"wp","href":"https:\/\/api.w.org\/{rel}","templated":true}]}}