{"id":2547,"date":"2019-06-27T23:12:43","date_gmt":"2019-06-27T21:12:43","guid":{"rendered":"https:\/\/blogs.lyceecfadumene.fr\/tyanheol\/?p=2547"},"modified":"2022-04-03T17:58:21","modified_gmt":"2022-04-03T15:58:21","slug":"fin-dannee-spectaculaire","status":"publish","type":"post","link":"https:\/\/blogs.lyceecfadumene.fr\/tyanheol\/2019\/06\/27\/fin-dannee-spectaculaire\/","title":{"rendered":"Fin d&rsquo;ann\u00e9e spectaculaire !"},"content":{"rendered":"<p>Dans le cadre de la r\u00e9sidence d&rsquo;artistes de la compagnie de cirque Charivari de Saint-Brieuc, les \u00e9l\u00e8ves des trois classes de Secondes nous ont \u00e9pat\u00e9s par leur spectacle de restitution des ateliers jonglage et acrobatie dans le cadre du stage Sant\u00e9 et D\u00e9veloppement Durable. Bravo \u00e0 eux !<\/p>\n<p><span class=\"embed-youtube\" style=\"text-align:center; display: block;\"><iframe loading=\"lazy\" class=\"youtube-player\" width=\"604\" height=\"340\" src=\"https:\/\/www.youtube.com\/embed\/NPegokXxArM?version=3&#038;rel=1&#038;showsearch=0&#038;showinfo=1&#038;iv_load_policy=1&#038;fs=1&#038;hl=fr-FR&#038;autohide=2&#038;wmode=transparent\" allowfullscreen=\"true\" style=\"border:0;\" sandbox=\"allow-scripts allow-same-origin allow-popups allow-presentation allow-popups-to-escape-sandbox\"><\/iframe><\/span><\/p>\n","protected":false},"excerpt":{"rendered":"<p>Dans le cadre de la r\u00e9sidence d&rsquo;artistes de la compagnie de cirque Charivari de Saint-Brieuc, les \u00e9l\u00e8ves des trois classes de Secondes nous ont \u00e9pat\u00e9s par leur spectacle de restitution des ateliers jonglage et acrobatie dans le cadre du stage Sant\u00e9 et D\u00e9veloppement Durable. Bravo \u00e0 eux !<\/p>\n","protected":false},"author":97,"featured_media":2540,"comment_status":"open","ping_status":"open","sticky":false,"template":"","format":"standard","meta":{"_jetpack_memberships_contains_paid_content":false,"footnotes":"","jetpack_publicize_message":"","jetpack_publicize_feature_enabled":true,"jetpack_social_post_already_shared":true,"jetpack_social_options":{"image_generator_settings":{"template":"highway","default_image_id":0,"font":"","enabled":false},"version":2}},"categories":[27366,15105,25439,1,9203,29437,9177,29432,314],"tags":[9190,15107,25464,8236,4,6,3643],"class_list":["post-2547","post","type-post","status-publish","format-standard","has-post-thumbnail","hentry","category-alesa-ty-an-heol","category-association-sportive","category-education-socioculturelle","category-non-classe","category-sante","category-soiree2","category-sorties","category-video2","category-videos","tag-activites","tag-as","tag-education-socioculturelle","tag-foyer","tag-lycee","tag-merdrignac","tag-ty-an-heol"],"aioseo_notices":[],"jetpack_publicize_connections":[],"jetpack_featured_media_url":"https:\/\/i0.wp.com\/blogs.lyceecfadumene.fr\/tyanheol\/files\/2019\/06\/Chapiteau-Charivari.jpg?fit=259%2C194&ssl=1","jetpack_shortlink":"https:\/\/wp.me\/p1SrOO-F5","jetpack_sharing_enabled":true,"_links":{"self":[{"href":"https:\/\/blogs.lyceecfadumene.fr\/tyanheol\/wp-json\/wp\/v2\/posts\/2547","targetHints":{"allow":["GET"]}}],"collection":[{"href":"https:\/\/blogs.lyceecfadumene.fr\/tyanheol\/wp-json\/wp\/v2\/posts"}],"about":[{"href":"https:\/\/blogs.lyceecfadumene.fr\/tyanheol\/wp-json\/wp\/v2\/types\/post"}],"author":[{"embeddable":true,"href":"https:\/\/blogs.lyceecfadumene.fr\/tyanheol\/wp-json\/wp\/v2\/users\/97"}],"replies":[{"embeddable":true,"href":"https:\/\/blogs.lyceecfadumene.fr\/tyanheol\/wp-json\/wp\/v2\/comments?post=2547"}],"version-history":[{"count":1,"href":"https:\/\/blogs.lyceecfadumene.fr\/tyanheol\/wp-json\/wp\/v2\/posts\/2547\/revisions"}],"predecessor-version":[{"id":2548,"href":"https:\/\/blogs.lyceecfadumene.fr\/tyanheol\/wp-json\/wp\/v2\/posts\/2547\/revisions\/2548"}],"wp:featuredmedia":[{"embeddable":true,"href":"https:\/\/blogs.lyceecfadumene.fr\/tyanheol\/wp-json\/wp\/v2\/media\/2540"}],"wp:attachment":[{"href":"https:\/\/blogs.lyceecfadumene.fr\/tyanheol\/wp-json\/wp\/v2\/media?parent=2547"}],"wp:term":[{"taxonomy":"category","embeddable":true,"href":"https:\/\/blogs.lyceecfadumene.fr\/tyanheol\/wp-json\/wp\/v2\/categories?post=2547"},{"taxonomy":"post_tag","embeddable":true,"href":"https:\/\/blogs.lyceecfadumene.fr\/tyanheol\/wp-json\/wp\/v2\/tags?post=2547"}],"curies":[{"name":"wp","href":"https:\/\/api.w.org\/{rel}","templated":true}]}}