{"id":2536,"date":"2019-06-27T15:03:30","date_gmt":"2019-06-27T13:03:30","guid":{"rendered":"https:\/\/blogs.lyceecfadumene.fr\/tyanheol\/?p=2536"},"modified":"2022-04-03T17:58:21","modified_gmt":"2022-04-03T15:58:21","slug":"quel-cirque","status":"publish","type":"post","link":"https:\/\/blogs.lyceecfadumene.fr\/tyanheol\/2019\/06\/27\/quel-cirque\/","title":{"rendered":"Quel cirque !"},"content":{"rendered":"<p>Les Secondes du Lyc\u00e9e du Men\u00e9 ont fini l&rsquo;ann\u00e9e en beaut\u00e9 durant leur stage Sant\u00e9 et D\u00e9veloppement Durable, avec l&rsquo;accueil en r\u00e9sidence de la compagnie de cirque Charivari de Saint-Brieuc, deux spectacles en soir\u00e9e, et une restitution en fin de semaine par les \u00e9l\u00e8ves volontaires qui se sont surpass\u00e9s pour nous offrir leur spectacle de cirque, fruit des ateliers jonglage et acrobaties dirig\u00e9s par Val\u00e9rie Faisant. Un grand merci \u00e0 elle !<\/p>\n<p><span class=\"embed-youtube\" style=\"text-align:center; display: block;\"><iframe loading=\"lazy\" class=\"youtube-player\" width=\"604\" height=\"340\" src=\"https:\/\/www.youtube.com\/embed\/Fe_r0EZL1ik?version=3&#038;rel=1&#038;showsearch=0&#038;showinfo=1&#038;iv_load_policy=1&#038;fs=1&#038;hl=fr-FR&#038;autohide=2&#038;wmode=transparent\" allowfullscreen=\"true\" style=\"border:0;\" sandbox=\"allow-scripts allow-same-origin allow-popups allow-presentation allow-popups-to-escape-sandbox\"><\/iframe><\/span><\/p>\n","protected":false},"excerpt":{"rendered":"<p>Les Secondes du Lyc\u00e9e du Men\u00e9 ont fini l&rsquo;ann\u00e9e en beaut\u00e9 durant leur stage Sant\u00e9 et D\u00e9veloppement Durable, avec l&rsquo;accueil en r\u00e9sidence de la compagnie de cirque Charivari de Saint-Brieuc, deux spectacles en soir\u00e9e, et une restitution en fin de semaine par les \u00e9l\u00e8ves volontaires qui se sont surpass\u00e9s pour nous offrir leur spectacle de &hellip; <a href=\"https:\/\/blogs.lyceecfadumene.fr\/tyanheol\/2019\/06\/27\/quel-cirque\/\" class=\"more-link\">Continuer la lecture de <span class=\"screen-reader-text\">Quel cirque !<\/span> <span class=\"meta-nav\">&rarr;<\/span><\/a><\/p>\n","protected":false},"author":97,"featured_media":0,"comment_status":"open","ping_status":"open","sticky":false,"template":"","format":"standard","meta":{"_jetpack_memberships_contains_paid_content":false,"footnotes":"","jetpack_publicize_message":"","jetpack_publicize_feature_enabled":true,"jetpack_social_post_already_shared":true,"jetpack_social_options":{"image_generator_settings":{"template":"highway","default_image_id":0,"font":"","enabled":false},"version":2}},"categories":[27366,15105,25439,1,9203,29437,9177,29432,314],"tags":[9190,15107,25464,8236,4,6,3645,25463,3643],"class_list":["post-2536","post","type-post","status-publish","format-standard","hentry","category-alesa-ty-an-heol","category-association-sportive","category-education-socioculturelle","category-non-classe","category-sante","category-soiree2","category-sorties","category-video2","category-videos","tag-activites","tag-as","tag-education-socioculturelle","tag-foyer","tag-lycee","tag-merdrignac","tag-sortie","tag-sorties","tag-ty-an-heol"],"aioseo_notices":[],"jetpack_publicize_connections":[],"jetpack_featured_media_url":"","jetpack_shortlink":"https:\/\/wp.me\/p1SrOO-EU","jetpack_sharing_enabled":true,"_links":{"self":[{"href":"https:\/\/blogs.lyceecfadumene.fr\/tyanheol\/wp-json\/wp\/v2\/posts\/2536","targetHints":{"allow":["GET"]}}],"collection":[{"href":"https:\/\/blogs.lyceecfadumene.fr\/tyanheol\/wp-json\/wp\/v2\/posts"}],"about":[{"href":"https:\/\/blogs.lyceecfadumene.fr\/tyanheol\/wp-json\/wp\/v2\/types\/post"}],"author":[{"embeddable":true,"href":"https:\/\/blogs.lyceecfadumene.fr\/tyanheol\/wp-json\/wp\/v2\/users\/97"}],"replies":[{"embeddable":true,"href":"https:\/\/blogs.lyceecfadumene.fr\/tyanheol\/wp-json\/wp\/v2\/comments?post=2536"}],"version-history":[{"count":1,"href":"https:\/\/blogs.lyceecfadumene.fr\/tyanheol\/wp-json\/wp\/v2\/posts\/2536\/revisions"}],"predecessor-version":[{"id":2537,"href":"https:\/\/blogs.lyceecfadumene.fr\/tyanheol\/wp-json\/wp\/v2\/posts\/2536\/revisions\/2537"}],"wp:attachment":[{"href":"https:\/\/blogs.lyceecfadumene.fr\/tyanheol\/wp-json\/wp\/v2\/media?parent=2536"}],"wp:term":[{"taxonomy":"category","embeddable":true,"href":"https:\/\/blogs.lyceecfadumene.fr\/tyanheol\/wp-json\/wp\/v2\/categories?post=2536"},{"taxonomy":"post_tag","embeddable":true,"href":"https:\/\/blogs.lyceecfadumene.fr\/tyanheol\/wp-json\/wp\/v2\/tags?post=2536"}],"curies":[{"name":"wp","href":"https:\/\/api.w.org\/{rel}","templated":true}]}}