{"id":2432,"date":"2019-01-06T21:54:24","date_gmt":"2019-01-06T19:54:24","guid":{"rendered":"https:\/\/blogs.lyceecfadumene.fr\/tyanheol\/?p=2432"},"modified":"2022-04-03T17:58:21","modified_gmt":"2022-04-03T15:58:21","slug":"dindes-de-noel-et-marrons-show","status":"publish","type":"post","link":"https:\/\/blogs.lyceecfadumene.fr\/tyanheol\/2019\/01\/06\/dindes-de-noel-et-marrons-show\/","title":{"rendered":"Dindes de No\u00ebl et marrons SHOW !"},"content":{"rendered":"<p>Le Lyc\u00e9e-CFA du Men\u00e9 a fait son show pour un No\u00ebl sous le signe du retour en enfance, gr\u00e2ce \u00e0 sa troupe de chanteurs et d&rsquo;acteurs, tous volontaires et de toutes classes, pour offrir un spectacle d&rsquo;une heure et demi, tout de m\u00eame !<\/p>\n<p>Merci \u00e0 eux !<\/p>\n<p><span class=\"embed-youtube\" style=\"text-align:center; display: block;\"><iframe loading=\"lazy\" class=\"youtube-player\" width=\"604\" height=\"340\" src=\"https:\/\/www.youtube.com\/embed\/VQujK_kLucc?version=3&#038;rel=1&#038;showsearch=0&#038;showinfo=1&#038;iv_load_policy=1&#038;fs=1&#038;hl=fr-FR&#038;autohide=2&#038;wmode=transparent\" allowfullscreen=\"true\" style=\"border:0;\" sandbox=\"allow-scripts allow-same-origin allow-popups allow-presentation allow-popups-to-escape-sandbox\"><\/iframe><\/span><\/p>\n<p>&nbsp;<\/p>\n","protected":false},"excerpt":{"rendered":"<p>Le Lyc\u00e9e-CFA du Men\u00e9 a fait son show pour un No\u00ebl sous le signe du retour en enfance, gr\u00e2ce \u00e0 sa troupe de chanteurs et d&rsquo;acteurs, tous volontaires et de toutes classes, pour offrir un spectacle d&rsquo;une heure et demi, tout de m\u00eame ! Merci \u00e0 eux ! &nbsp;<\/p>\n","protected":false},"author":97,"featured_media":0,"comment_status":"open","ping_status":"open","sticky":false,"template":"","format":"standard","meta":{"_jetpack_memberships_contains_paid_content":false,"footnotes":"","jetpack_publicize_message":"","jetpack_publicize_feature_enabled":true,"jetpack_social_post_already_shared":true,"jetpack_social_options":{"image_generator_settings":{"template":"highway","default_image_id":0,"font":"","enabled":false},"version":2}},"categories":[27366,25439,29437],"tags":[9190,6581,9188,25464,25428,8236,4,6,11710,43,3645,25461,3643],"class_list":["post-2432","post","type-post","status-publish","format-standard","hentry","category-alesa-ty-an-heol","category-education-socioculturelle","category-soiree2","tag-activites","tag-bts-tc","tag-comedie","tag-education-socioculturelle","tag-fete-de-noel","tag-foyer","tag-lycee","tag-merdrignac","tag-noel","tag-soiree-de-noel","tag-sortie","tag-theatre","tag-ty-an-heol"],"aioseo_notices":[],"jetpack_publicize_connections":[],"jetpack_featured_media_url":"","jetpack_shortlink":"https:\/\/wp.me\/p1SrOO-De","jetpack_sharing_enabled":true,"_links":{"self":[{"href":"https:\/\/blogs.lyceecfadumene.fr\/tyanheol\/wp-json\/wp\/v2\/posts\/2432","targetHints":{"allow":["GET"]}}],"collection":[{"href":"https:\/\/blogs.lyceecfadumene.fr\/tyanheol\/wp-json\/wp\/v2\/posts"}],"about":[{"href":"https:\/\/blogs.lyceecfadumene.fr\/tyanheol\/wp-json\/wp\/v2\/types\/post"}],"author":[{"embeddable":true,"href":"https:\/\/blogs.lyceecfadumene.fr\/tyanheol\/wp-json\/wp\/v2\/users\/97"}],"replies":[{"embeddable":true,"href":"https:\/\/blogs.lyceecfadumene.fr\/tyanheol\/wp-json\/wp\/v2\/comments?post=2432"}],"version-history":[{"count":3,"href":"https:\/\/blogs.lyceecfadumene.fr\/tyanheol\/wp-json\/wp\/v2\/posts\/2432\/revisions"}],"predecessor-version":[{"id":2495,"href":"https:\/\/blogs.lyceecfadumene.fr\/tyanheol\/wp-json\/wp\/v2\/posts\/2432\/revisions\/2495"}],"wp:attachment":[{"href":"https:\/\/blogs.lyceecfadumene.fr\/tyanheol\/wp-json\/wp\/v2\/media?parent=2432"}],"wp:term":[{"taxonomy":"category","embeddable":true,"href":"https:\/\/blogs.lyceecfadumene.fr\/tyanheol\/wp-json\/wp\/v2\/categories?post=2432"},{"taxonomy":"post_tag","embeddable":true,"href":"https:\/\/blogs.lyceecfadumene.fr\/tyanheol\/wp-json\/wp\/v2\/tags?post=2432"}],"curies":[{"name":"wp","href":"https:\/\/api.w.org\/{rel}","templated":true}]}}