{"id":2416,"date":"2018-12-17T14:18:46","date_gmt":"2018-12-17T12:18:46","guid":{"rendered":"https:\/\/blogs.lyceecfadumene.fr\/tyanheol\/?p=2416"},"modified":"2022-04-03T17:58:21","modified_gmt":"2022-04-03T15:58:21","slug":"soiree-de-noel-2018","status":"publish","type":"post","link":"https:\/\/blogs.lyceecfadumene.fr\/tyanheol\/2018\/12\/17\/soiree-de-noel-2018\/","title":{"rendered":"Soir\u00e9e de no\u00ebl 2018"},"content":{"rendered":"<p>Cette ann\u00e9e la soir\u00e9e de No\u00ebl se d\u00e9roulera <strong>le jeudi 20 d\u00e9cembre 2018<\/strong>. Elle est organis\u00e9e par la classe des BTS 1 TC.<\/p>\n<p>Les \u00e9tudiants ont d\u00fb choisir le repas de No\u00ebl, pour les lyc\u00e9ens, les apprentis, les \u00e9tudiants et les personnels. Le plat de r\u00e9sistance est tenu secret jusqu\u2019au jour J&nbsp;! Chaque personne a eu le choix entre 3 entr\u00e9es, 3 boissons et 3 desserts.<\/p>\n<p>Le th\u00e8me de la soir\u00e9e,<strong> Retour en enfance<\/strong> !<\/p>\n<p><a href=\"https:\/\/i0.wp.com\/blogs.lyceecfadumene.fr\/tyanheol\/files\/2018\/12\/noel-2018.jpg?ssl=1\"><img data-recalc-dims=\"1\" loading=\"lazy\" decoding=\"async\" data-attachment-id=\"2427\" data-permalink=\"https:\/\/blogs.lyceecfadumene.fr\/tyanheol\/2018\/12\/17\/soiree-de-noel-2018\/noel-2018\/\" data-orig-file=\"https:\/\/i0.wp.com\/blogs.lyceecfadumene.fr\/tyanheol\/files\/2018\/12\/noel-2018.jpg?fit=600%2C849&amp;ssl=1\" data-orig-size=\"600,849\" data-comments-opened=\"1\" data-image-meta=\"{&quot;aperture&quot;:&quot;0&quot;,&quot;credit&quot;:&quot;&quot;,&quot;camera&quot;:&quot;&quot;,&quot;caption&quot;:&quot;&quot;,&quot;created_timestamp&quot;:&quot;0&quot;,&quot;copyright&quot;:&quot;&quot;,&quot;focal_length&quot;:&quot;0&quot;,&quot;iso&quot;:&quot;0&quot;,&quot;shutter_speed&quot;:&quot;0&quot;,&quot;title&quot;:&quot;&quot;,&quot;orientation&quot;:&quot;0&quot;}\" data-image-title=\"noel-2018\" data-image-description=\"\" data-image-caption=\"\" data-large-file=\"https:\/\/i0.wp.com\/blogs.lyceecfadumene.fr\/tyanheol\/files\/2018\/12\/noel-2018.jpg?fit=600%2C849&amp;ssl=1\" class=\"alignnone wp-image-2427\" style=\"border: 1px solid #000000;\" src=\"https:\/\/i0.wp.com\/blogs.lyceecfadumene.fr\/tyanheol\/files\/2018\/12\/noel-2018.jpg?resize=450%2C637&#038;ssl=1\" alt=\"\" width=\"450\" height=\"637\" srcset=\"https:\/\/i0.wp.com\/blogs.lyceecfadumene.fr\/tyanheol\/files\/2018\/12\/noel-2018.jpg?w=600&amp;ssl=1 600w, https:\/\/i0.wp.com\/blogs.lyceecfadumene.fr\/tyanheol\/files\/2018\/12\/noel-2018.jpg?resize=212%2C300&amp;ssl=1 212w\" sizes=\"auto, (max-width: 450px) 100vw, 450px\" \/><\/a><\/p>\n<p>&nbsp;<\/p>\n<p>@jeudi prochain.<\/p>\n","protected":false},"excerpt":{"rendered":"<p>Cette ann\u00e9e la soir\u00e9e de No\u00ebl se d\u00e9roulera le jeudi 20 d\u00e9cembre 2018. Elle est organis\u00e9e par la classe des BTS 1 TC. Les \u00e9tudiants ont d\u00fb choisir le repas de No\u00ebl, pour les lyc\u00e9ens, les apprentis, les \u00e9tudiants et les personnels. Le plat de r\u00e9sistance est tenu secret jusqu\u2019au jour J&nbsp;! Chaque personne a &hellip; <a href=\"https:\/\/blogs.lyceecfadumene.fr\/tyanheol\/2018\/12\/17\/soiree-de-noel-2018\/\" class=\"more-link\">Continuer la lecture de <span class=\"screen-reader-text\">Soir\u00e9e de no\u00ebl 2018<\/span> <span class=\"meta-nav\">&rarr;<\/span><\/a><\/p>\n","protected":false},"author":43,"featured_media":0,"comment_status":"open","ping_status":"open","sticky":false,"template":"","format":"standard","meta":{"_jetpack_memberships_contains_paid_content":false,"footnotes":"","jetpack_publicize_message":"","jetpack_publicize_feature_enabled":true,"jetpack_social_post_already_shared":true,"jetpack_social_options":{"image_generator_settings":{"template":"highway","default_image_id":0,"font":"","enabled":false},"version":2}},"categories":[29437],"tags":[26046,43],"class_list":["post-2416","post","type-post","status-publish","format-standard","hentry","category-soiree2","tag-enfance","tag-soiree-de-noel"],"aioseo_notices":[],"jetpack_publicize_connections":[],"jetpack_featured_media_url":"","jetpack_shortlink":"https:\/\/wp.me\/p1SrOO-CY","jetpack_sharing_enabled":true,"_links":{"self":[{"href":"https:\/\/blogs.lyceecfadumene.fr\/tyanheol\/wp-json\/wp\/v2\/posts\/2416","targetHints":{"allow":["GET"]}}],"collection":[{"href":"https:\/\/blogs.lyceecfadumene.fr\/tyanheol\/wp-json\/wp\/v2\/posts"}],"about":[{"href":"https:\/\/blogs.lyceecfadumene.fr\/tyanheol\/wp-json\/wp\/v2\/types\/post"}],"author":[{"embeddable":true,"href":"https:\/\/blogs.lyceecfadumene.fr\/tyanheol\/wp-json\/wp\/v2\/users\/43"}],"replies":[{"embeddable":true,"href":"https:\/\/blogs.lyceecfadumene.fr\/tyanheol\/wp-json\/wp\/v2\/comments?post=2416"}],"version-history":[{"count":5,"href":"https:\/\/blogs.lyceecfadumene.fr\/tyanheol\/wp-json\/wp\/v2\/posts\/2416\/revisions"}],"predecessor-version":[{"id":2430,"href":"https:\/\/blogs.lyceecfadumene.fr\/tyanheol\/wp-json\/wp\/v2\/posts\/2416\/revisions\/2430"}],"wp:attachment":[{"href":"https:\/\/blogs.lyceecfadumene.fr\/tyanheol\/wp-json\/wp\/v2\/media?parent=2416"}],"wp:term":[{"taxonomy":"category","embeddable":true,"href":"https:\/\/blogs.lyceecfadumene.fr\/tyanheol\/wp-json\/wp\/v2\/categories?post=2416"},{"taxonomy":"post_tag","embeddable":true,"href":"https:\/\/blogs.lyceecfadumene.fr\/tyanheol\/wp-json\/wp\/v2\/tags?post=2416"}],"curies":[{"name":"wp","href":"https:\/\/api.w.org\/{rel}","templated":true}]}}