{"id":2411,"date":"2018-12-14T13:01:56","date_gmt":"2018-12-14T11:01:56","guid":{"rendered":"https:\/\/blogs.lyceecfadumene.fr\/tyanheol\/?p=2411"},"modified":"2022-04-03T17:58:54","modified_gmt":"2022-04-03T15:58:54","slug":"quizz-des-tares-du-mene","status":"publish","type":"post","link":"https:\/\/blogs.lyceecfadumene.fr\/tyanheol\/2018\/12\/14\/quizz-des-tares-du-mene\/","title":{"rendered":"Quizz des Tar\u00e9s du Men\u00e9"},"content":{"rendered":"<p>Nous vous proposons d&rsquo;\u00e9couter les Tar\u00e9s du Men\u00e9 qui ont fait un quizz avec de la culture g\u00e9n\u00e9rale et de la culture musicale. Les participants sont des BTS 1 Technico-Commercial. L&rsquo;\u00e9mission dure environ 15 minutes, elle se d\u00e9roule sous forme de tournois avec demi-finale et finale, les groupes sont constitu\u00e9s de 2 personnes \u00e0 chaque fois.<\/p>\n<p><a href=\"https:\/\/i0.wp.com\/blogs.lyceecfadumene.fr\/tyanheol\/files\/2018\/12\/logo.png?ssl=1\"><img data-recalc-dims=\"1\" loading=\"lazy\" decoding=\"async\" data-attachment-id=\"2414\" data-permalink=\"https:\/\/blogs.lyceecfadumene.fr\/tyanheol\/2018\/12\/14\/quizz-des-tares-du-mene\/logo\/\" data-orig-file=\"https:\/\/i0.wp.com\/blogs.lyceecfadumene.fr\/tyanheol\/files\/2018\/12\/logo.png?fit=350%2C350&amp;ssl=1\" data-orig-size=\"350,350\" data-comments-opened=\"1\" data-image-meta=\"{&quot;aperture&quot;:&quot;0&quot;,&quot;credit&quot;:&quot;&quot;,&quot;camera&quot;:&quot;&quot;,&quot;caption&quot;:&quot;&quot;,&quot;created_timestamp&quot;:&quot;0&quot;,&quot;copyright&quot;:&quot;&quot;,&quot;focal_length&quot;:&quot;0&quot;,&quot;iso&quot;:&quot;0&quot;,&quot;shutter_speed&quot;:&quot;0&quot;,&quot;title&quot;:&quot;&quot;,&quot;orientation&quot;:&quot;0&quot;}\" data-image-title=\"logo\" data-image-description=\"\" data-image-caption=\"\" data-large-file=\"https:\/\/i0.wp.com\/blogs.lyceecfadumene.fr\/tyanheol\/files\/2018\/12\/logo.png?fit=350%2C350&amp;ssl=1\" class=\"aligncenter size-full wp-image-2414\" src=\"https:\/\/i0.wp.com\/blogs.lyceecfadumene.fr\/tyanheol\/files\/2018\/12\/logo.png?resize=350%2C350&#038;ssl=1\" alt=\"\" width=\"350\" height=\"350\" srcset=\"https:\/\/i0.wp.com\/blogs.lyceecfadumene.fr\/tyanheol\/files\/2018\/12\/logo.png?w=350&amp;ssl=1 350w, https:\/\/i0.wp.com\/blogs.lyceecfadumene.fr\/tyanheol\/files\/2018\/12\/logo.png?resize=150%2C150&amp;ssl=1 150w, https:\/\/i0.wp.com\/blogs.lyceecfadumene.fr\/tyanheol\/files\/2018\/12\/logo.png?resize=300%2C300&amp;ssl=1 300w\" sizes=\"auto, (max-width: 350px) 100vw, 350px\" \/><\/a>Nous esp\u00e9rons que cela vous plaira. Bonne \u00e9coute !<\/p>\n<audio class=\"wp-audio-shortcode\" id=\"audio-2411-1\" preload=\"none\" style=\"width: 100%;\" controls=\"controls\"><source type=\"audio\/mpeg\" src=\"https:\/\/blogs.lyceecfadumene.fr\/tyanheol\/files\/2018\/12\/QUIZZ-les-tares-du-Mene.mp3?_=1\" \/><a href=\"https:\/\/blogs.lyceecfadumene.fr\/tyanheol\/files\/2018\/12\/QUIZZ-les-tares-du-Mene.mp3\">https:\/\/blogs.lyceecfadumene.fr\/tyanheol\/files\/2018\/12\/QUIZZ-les-tares-du-Mene.mp3<\/a><\/audio>\n<p>Les Tar\u00e9s du Men\u00e9.<\/p>\n","protected":false},"excerpt":{"rendered":"<p>Nous vous proposons d&rsquo;\u00e9couter les Tar\u00e9s du Men\u00e9 qui ont fait un quizz avec de la culture g\u00e9n\u00e9rale et de la culture musicale. Les participants sont des BTS 1 Technico-Commercial. L&rsquo;\u00e9mission dure environ 15 minutes, elle se d\u00e9roule sous forme de tournois avec demi-finale et finale, les groupes sont constitu\u00e9s de 2 personnes \u00e0 chaque &hellip; <a href=\"https:\/\/blogs.lyceecfadumene.fr\/tyanheol\/2018\/12\/14\/quizz-des-tares-du-mene\/\" class=\"more-link\">Continuer la lecture de <span class=\"screen-reader-text\">Quizz des Tar\u00e9s du Men\u00e9<\/span> <span class=\"meta-nav\">&rarr;<\/span><\/a><\/p>\n","protected":false},"author":43,"featured_media":0,"comment_status":"open","ping_status":"open","sticky":false,"template":"","format":"standard","meta":{"_jetpack_memberships_contains_paid_content":false,"footnotes":"","jetpack_publicize_message":"","jetpack_publicize_feature_enabled":true,"jetpack_social_post_already_shared":true,"jetpack_social_options":{"image_generator_settings":{"template":"highway","default_image_id":0,"font":"","enabled":false},"version":2}},"categories":[29435],"tags":[25951,14797,44,7273],"class_list":["post-2411","post","type-post","status-publish","format-standard","hentry","category-radio2","tag-culture","tag-emission","tag-musique","tag-quizz"],"aioseo_notices":[],"jetpack_publicize_connections":[],"jetpack_featured_media_url":"","jetpack_shortlink":"https:\/\/wp.me\/p1SrOO-CT","jetpack_sharing_enabled":true,"_links":{"self":[{"href":"https:\/\/blogs.lyceecfadumene.fr\/tyanheol\/wp-json\/wp\/v2\/posts\/2411","targetHints":{"allow":["GET"]}}],"collection":[{"href":"https:\/\/blogs.lyceecfadumene.fr\/tyanheol\/wp-json\/wp\/v2\/posts"}],"about":[{"href":"https:\/\/blogs.lyceecfadumene.fr\/tyanheol\/wp-json\/wp\/v2\/types\/post"}],"author":[{"embeddable":true,"href":"https:\/\/blogs.lyceecfadumene.fr\/tyanheol\/wp-json\/wp\/v2\/users\/43"}],"replies":[{"embeddable":true,"href":"https:\/\/blogs.lyceecfadumene.fr\/tyanheol\/wp-json\/wp\/v2\/comments?post=2411"}],"version-history":[{"count":5,"href":"https:\/\/blogs.lyceecfadumene.fr\/tyanheol\/wp-json\/wp\/v2\/posts\/2411\/revisions"}],"predecessor-version":[{"id":2426,"href":"https:\/\/blogs.lyceecfadumene.fr\/tyanheol\/wp-json\/wp\/v2\/posts\/2411\/revisions\/2426"}],"wp:attachment":[{"href":"https:\/\/blogs.lyceecfadumene.fr\/tyanheol\/wp-json\/wp\/v2\/media?parent=2411"}],"wp:term":[{"taxonomy":"category","embeddable":true,"href":"https:\/\/blogs.lyceecfadumene.fr\/tyanheol\/wp-json\/wp\/v2\/categories?post=2411"},{"taxonomy":"post_tag","embeddable":true,"href":"https:\/\/blogs.lyceecfadumene.fr\/tyanheol\/wp-json\/wp\/v2\/tags?post=2411"}],"curies":[{"name":"wp","href":"https:\/\/api.w.org\/{rel}","templated":true}]}}