{"id":241,"date":"2012-03-16T12:19:55","date_gmt":"2012-03-16T10:19:55","guid":{"rendered":"http:\/\/blogs.lyceecfadumene.fr\/sante\/?p=241"},"modified":"2013-11-25T15:42:53","modified_gmt":"2013-11-25T13:42:53","slug":"bilan-de-la-journee-elle-et-il-nous-sommes","status":"publish","type":"post","link":"https:\/\/blogs.lyceecfadumene.fr\/tyanheol\/2012\/03\/16\/bilan-de-la-journee-elle-et-il-nous-sommes\/","title":{"rendered":"\u00ab\u00a0ELLE ET IL : NOUS SOMMES\u00a0\u00bb"},"content":{"rendered":"<p><a href=\"https:\/\/i0.wp.com\/blogs.lyceecfadumene.fr\/tyanheol\/files\/2012\/03\/plaquette.png?ssl=1\"><img data-recalc-dims=\"1\" loading=\"lazy\" decoding=\"async\" data-attachment-id=\"242\" data-permalink=\"https:\/\/blogs.lyceecfadumene.fr\/tyanheol\/2012\/03\/16\/bilan-de-la-journee-elle-et-il-nous-sommes\/plaquette\/\" data-orig-file=\"https:\/\/i0.wp.com\/blogs.lyceecfadumene.fr\/tyanheol\/files\/2012\/03\/plaquette.png?fit=549%2C771&amp;ssl=1\" data-orig-size=\"549,771\" data-comments-opened=\"1\" data-image-meta=\"{&quot;aperture&quot;:&quot;0&quot;,&quot;credit&quot;:&quot;&quot;,&quot;camera&quot;:&quot;&quot;,&quot;caption&quot;:&quot;&quot;,&quot;created_timestamp&quot;:&quot;0&quot;,&quot;copyright&quot;:&quot;&quot;,&quot;focal_length&quot;:&quot;0&quot;,&quot;iso&quot;:&quot;0&quot;,&quot;shutter_speed&quot;:&quot;0&quot;,&quot;title&quot;:&quot;&quot;}\" data-image-title=\"plaquette\" data-image-description=\"\" data-image-caption=\"\" data-large-file=\"https:\/\/i0.wp.com\/blogs.lyceecfadumene.fr\/tyanheol\/files\/2012\/03\/plaquette.png?fit=549%2C771&amp;ssl=1\" class=\"alignnone  wp-image-242\" style=\"border: black 1px solid\" src=\"https:\/\/i0.wp.com\/blogs.lyceecfadumene.fr\/tyanheol\/files\/2012\/03\/plaquette.png?resize=269%2C378&#038;ssl=1\" alt=\"\" width=\"269\" height=\"378\" srcset=\"https:\/\/i0.wp.com\/blogs.lyceecfadumene.fr\/tyanheol\/files\/2012\/03\/plaquette.png?w=549&amp;ssl=1 549w, https:\/\/i0.wp.com\/blogs.lyceecfadumene.fr\/tyanheol\/files\/2012\/03\/plaquette.png?resize=213%2C300&amp;ssl=1 213w\" sizes=\"auto, (max-width: 269px) 100vw, 269px\" \/><\/a><a href=\"https:\/\/i0.wp.com\/blogs.lyceecfadumene.fr\/tyanheol\/files\/2012\/03\/plaquette2.png?ssl=1\"><img data-recalc-dims=\"1\" loading=\"lazy\" decoding=\"async\" data-attachment-id=\"243\" data-permalink=\"https:\/\/blogs.lyceecfadumene.fr\/tyanheol\/2012\/03\/16\/bilan-de-la-journee-elle-et-il-nous-sommes\/plaquette2\/\" data-orig-file=\"https:\/\/i0.wp.com\/blogs.lyceecfadumene.fr\/tyanheol\/files\/2012\/03\/plaquette2.png?fit=546%2C772&amp;ssl=1\" data-orig-size=\"546,772\" data-comments-opened=\"1\" data-image-meta=\"{&quot;aperture&quot;:&quot;0&quot;,&quot;credit&quot;:&quot;&quot;,&quot;camera&quot;:&quot;&quot;,&quot;caption&quot;:&quot;&quot;,&quot;created_timestamp&quot;:&quot;0&quot;,&quot;copyright&quot;:&quot;&quot;,&quot;focal_length&quot;:&quot;0&quot;,&quot;iso&quot;:&quot;0&quot;,&quot;shutter_speed&quot;:&quot;0&quot;,&quot;title&quot;:&quot;&quot;}\" data-image-title=\"plaquette2\" data-image-description=\"\" data-image-caption=\"\" data-large-file=\"https:\/\/i0.wp.com\/blogs.lyceecfadumene.fr\/tyanheol\/files\/2012\/03\/plaquette2.png?fit=546%2C772&amp;ssl=1\" class=\"alignnone  wp-image-243\" style=\"border: black 1px solid\" src=\"https:\/\/i0.wp.com\/blogs.lyceecfadumene.fr\/tyanheol\/files\/2012\/03\/plaquette2.png?resize=267%2C378&#038;ssl=1\" alt=\"\" width=\"267\" height=\"378\" srcset=\"https:\/\/i0.wp.com\/blogs.lyceecfadumene.fr\/tyanheol\/files\/2012\/03\/plaquette2.png?w=546&amp;ssl=1 546w, https:\/\/i0.wp.com\/blogs.lyceecfadumene.fr\/tyanheol\/files\/2012\/03\/plaquette2.png?resize=212%2C300&amp;ssl=1 212w\" sizes=\"auto, (max-width: 267px) 100vw, 267px\" \/><\/a><\/p>\n<p>Vous pouvez retrouver les quizz de la journ\u00e9e ci-dessous :<\/p>\n<ul>\n<li>Sur le site internet de l&rsquo;\u00e9galit\u00e9 des chances entre les femmes et les hommes.<\/li>\n<ul>\n<li><a href=\"http:\/\/www.avecegalite.com\/qcm.php3?id_rubrique=29\" target=\"_blank\">La place des femmes dans la soci\u00e9t\u00e9<\/a><\/li>\n<li><a href=\"http:\/\/www.avecegalite.com\/qcm.php3?id_rubrique=30\" target=\"_blank\">On dit un ou une pour&#8230; ?<\/a><\/li>\n<li><a href=\"\/\/www.avecegalite.com\/qcm.php3?id_rubrique=92\" target=\"_blank\">Masculin, F\u00e9minin ?<\/a><\/li>\n<\/ul>\n<li>Sur le site de la r\u00e9gion Bretagne.<\/li>\n<ul>\n<li><a href=\"http:\/\/www.bretagne.fr\/internet\/jcms\/preprod_130524\/quizz-etes-vous-sexiste\" target=\"_blank\">Etes-vous sexiste ?<\/a><\/li>\n<\/ul>\n<li>Sur le site de TV5 monde (voir dans la cat\u00e9gorie \u00ab\u00a0histoire et soci\u00e9t\u00e9\u00a0\u00bb)<\/li>\n<ul>\n<li><a href=\"http:\/\/www.tv5.org\/TV5Site\/jeunesse\/quiz-1945-16-parite-hommes-femmes.htm\" target=\"_blank\">Parit\u00e9 hommes-femmes<\/a><\/li>\n<li><a href=\"http:\/\/www.tv5.org\/TV5Site\/jeunesse\/quiz-1954-16-les-textes-du-feminisme.htm\" target=\"_blank\">Les textes f\u00e9ministes<\/a><\/li>\n<\/ul>\n<\/ul>\n","protected":false},"excerpt":{"rendered":"<p>Vous pouvez retrouver les quizz de la journ\u00e9e ci-dessous : Sur le site internet de l&rsquo;\u00e9galit\u00e9 des chances entre les femmes et les hommes. La place des femmes dans la soci\u00e9t\u00e9 On dit un ou une pour&#8230; ? Masculin, F\u00e9minin ? Sur le site de la r\u00e9gion Bretagne. Etes-vous sexiste ? Sur le site de &hellip; <a href=\"https:\/\/blogs.lyceecfadumene.fr\/tyanheol\/2012\/03\/16\/bilan-de-la-journee-elle-et-il-nous-sommes\/\" class=\"more-link\">Continuer la lecture de <span class=\"screen-reader-text\">\u00ab\u00a0ELLE ET IL : NOUS SOMMES\u00a0\u00bb<\/span> <span class=\"meta-nav\">&rarr;<\/span><\/a><\/p>\n","protected":false},"author":43,"featured_media":0,"comment_status":"open","ping_status":"open","sticky":false,"template":"","format":"standard","meta":{"_jetpack_memberships_contains_paid_content":false,"footnotes":"","jetpack_publicize_message":"","jetpack_publicize_feature_enabled":true,"jetpack_social_post_already_shared":true,"jetpack_social_options":{"image_generator_settings":{"template":"highway","default_image_id":0,"font":"","enabled":false},"version":2}},"categories":[9203],"tags":[7270,7272,7271,7273],"class_list":["post-241","post","type-post","status-publish","format-standard","hentry","category-sante","tag-egalite","tag-femme","tag-homme","tag-quizz"],"aioseo_notices":[],"jetpack_publicize_connections":[],"jetpack_featured_media_url":"","jetpack_shortlink":"https:\/\/wp.me\/p1SrOO-3T","jetpack_sharing_enabled":true,"_links":{"self":[{"href":"https:\/\/blogs.lyceecfadumene.fr\/tyanheol\/wp-json\/wp\/v2\/posts\/241","targetHints":{"allow":["GET"]}}],"collection":[{"href":"https:\/\/blogs.lyceecfadumene.fr\/tyanheol\/wp-json\/wp\/v2\/posts"}],"about":[{"href":"https:\/\/blogs.lyceecfadumene.fr\/tyanheol\/wp-json\/wp\/v2\/types\/post"}],"author":[{"embeddable":true,"href":"https:\/\/blogs.lyceecfadumene.fr\/tyanheol\/wp-json\/wp\/v2\/users\/43"}],"replies":[{"embeddable":true,"href":"https:\/\/blogs.lyceecfadumene.fr\/tyanheol\/wp-json\/wp\/v2\/comments?post=241"}],"version-history":[{"count":0,"href":"https:\/\/blogs.lyceecfadumene.fr\/tyanheol\/wp-json\/wp\/v2\/posts\/241\/revisions"}],"wp:attachment":[{"href":"https:\/\/blogs.lyceecfadumene.fr\/tyanheol\/wp-json\/wp\/v2\/media?parent=241"}],"wp:term":[{"taxonomy":"category","embeddable":true,"href":"https:\/\/blogs.lyceecfadumene.fr\/tyanheol\/wp-json\/wp\/v2\/categories?post=241"},{"taxonomy":"post_tag","embeddable":true,"href":"https:\/\/blogs.lyceecfadumene.fr\/tyanheol\/wp-json\/wp\/v2\/tags?post=241"}],"curies":[{"name":"wp","href":"https:\/\/api.w.org\/{rel}","templated":true}]}}