{"id":2386,"date":"2018-11-14T19:46:45","date_gmt":"2018-11-14T17:46:45","guid":{"rendered":"https:\/\/blogs.lyceecfadumene.fr\/tyanheol\/?p=2386"},"modified":"2022-04-03T17:57:16","modified_gmt":"2022-04-03T15:57:16","slug":"formation-des-delegues-2","status":"publish","type":"post","link":"https:\/\/blogs.lyceecfadumene.fr\/tyanheol\/2018\/11\/14\/formation-des-delegues-2\/","title":{"rendered":"Formation des D\u00e9l\u00e9gu\u00e9s"},"content":{"rendered":"<p>Comme chaque ann\u00e9e, nos D\u00e9l\u00e9gu\u00e9s se sont form\u00e9s \u00e0 l&rsquo;\u00e9coute, la prise de parole et la prise de d\u00e9cision dans des ateliers-d\u00e9bats, mais aussi \u00e0 l&rsquo;esprit d&rsquo;\u00e9quipe, \u00e0 l&rsquo;entraide, \u00e0 l&rsquo;engagement et la prise de risque. Et ce gr\u00e2ce aux gyropodes. Pour savoir ce que c&rsquo;est, regardez la vid\u00e9o :<\/p>\n<p><span class=\"embed-youtube\" style=\"text-align:center; display: block;\"><iframe loading=\"lazy\" class=\"youtube-player\" width=\"604\" height=\"340\" src=\"https:\/\/www.youtube.com\/embed\/FttidtjnvEc?version=3&#038;rel=1&#038;showsearch=0&#038;showinfo=1&#038;iv_load_policy=1&#038;fs=1&#038;hl=fr-FR&#038;autohide=2&#038;wmode=transparent\" allowfullscreen=\"true\" style=\"border:0;\" sandbox=\"allow-scripts allow-same-origin allow-popups allow-presentation allow-popups-to-escape-sandbox\"><\/iframe><\/span><\/p>\n<p>&nbsp;<\/p>\n","protected":false},"excerpt":{"rendered":"<p>Comme chaque ann\u00e9e, nos D\u00e9l\u00e9gu\u00e9s se sont form\u00e9s \u00e0 l&rsquo;\u00e9coute, la prise de parole et la prise de d\u00e9cision dans des ateliers-d\u00e9bats, mais aussi \u00e0 l&rsquo;esprit d&rsquo;\u00e9quipe, \u00e0 l&rsquo;entraide, \u00e0 l&rsquo;engagement et la prise de risque. Et ce gr\u00e2ce aux gyropodes. Pour savoir ce que c&rsquo;est, regardez la vid\u00e9o : &nbsp;<\/p>\n","protected":false},"author":97,"featured_media":0,"comment_status":"open","ping_status":"open","sticky":false,"template":"","format":"standard","meta":{"_jetpack_memberships_contains_paid_content":false,"footnotes":"","jetpack_publicize_message":"","jetpack_publicize_feature_enabled":true,"jetpack_social_post_already_shared":true,"jetpack_social_options":{"image_generator_settings":{"template":"highway","default_image_id":0,"font":"","enabled":false},"version":2}},"categories":[27366,25439,1,9203,9177,29434,29432,314],"tags":[9190,25425,25464,5685,4,5,6,3645,25463,3643],"class_list":["post-2386","post","type-post","status-publish","format-standard","hentry","category-alesa-ty-an-heol","category-education-socioculturelle","category-non-classe","category-sante","category-sorties","category-sport2","category-video2","category-videos","tag-activites","tag-delegues","tag-education-socioculturelle","tag-formation","tag-lycee","tag-mene","tag-merdrignac","tag-sortie","tag-sorties","tag-ty-an-heol"],"aioseo_notices":[],"jetpack_publicize_connections":[],"jetpack_featured_media_url":"","jetpack_shortlink":"https:\/\/wp.me\/p1SrOO-Cu","jetpack_sharing_enabled":true,"_links":{"self":[{"href":"https:\/\/blogs.lyceecfadumene.fr\/tyanheol\/wp-json\/wp\/v2\/posts\/2386","targetHints":{"allow":["GET"]}}],"collection":[{"href":"https:\/\/blogs.lyceecfadumene.fr\/tyanheol\/wp-json\/wp\/v2\/posts"}],"about":[{"href":"https:\/\/blogs.lyceecfadumene.fr\/tyanheol\/wp-json\/wp\/v2\/types\/post"}],"author":[{"embeddable":true,"href":"https:\/\/blogs.lyceecfadumene.fr\/tyanheol\/wp-json\/wp\/v2\/users\/97"}],"replies":[{"embeddable":true,"href":"https:\/\/blogs.lyceecfadumene.fr\/tyanheol\/wp-json\/wp\/v2\/comments?post=2386"}],"version-history":[{"count":1,"href":"https:\/\/blogs.lyceecfadumene.fr\/tyanheol\/wp-json\/wp\/v2\/posts\/2386\/revisions"}],"predecessor-version":[{"id":2387,"href":"https:\/\/blogs.lyceecfadumene.fr\/tyanheol\/wp-json\/wp\/v2\/posts\/2386\/revisions\/2387"}],"wp:attachment":[{"href":"https:\/\/blogs.lyceecfadumene.fr\/tyanheol\/wp-json\/wp\/v2\/media?parent=2386"}],"wp:term":[{"taxonomy":"category","embeddable":true,"href":"https:\/\/blogs.lyceecfadumene.fr\/tyanheol\/wp-json\/wp\/v2\/categories?post=2386"},{"taxonomy":"post_tag","embeddable":true,"href":"https:\/\/blogs.lyceecfadumene.fr\/tyanheol\/wp-json\/wp\/v2\/tags?post=2386"}],"curies":[{"name":"wp","href":"https:\/\/api.w.org\/{rel}","templated":true}]}}