{"id":2346,"date":"2018-06-05T18:32:55","date_gmt":"2018-06-05T16:32:55","guid":{"rendered":"https:\/\/blogs.lyceecfadumene.fr\/tyanheol\/?p=2346"},"modified":"2022-04-03T17:55:06","modified_gmt":"2022-04-03T15:55:06","slug":"le-lycee-du-mene-felicite-ses-laureats","status":"publish","type":"post","link":"https:\/\/blogs.lyceecfadumene.fr\/tyanheol\/2018\/06\/05\/le-lycee-du-mene-felicite-ses-laureats\/","title":{"rendered":"Le Lyc\u00e9e du Men\u00e9 f\u00e9licite ses laur\u00e9ats"},"content":{"rendered":"<p><img decoding=\"async\" src=\"https:\/\/i2.wp.com\/www.lycee-merdrignac.educagri.fr\/wp-content\/uploads\/2014\/04\/i0_20070227_11029628831.jpg?resize=640%2C372&amp;ssl=1\" alt=\"Image associ\u00c3\u00a9e\"><\/p>\n<p>Le Lyc\u00e9e-CFA du Men\u00e9 a c\u00e9l\u00e9br\u00e9 aujourd&rsquo;hui une c\u00e9r\u00e9monie en l&rsquo;honneur des \u00e9l\u00e8ves et apprentis qui ont brill\u00e9 cette ann\u00e9e dans un concours local ou national. Ont \u00e9t\u00e9 invit\u00e9s tous les participants, les d\u00e9l\u00e9gu\u00e9s et \u00e9lus de toutes les classes et l&rsquo;ensemble du personnel.<\/p>\n<ul style=\"list-style-type: square\">\n<li><strong>Concours de reconnaissance des v\u00e9g\u00e9taux<\/strong> :<\/li>\n<\/ul>\n<p>Elodie Delahaie : 1er prix et prix sp\u00e9cial en BTSA Commerce &#8211; Coraline Rochette : prix d&rsquo;honneur en BTSA Commerce &#8211; Tony Dubreuil : prix sp\u00e9cial et prix d&rsquo;honneur en Bac Pro Commerce &#8211; Cyril Lemonnier : 1er prix et prix sp\u00e9cial en BPA Am\u00e9nagement Paysager &#8211; Le prix sp\u00e9cial r\u00e9compense plus particuli\u00e8rement les connaissances sur les caract\u00e9ristiques des v\u00e9g\u00e9taux.<\/p>\n<ul>\n<li><strong>Concours de reconnaissance animali\u00e8re<\/strong> :<\/li>\n<\/ul>\n<p>Marion Salaun et Gurvan Burlot : cat\u00e9gorie Seconde Professionnelle &#8211; Meddy Dufour, Ang\u00e9lique Lorre : cat\u00e9gorie Terminale &#8211; Marion Salaun, de Seconde : mention sp\u00e9ciale, 2\u00e8me au classement g\u00e9n\u00e9ral<\/p>\n<ul>\n<li><strong>Concours Kangourou des math\u00e9matiques<\/strong> :<\/li>\n<\/ul>\n<p>Les classes de Seconde se sont distingu\u00e9es : Laura Bannier, Guillaume Thomas et Camille Monnier sont dans les 100 premiers au niveau national sur 3105 participants.<\/p>\n<ul>\n<li><strong>Concours meilleur apprenti<\/strong> :<\/li>\n<\/ul>\n<p>5 apprenants ont repr\u00e9sent\u00e9 le Lyc\u00e9e, avec L\u00e9o Ollivier Henry : m\u00e9daille de bronze &#8211; Tristan Blanchard : m\u00e9daille d&rsquo;argent, qualifi\u00e9 pour le concours r\u00e9gional.<\/p>\n<ul>\n<li><strong>Concours National M\u00e9moire de 14\/18<\/strong> :<\/li>\n<\/ul>\n<p>Dans le cadre du centenaire de la fin de la Premi\u00e8re guerre, nos \u00e9l\u00e8ves de CAP ont produit un film sur les femmes pendant la guerre. Elles ont obtenu le 1er prix du Pr\u00e9sident de la R\u00e9publique, remis par le Pr\u00e9fet de Paris lors de la c\u00e9r\u00e9monie nationale de comm\u00e9moration sous l&rsquo;Arc de Triomphe.<\/p>\n<p><span class=\"embed-youtube\" style=\"text-align:center; display: block;\"><iframe loading=\"lazy\" class=\"youtube-player\" width=\"604\" height=\"340\" src=\"https:\/\/www.youtube.com\/embed\/25ejKLZubuk?version=3&#038;rel=1&#038;showsearch=0&#038;showinfo=1&#038;iv_load_policy=1&#038;fs=1&#038;hl=fr-FR&#038;autohide=2&#038;wmode=transparent\" allowfullscreen=\"true\" style=\"border:0;\" sandbox=\"allow-scripts allow-same-origin allow-popups allow-presentation allow-popups-to-escape-sandbox\"><\/iframe><\/span><\/p>\n<ul>\n<li><strong>Olympiade des m\u00e9tiers<\/strong> :<\/li>\n<\/ul>\n<p>Nathan Le Pen et Antoine Leon, en BTS2 AP, ont port\u00e9 les couleurs de l&rsquo;Etablissement.<\/p>\n<ul>\n<li><strong>Concours BreizhDoc<\/strong> :<\/li>\n<\/ul>\n<p>La classe de BTS1 TC a particip\u00e9 et a gagn\u00e9 le 1er prix de la critique litt\u00e9raire ; Elle assistera \u00e0 la c\u00e9r\u00e9monie de remise des prix, avec des rencontres avec les auteurs.<\/p>\n<ul>\n<li><strong>Lien Horticole<\/strong> :<\/li>\n<\/ul>\n<p>Un groupe d&rsquo;apprentis en BTS2 AP a obtenu la 4\u00e8me place.<\/p>\n<ul>\n<li><strong>Prix de la mobilit\u00e9<\/strong> : Lilia H\u00e9risson, pour son voyage d&rsquo;\u00e9tude en Paus de Galles.<\/li>\n<\/ul>\n<p>Bravo \u00e0 toutes et \u00e0 tous !<\/p>\n<p><span class=\"embed-youtube\" style=\"text-align:center; display: block;\"><iframe loading=\"lazy\" class=\"youtube-player\" width=\"604\" height=\"340\" src=\"https:\/\/www.youtube.com\/embed\/6fU0w88pEeA?version=3&#038;rel=1&#038;showsearch=0&#038;showinfo=1&#038;iv_load_policy=1&#038;fs=1&#038;hl=fr-FR&#038;autohide=2&#038;wmode=transparent\" allowfullscreen=\"true\" style=\"border:0;\" sandbox=\"allow-scripts allow-same-origin allow-popups allow-presentation allow-popups-to-escape-sandbox\"><\/iframe><\/span><\/p>\n","protected":false},"excerpt":{"rendered":"<p>Le Lyc\u00e9e-CFA du Men\u00e9 a c\u00e9l\u00e9br\u00e9 aujourd&rsquo;hui une c\u00e9r\u00e9monie en l&rsquo;honneur des \u00e9l\u00e8ves et apprentis qui ont brill\u00e9 cette ann\u00e9e dans un concours local ou national. Ont \u00e9t\u00e9 invit\u00e9s tous les participants, les d\u00e9l\u00e9gu\u00e9s et \u00e9lus de toutes les classes et l&rsquo;ensemble du personnel. Concours de reconnaissance des v\u00e9g\u00e9taux : Elodie Delahaie : 1er prix &hellip; <a href=\"https:\/\/blogs.lyceecfadumene.fr\/tyanheol\/2018\/06\/05\/le-lycee-du-mene-felicite-ses-laureats\/\" class=\"more-link\">Continuer la lecture de <span class=\"screen-reader-text\">Le Lyc\u00e9e du Men\u00e9 f\u00e9licite ses laur\u00e9ats<\/span> <span class=\"meta-nav\">&rarr;<\/span><\/a><\/p>\n","protected":false},"author":97,"featured_media":0,"comment_status":"open","ping_status":"open","sticky":false,"template":"","format":"standard","meta":{"_jetpack_memberships_contains_paid_content":false,"footnotes":"","jetpack_publicize_message":"","jetpack_publicize_feature_enabled":true,"jetpack_social_post_already_shared":true,"jetpack_social_options":{"image_generator_settings":{"template":"highway","default_image_id":0,"font":"","enabled":false},"version":2}},"categories":[1,29432,314],"tags":[9190,51,4,6],"class_list":["post-2346","post","type-post","status-publish","format-standard","hentry","category-non-classe","category-video2","category-videos","tag-activites","tag-concours","tag-lycee","tag-merdrignac"],"aioseo_notices":[],"jetpack_publicize_connections":[],"jetpack_featured_media_url":"","jetpack_shortlink":"https:\/\/wp.me\/p1SrOO-BQ","jetpack_sharing_enabled":true,"_links":{"self":[{"href":"https:\/\/blogs.lyceecfadumene.fr\/tyanheol\/wp-json\/wp\/v2\/posts\/2346","targetHints":{"allow":["GET"]}}],"collection":[{"href":"https:\/\/blogs.lyceecfadumene.fr\/tyanheol\/wp-json\/wp\/v2\/posts"}],"about":[{"href":"https:\/\/blogs.lyceecfadumene.fr\/tyanheol\/wp-json\/wp\/v2\/types\/post"}],"author":[{"embeddable":true,"href":"https:\/\/blogs.lyceecfadumene.fr\/tyanheol\/wp-json\/wp\/v2\/users\/97"}],"replies":[{"embeddable":true,"href":"https:\/\/blogs.lyceecfadumene.fr\/tyanheol\/wp-json\/wp\/v2\/comments?post=2346"}],"version-history":[{"count":3,"href":"https:\/\/blogs.lyceecfadumene.fr\/tyanheol\/wp-json\/wp\/v2\/posts\/2346\/revisions"}],"predecessor-version":[{"id":2349,"href":"https:\/\/blogs.lyceecfadumene.fr\/tyanheol\/wp-json\/wp\/v2\/posts\/2346\/revisions\/2349"}],"wp:attachment":[{"href":"https:\/\/blogs.lyceecfadumene.fr\/tyanheol\/wp-json\/wp\/v2\/media?parent=2346"}],"wp:term":[{"taxonomy":"category","embeddable":true,"href":"https:\/\/blogs.lyceecfadumene.fr\/tyanheol\/wp-json\/wp\/v2\/categories?post=2346"},{"taxonomy":"post_tag","embeddable":true,"href":"https:\/\/blogs.lyceecfadumene.fr\/tyanheol\/wp-json\/wp\/v2\/tags?post=2346"}],"curies":[{"name":"wp","href":"https:\/\/api.w.org\/{rel}","templated":true}]}}