{"id":2336,"date":"2018-05-28T15:13:22","date_gmt":"2018-05-28T13:13:22","guid":{"rendered":"https:\/\/blogs.lyceecfadumene.fr\/tyanheol\/?p=2336"},"modified":"2022-04-03T17:58:54","modified_gmt":"2022-04-03T15:58:54","slug":"le-jt-sport-du-mene","status":"publish","type":"post","link":"https:\/\/blogs.lyceecfadumene.fr\/tyanheol\/2018\/05\/28\/le-jt-sport-du-mene\/","title":{"rendered":"Le JT sport du Men\u00e9\u00a0!"},"content":{"rendered":"<p>Notre animatrice Julie et de nos intervenants Flavien, Oph\u00e9lie et Elisa vont vous faire d\u00e9couvrir l&rsquo;actualit\u00e9 sportive du moment :<\/p>\n<ul>\n<li>Le tournoi de Roland Garros<\/li>\n<li>La coupe du monde de football<\/li>\n<li>Les 24h du Mans<\/li>\n<li>Le tour de France<\/li>\n<\/ul>\n<p><a href=\"https:\/\/i0.wp.com\/blogs.lyceecfadumene.fr\/tyanheol\/files\/2018\/05\/image-def-radio.png?ssl=1\"><img data-recalc-dims=\"1\" loading=\"lazy\" decoding=\"async\" data-attachment-id=\"2337\" data-permalink=\"https:\/\/blogs.lyceecfadumene.fr\/tyanheol\/2018\/05\/28\/le-jt-sport-du-mene\/image-def-radio\/\" data-orig-file=\"https:\/\/i0.wp.com\/blogs.lyceecfadumene.fr\/tyanheol\/files\/2018\/05\/image-def-radio.png?fit=552%2C402&amp;ssl=1\" data-orig-size=\"552,402\" data-comments-opened=\"1\" data-image-meta=\"{&quot;aperture&quot;:&quot;0&quot;,&quot;credit&quot;:&quot;&quot;,&quot;camera&quot;:&quot;&quot;,&quot;caption&quot;:&quot;&quot;,&quot;created_timestamp&quot;:&quot;0&quot;,&quot;copyright&quot;:&quot;&quot;,&quot;focal_length&quot;:&quot;0&quot;,&quot;iso&quot;:&quot;0&quot;,&quot;shutter_speed&quot;:&quot;0&quot;,&quot;title&quot;:&quot;&quot;,&quot;orientation&quot;:&quot;0&quot;}\" data-image-title=\"image def radio\" data-image-description=\"\" data-image-caption=\"\" data-large-file=\"https:\/\/i0.wp.com\/blogs.lyceecfadumene.fr\/tyanheol\/files\/2018\/05\/image-def-radio.png?fit=552%2C402&amp;ssl=1\" class=\"aligncenter wp-image-2337\" src=\"https:\/\/i0.wp.com\/blogs.lyceecfadumene.fr\/tyanheol\/files\/2018\/05\/image-def-radio.png?resize=330%2C242&#038;ssl=1\" alt=\"\" width=\"330\" height=\"242\"><\/a><\/p>\n<audio class=\"wp-audio-shortcode\" id=\"audio-2336-1\" preload=\"none\" style=\"width: 100%;\" controls=\"controls\"><source type=\"audio\/mpeg\" src=\"https:\/\/blogs.lyceecfadumene.fr\/tyanheol\/files\/2018\/05\/Emission-radio.mp3?_=1\" \/><a href=\"https:\/\/blogs.lyceecfadumene.fr\/tyanheol\/files\/2018\/05\/Emission-radio.mp3\">https:\/\/blogs.lyceecfadumene.fr\/tyanheol\/files\/2018\/05\/Emission-radio.mp3<\/a><\/audio>\n<p>&nbsp;<\/p>\n<p>&nbsp;<\/p>\n","protected":false},"excerpt":{"rendered":"<p>Notre animatrice Julie et de nos intervenants Flavien, Oph\u00e9lie et Elisa vont vous faire d\u00e9couvrir l&rsquo;actualit\u00e9 sportive du moment : Le tournoi de Roland Garros La coupe du monde de football Les 24h du Mans Le tour de France &nbsp; &nbsp;<\/p>\n","protected":false},"author":43,"featured_media":0,"comment_status":"open","ping_status":"open","sticky":false,"template":"","format":"standard","meta":{"_jetpack_memberships_contains_paid_content":false,"footnotes":"","jetpack_publicize_message":"","jetpack_publicize_feature_enabled":true,"jetpack_social_post_already_shared":true,"jetpack_social_options":{"image_generator_settings":{"template":"highway","default_image_id":0,"font":"","enabled":false},"version":2}},"categories":[15105,25439,1,29435,9177,29434],"tags":[],"class_list":["post-2336","post","type-post","status-publish","format-standard","hentry","category-association-sportive","category-education-socioculturelle","category-non-classe","category-radio2","category-sorties","category-sport2"],"aioseo_notices":[],"jetpack_publicize_connections":[],"jetpack_featured_media_url":"","jetpack_shortlink":"https:\/\/wp.me\/p1SrOO-BG","jetpack_sharing_enabled":true,"_links":{"self":[{"href":"https:\/\/blogs.lyceecfadumene.fr\/tyanheol\/wp-json\/wp\/v2\/posts\/2336","targetHints":{"allow":["GET"]}}],"collection":[{"href":"https:\/\/blogs.lyceecfadumene.fr\/tyanheol\/wp-json\/wp\/v2\/posts"}],"about":[{"href":"https:\/\/blogs.lyceecfadumene.fr\/tyanheol\/wp-json\/wp\/v2\/types\/post"}],"author":[{"embeddable":true,"href":"https:\/\/blogs.lyceecfadumene.fr\/tyanheol\/wp-json\/wp\/v2\/users\/43"}],"replies":[{"embeddable":true,"href":"https:\/\/blogs.lyceecfadumene.fr\/tyanheol\/wp-json\/wp\/v2\/comments?post=2336"}],"version-history":[{"count":5,"href":"https:\/\/blogs.lyceecfadumene.fr\/tyanheol\/wp-json\/wp\/v2\/posts\/2336\/revisions"}],"predecessor-version":[{"id":2344,"href":"https:\/\/blogs.lyceecfadumene.fr\/tyanheol\/wp-json\/wp\/v2\/posts\/2336\/revisions\/2344"}],"wp:attachment":[{"href":"https:\/\/blogs.lyceecfadumene.fr\/tyanheol\/wp-json\/wp\/v2\/media?parent=2336"}],"wp:term":[{"taxonomy":"category","embeddable":true,"href":"https:\/\/blogs.lyceecfadumene.fr\/tyanheol\/wp-json\/wp\/v2\/categories?post=2336"},{"taxonomy":"post_tag","embeddable":true,"href":"https:\/\/blogs.lyceecfadumene.fr\/tyanheol\/wp-json\/wp\/v2\/tags?post=2336"}],"curies":[{"name":"wp","href":"https:\/\/api.w.org\/{rel}","templated":true}]}}