{"id":2307,"date":"2018-03-19T16:11:50","date_gmt":"2018-03-19T14:11:50","guid":{"rendered":"https:\/\/blogs.lyceecfadumene.fr\/tyanheol\/?p=2307"},"modified":"2018-03-26T15:28:58","modified_gmt":"2018-03-26T13:28:58","slug":"procap-vers-un-calendrier-charge","status":"publish","type":"post","link":"https:\/\/blogs.lyceecfadumene.fr\/tyanheol\/2018\/03\/19\/procap-vers-un-calendrier-charge\/","title":{"rendered":"Procap, vers un calendrier charg\u00e9 !"},"content":{"rendered":"<p><a href=\"https:\/\/i0.wp.com\/blogs.lyceecfadumene.fr\/tyanheol\/files\/2018\/03\/microphones-1473422_960_720.png?ssl=1\"><img data-recalc-dims=\"1\" loading=\"lazy\" decoding=\"async\" data-attachment-id=\"2308\" data-permalink=\"https:\/\/blogs.lyceecfadumene.fr\/tyanheol\/2018\/03\/19\/procap-vers-un-calendrier-charge\/microphones-1473422_960_720\/\" data-orig-file=\"https:\/\/i0.wp.com\/blogs.lyceecfadumene.fr\/tyanheol\/files\/2018\/03\/microphones-1473422_960_720.png?fit=536%2C720&amp;ssl=1\" data-orig-size=\"536,720\" data-comments-opened=\"1\" data-image-meta=\"{&quot;aperture&quot;:&quot;0&quot;,&quot;credit&quot;:&quot;&quot;,&quot;camera&quot;:&quot;&quot;,&quot;caption&quot;:&quot;&quot;,&quot;created_timestamp&quot;:&quot;0&quot;,&quot;copyright&quot;:&quot;&quot;,&quot;focal_length&quot;:&quot;0&quot;,&quot;iso&quot;:&quot;0&quot;,&quot;shutter_speed&quot;:&quot;0&quot;,&quot;title&quot;:&quot;&quot;,&quot;orientation&quot;:&quot;0&quot;}\" data-image-title=\"microphones-1473422_960_720\" data-image-description=\"\" data-image-caption=\"\" data-large-file=\"https:\/\/i0.wp.com\/blogs.lyceecfadumene.fr\/tyanheol\/files\/2018\/03\/microphones-1473422_960_720.png?fit=536%2C720&amp;ssl=1\" class=\"alignright wp-image-2308\" src=\"https:\/\/i0.wp.com\/blogs.lyceecfadumene.fr\/tyanheol\/files\/2018\/03\/microphones-1473422_960_720.png?resize=150%2C201&#038;ssl=1\" alt=\"\" width=\"150\" height=\"201\" srcset=\"https:\/\/i0.wp.com\/blogs.lyceecfadumene.fr\/tyanheol\/files\/2018\/03\/microphones-1473422_960_720.png?w=536&amp;ssl=1 536w, https:\/\/i0.wp.com\/blogs.lyceecfadumene.fr\/tyanheol\/files\/2018\/03\/microphones-1473422_960_720.png?resize=223%2C300&amp;ssl=1 223w\" sizes=\"auto, (max-width: 150px) 100vw, 150px\" \/><\/a>Un Procap est un projet commercial organis\u00e9 par les \u00e9tudiants dans le cadre de la formation de BTS Technico-commercial. G\u00e9n\u00e9ralement, ils servent aussi \u00e0 financer en partie le voyage d&rsquo;\u00e9tude de la classe.<\/p>\n<p>Dans notre \u00e9mission, plusieurs intervenants sont venus pr\u00e9senter les projets qui seront mis en \u0153uvre cette ann\u00e9e.<\/p>\n<p>@ bient\u00f4t !<\/p>\n<audio class=\"wp-audio-shortcode\" id=\"audio-2307-1\" preload=\"none\" style=\"width: 100%;\" controls=\"controls\"><source type=\"audio\/mpeg\" src=\"https:\/\/blogs.lyceecfadumene.fr\/tyanheol\/files\/2018\/03\/radio-PROCAP-FINAL.mp3?_=1\" \/><a href=\"https:\/\/blogs.lyceecfadumene.fr\/tyanheol\/files\/2018\/03\/radio-PROCAP-FINAL.mp3\">https:\/\/blogs.lyceecfadumene.fr\/tyanheol\/files\/2018\/03\/radio-PROCAP-FINAL.mp3<\/a><\/audio>\n","protected":false},"excerpt":{"rendered":"<p>Un Procap est un projet commercial organis\u00e9 par les \u00e9tudiants dans le cadre de la formation de BTS Technico-commercial. G\u00e9n\u00e9ralement, ils servent aussi \u00e0 financer en partie le voyage d&rsquo;\u00e9tude de la classe. Dans notre \u00e9mission, plusieurs intervenants sont venus pr\u00e9senter les projets qui seront mis en \u0153uvre cette ann\u00e9e. @ bient\u00f4t ! https:\/\/blogs.lyceecfadumene.fr\/tyanheol\/files\/2018\/03\/radio-PROCAP-FINAL.mp3<\/p>\n","protected":false},"author":43,"featured_media":0,"comment_status":"open","ping_status":"open","sticky":false,"template":"","format":"standard","meta":{"_jetpack_memberships_contains_paid_content":false,"footnotes":"","jetpack_publicize_message":"","jetpack_publicize_feature_enabled":true,"jetpack_social_post_already_shared":true,"jetpack_social_options":{"image_generator_settings":{"template":"highway","default_image_id":0,"font":"","enabled":false},"version":2}},"categories":[1],"tags":[],"class_list":["post-2307","post","type-post","status-publish","format-standard","hentry","category-non-classe"],"aioseo_notices":[],"jetpack_publicize_connections":[],"jetpack_featured_media_url":"","jetpack_shortlink":"https:\/\/wp.me\/p1SrOO-Bd","jetpack_sharing_enabled":true,"_links":{"self":[{"href":"https:\/\/blogs.lyceecfadumene.fr\/tyanheol\/wp-json\/wp\/v2\/posts\/2307","targetHints":{"allow":["GET"]}}],"collection":[{"href":"https:\/\/blogs.lyceecfadumene.fr\/tyanheol\/wp-json\/wp\/v2\/posts"}],"about":[{"href":"https:\/\/blogs.lyceecfadumene.fr\/tyanheol\/wp-json\/wp\/v2\/types\/post"}],"author":[{"embeddable":true,"href":"https:\/\/blogs.lyceecfadumene.fr\/tyanheol\/wp-json\/wp\/v2\/users\/43"}],"replies":[{"embeddable":true,"href":"https:\/\/blogs.lyceecfadumene.fr\/tyanheol\/wp-json\/wp\/v2\/comments?post=2307"}],"version-history":[{"count":4,"href":"https:\/\/blogs.lyceecfadumene.fr\/tyanheol\/wp-json\/wp\/v2\/posts\/2307\/revisions"}],"predecessor-version":[{"id":2318,"href":"https:\/\/blogs.lyceecfadumene.fr\/tyanheol\/wp-json\/wp\/v2\/posts\/2307\/revisions\/2318"}],"wp:attachment":[{"href":"https:\/\/blogs.lyceecfadumene.fr\/tyanheol\/wp-json\/wp\/v2\/media?parent=2307"}],"wp:term":[{"taxonomy":"category","embeddable":true,"href":"https:\/\/blogs.lyceecfadumene.fr\/tyanheol\/wp-json\/wp\/v2\/categories?post=2307"},{"taxonomy":"post_tag","embeddable":true,"href":"https:\/\/blogs.lyceecfadumene.fr\/tyanheol\/wp-json\/wp\/v2\/tags?post=2307"}],"curies":[{"name":"wp","href":"https:\/\/api.w.org\/{rel}","templated":true}]}}