{"id":2274,"date":"2018-01-22T15:46:15","date_gmt":"2018-01-22T13:46:15","guid":{"rendered":"https:\/\/blogs.lyceecfadumene.fr\/tyanheol\/?p=2274"},"modified":"2018-01-22T19:45:54","modified_gmt":"2018-01-22T17:45:54","slug":"les-1eres-tcva-dramatises","status":"publish","type":"post","link":"https:\/\/blogs.lyceecfadumene.fr\/tyanheol\/2018\/01\/22\/les-1eres-tcva-dramatises\/","title":{"rendered":"Les 1\u00e8res TCVA dramatisent"},"content":{"rendered":"<p>Mardi 23 janvier 2018 &#8211; S\u00e9ance \u00e0 20H &#8211; Appel \u00e0 19h 30<\/p>\n<p>Restitution de la \u00ab\u00a0Classe Th\u00e9\u00e2tre\u00a0\u00bb des 1 \u00e8res TCVA en salle t\u00e9l\u00e9 &#8211; GRATUIT &#8211;<\/p>\n<div class=\"tiled-gallery type-square tiled-gallery-unresized\" data-original-width=\"604\" data-carousel-extra='{&quot;blog_id&quot;:84,&quot;permalink&quot;:&quot;https:\\\/\\\/blogs.lyceecfadumene.fr\\\/tyanheol\\\/2018\\\/01\\\/22\\\/les-1eres-tcva-dramatises\\\/&quot;,&quot;likes_blog_id&quot;:27752986}' itemscope itemtype=\"http:\/\/schema.org\/ImageGallery\" > <div class=\"gallery-row\" style=\"width: 604px; height: 604px;\" data-original-width=\"604\" data-original-height=\"604\" > <div class=\"gallery-group\" style=\"width: 604px; height: 604px;\" data-original-width=\"604\" data-original-height=\"604\" > <div class=\"tiled-gallery-item \" itemprop=\"associatedMedia\" itemscope itemtype=\"http:\/\/schema.org\/ImageObject\"> <a href=\"https:\/\/i0.wp.com\/blogs.lyceecfadumene.fr\/tyanheol\/files\/2018\/01\/IMG_2457.jpg?ssl=1\" border=\"0\" itemprop=\"url\"> <meta itemprop=\"width\" content=\"600\"> <meta itemprop=\"height\" content=\"600\"> <img decoding=\"async\" class=\"\" data-attachment-id=\"2284\" data-orig-file=\"https:\/\/blogs.lyceecfadumene.fr\/tyanheol\/files\/2018\/01\/IMG_2457.jpg\" data-orig-size=\"1183,600\" data-comments-opened=\"1\" data-image-meta=\"{&quot;aperture&quot;:&quot;3.5&quot;,&quot;credit&quot;:&quot;&quot;,&quot;camera&quot;:&quot;Canon PowerShot SX700 HS&quot;,&quot;caption&quot;:&quot;&quot;,&quot;created_timestamp&quot;:&quot;1516630220&quot;,&quot;copyright&quot;:&quot;&quot;,&quot;focal_length&quot;:&quot;7.624&quot;,&quot;iso&quot;:&quot;800&quot;,&quot;shutter_speed&quot;:&quot;0.04&quot;,&quot;title&quot;:&quot;&quot;,&quot;orientation&quot;:&quot;1&quot;}\" data-image-title=\"IMG_2457\" data-image-description=\"\" data-medium-file=\"https:\/\/i0.wp.com\/blogs.lyceecfadumene.fr\/tyanheol\/files\/2018\/01\/IMG_2457.jpg?fit=300%2C152&#038;ssl=1\" data-large-file=\"https:\/\/i0.wp.com\/blogs.lyceecfadumene.fr\/tyanheol\/files\/2018\/01\/IMG_2457.jpg?fit=604%2C306&#038;ssl=1\" src=\"https:\/\/i0.wp.com\/blogs.lyceecfadumene.fr\/tyanheol\/files\/2018\/01\/IMG_2457.jpg?w=600&#038;h=600&#038;crop=1&#038;ssl=1\" width=\"600\" height=\"600\" loading=\"lazy\" data-original-width=\"600\" data-original-height=\"600\" itemprop=\"http:\/\/schema.org\/image\" title=\"IMG_2457\" alt=\"IMG_2457\" style=\"width: 600px; height: 600px;\" \/> <\/a> <\/div> <\/div> <\/div> <div class=\"gallery-row\" style=\"width: 604px; height: 201px;\" data-original-width=\"604\" data-original-height=\"201\" > <div class=\"gallery-group\" style=\"width: 201px; height: 201px;\" data-original-width=\"201\" data-original-height=\"201\" > <div class=\"tiled-gallery-item \" itemprop=\"associatedMedia\" itemscope itemtype=\"http:\/\/schema.org\/ImageObject\"> <a href=\"https:\/\/i0.wp.com\/blogs.lyceecfadumene.fr\/tyanheol\/files\/2018\/01\/IMG_2456.jpg?ssl=1\" border=\"0\" itemprop=\"url\"> <meta itemprop=\"width\" content=\"197\"> <meta itemprop=\"height\" content=\"197\"> <img decoding=\"async\" class=\"\" data-attachment-id=\"2283\" data-orig-file=\"https:\/\/blogs.lyceecfadumene.fr\/tyanheol\/files\/2018\/01\/IMG_2456.jpg\" data-orig-size=\"891,600\" data-comments-opened=\"1\" data-image-meta=\"{&quot;aperture&quot;:&quot;3.5&quot;,&quot;credit&quot;:&quot;&quot;,&quot;camera&quot;:&quot;Canon PowerShot SX700 HS&quot;,&quot;caption&quot;:&quot;&quot;,&quot;created_timestamp&quot;:&quot;1516630190&quot;,&quot;copyright&quot;:&quot;&quot;,&quot;focal_length&quot;:&quot;6.815&quot;,&quot;iso&quot;:&quot;640&quot;,&quot;shutter_speed&quot;:&quot;0.033333333333333&quot;,&quot;title&quot;:&quot;&quot;,&quot;orientation&quot;:&quot;1&quot;}\" data-image-title=\"IMG_2456\" data-image-description=\"\" data-medium-file=\"https:\/\/i0.wp.com\/blogs.lyceecfadumene.fr\/tyanheol\/files\/2018\/01\/IMG_2456.jpg?fit=300%2C202&#038;ssl=1\" data-large-file=\"https:\/\/i0.wp.com\/blogs.lyceecfadumene.fr\/tyanheol\/files\/2018\/01\/IMG_2456.jpg?fit=604%2C407&#038;ssl=1\" src=\"https:\/\/i0.wp.com\/blogs.lyceecfadumene.fr\/tyanheol\/files\/2018\/01\/IMG_2456.jpg?w=197&#038;h=197&#038;crop=1&#038;ssl=1\" srcset=\"https:\/\/i0.wp.com\/blogs.lyceecfadumene.fr\/tyanheol\/files\/2018\/01\/IMG_2456.jpg?resize=150%2C150&amp;ssl=1 150w, https:\/\/i0.wp.com\/blogs.lyceecfadumene.fr\/tyanheol\/files\/2018\/01\/IMG_2456.jpg?zoom=2&amp;resize=197%2C197 394w, https:\/\/i0.wp.com\/blogs.lyceecfadumene.fr\/tyanheol\/files\/2018\/01\/IMG_2456.jpg?zoom=3&amp;resize=197%2C197 591w\" width=\"197\" height=\"197\" loading=\"lazy\" data-original-width=\"197\" data-original-height=\"197\" itemprop=\"http:\/\/schema.org\/image\" title=\"IMG_2456\" alt=\"IMG_2456\" style=\"width: 197px; height: 197px;\" \/> <\/a> <\/div> <\/div> <div class=\"gallery-group\" style=\"width: 201px; height: 201px;\" data-original-width=\"201\" data-original-height=\"201\" > <div class=\"tiled-gallery-item \" itemprop=\"associatedMedia\" itemscope itemtype=\"http:\/\/schema.org\/ImageObject\"> <a href=\"https:\/\/i0.wp.com\/blogs.lyceecfadumene.fr\/tyanheol\/files\/2018\/01\/IMG_2452.jpg?ssl=1\" border=\"0\" itemprop=\"url\"> <meta itemprop=\"width\" content=\"197\"> <meta itemprop=\"height\" content=\"197\"> <img decoding=\"async\" class=\"\" data-attachment-id=\"2282\" data-orig-file=\"https:\/\/blogs.lyceecfadumene.fr\/tyanheol\/files\/2018\/01\/IMG_2452.jpg\" data-orig-size=\"948,600\" data-comments-opened=\"1\" data-image-meta=\"{&quot;aperture&quot;:&quot;4.5&quot;,&quot;credit&quot;:&quot;&quot;,&quot;camera&quot;:&quot;Canon PowerShot SX700 HS&quot;,&quot;caption&quot;:&quot;&quot;,&quot;created_timestamp&quot;:&quot;1516630098&quot;,&quot;copyright&quot;:&quot;&quot;,&quot;focal_length&quot;:&quot;12.612&quot;,&quot;iso&quot;:&quot;800&quot;,&quot;shutter_speed&quot;:&quot;0.033333333333333&quot;,&quot;title&quot;:&quot;&quot;,&quot;orientation&quot;:&quot;1&quot;}\" data-image-title=\"IMG_2452\" data-image-description=\"\" data-medium-file=\"https:\/\/i0.wp.com\/blogs.lyceecfadumene.fr\/tyanheol\/files\/2018\/01\/IMG_2452.jpg?fit=300%2C190&#038;ssl=1\" data-large-file=\"https:\/\/i0.wp.com\/blogs.lyceecfadumene.fr\/tyanheol\/files\/2018\/01\/IMG_2452.jpg?fit=604%2C382&#038;ssl=1\" src=\"https:\/\/i0.wp.com\/blogs.lyceecfadumene.fr\/tyanheol\/files\/2018\/01\/IMG_2452.jpg?w=197&#038;h=197&#038;crop=1&#038;ssl=1\" srcset=\"https:\/\/i0.wp.com\/blogs.lyceecfadumene.fr\/tyanheol\/files\/2018\/01\/IMG_2452.jpg?resize=150%2C150&amp;ssl=1 150w, https:\/\/i0.wp.com\/blogs.lyceecfadumene.fr\/tyanheol\/files\/2018\/01\/IMG_2452.jpg?zoom=2&amp;resize=197%2C197 394w, https:\/\/i0.wp.com\/blogs.lyceecfadumene.fr\/tyanheol\/files\/2018\/01\/IMG_2452.jpg?zoom=3&amp;resize=197%2C197 591w\" width=\"197\" height=\"197\" loading=\"lazy\" data-original-width=\"197\" data-original-height=\"197\" itemprop=\"http:\/\/schema.org\/image\" title=\"IMG_2452\" alt=\"IMG_2452\" style=\"width: 197px; height: 197px;\" \/> <\/a> <\/div> <\/div> <div class=\"gallery-group\" style=\"width: 201px; height: 201px;\" data-original-width=\"201\" data-original-height=\"201\" > <div class=\"tiled-gallery-item \" itemprop=\"associatedMedia\" itemscope itemtype=\"http:\/\/schema.org\/ImageObject\"> <a href=\"https:\/\/i0.wp.com\/blogs.lyceecfadumene.fr\/tyanheol\/files\/2018\/01\/IMG_2443.jpg?ssl=1\" border=\"0\" itemprop=\"url\"> <meta itemprop=\"width\" content=\"197\"> <meta itemprop=\"height\" content=\"197\"> <img decoding=\"async\" class=\"\" data-attachment-id=\"2281\" data-orig-file=\"https:\/\/blogs.lyceecfadumene.fr\/tyanheol\/files\/2018\/01\/IMG_2443.jpg\" data-orig-size=\"800,600\" data-comments-opened=\"1\" data-image-meta=\"{&quot;aperture&quot;:&quot;5&quot;,&quot;credit&quot;:&quot;&quot;,&quot;camera&quot;:&quot;Canon PowerShot SX700 HS&quot;,&quot;caption&quot;:&quot;&quot;,&quot;created_timestamp&quot;:&quot;1516629889&quot;,&quot;copyright&quot;:&quot;&quot;,&quot;focal_length&quot;:&quot;17.718&quot;,&quot;iso&quot;:&quot;640&quot;,&quot;shutter_speed&quot;:&quot;0.02&quot;,&quot;title&quot;:&quot;&quot;,&quot;orientation&quot;:&quot;1&quot;}\" data-image-title=\"IMG_2443\" data-image-description=\"\" data-medium-file=\"https:\/\/i0.wp.com\/blogs.lyceecfadumene.fr\/tyanheol\/files\/2018\/01\/IMG_2443.jpg?fit=300%2C225&#038;ssl=1\" data-large-file=\"https:\/\/i0.wp.com\/blogs.lyceecfadumene.fr\/tyanheol\/files\/2018\/01\/IMG_2443.jpg?fit=604%2C453&#038;ssl=1\" src=\"https:\/\/i0.wp.com\/blogs.lyceecfadumene.fr\/tyanheol\/files\/2018\/01\/IMG_2443.jpg?w=197&#038;h=197&#038;crop=1&#038;ssl=1\" srcset=\"https:\/\/i0.wp.com\/blogs.lyceecfadumene.fr\/tyanheol\/files\/2018\/01\/IMG_2443.jpg?resize=150%2C150&amp;ssl=1 150w, https:\/\/i0.wp.com\/blogs.lyceecfadumene.fr\/tyanheol\/files\/2018\/01\/IMG_2443.jpg?zoom=2&amp;resize=197%2C197 394w, https:\/\/i0.wp.com\/blogs.lyceecfadumene.fr\/tyanheol\/files\/2018\/01\/IMG_2443.jpg?zoom=3&amp;resize=197%2C197 591w\" width=\"197\" height=\"197\" loading=\"lazy\" data-original-width=\"197\" data-original-height=\"197\" itemprop=\"http:\/\/schema.org\/image\" title=\"IMG_2443\" alt=\"IMG_2443\" style=\"width: 197px; height: 197px;\" \/> <\/a> <\/div> <\/div> <\/div> <\/div>\n<p>&nbsp;1\u00e8res TCVA en r\u00e9p\u00e9tition<\/p>\n<p>Un spectacle qui parle du terrorisme aux jeunes avec lucidit\u00e9 et m\u00eame (plus surprenant) avec humour. Les \u00e9l\u00e8ves de la \u00ab Classe Th\u00e9\u00e2tre \u00bb 1 TCVA vous invitent \u00e0 d\u00e9couvrir la restitution des ateliers de th\u00e9\u00e2tre et de chor\u00e9graphie dont ils sont les metteurs en sc\u00e8ne et les acteurs.<\/p>\n<p>Le point de d\u00e9part est la prise d\u2019otages qui eut lieu dans une \u00e9cole \u00e0 Beslan en Russie le 1 Septembre 2004 : plus de1200 personnes, surtout des enfants et leurs m\u00e8res ou grands-m\u00e8res, furent impliqu\u00e9es dans ce drame qui dura 3 jours et se termina dans un chaos total. \u00ab Wij\/Zij, (Nous\/eux) \u00bb est loin d\u2019\u00eatre le r\u00e9cit tragique de cette prise d\u2019otages, mais une pi\u00e8ce qui raconte comment les jeunes \u2013\u00e0 leur mani\u00e8re- sont \u00e0 m\u00eame d\u2019assumer des situations extr\u00eames.<\/p>\n<p>&nbsp;<\/p>\n","protected":false},"excerpt":{"rendered":"<p>Un spectacle qui parle du terrorisme aux jeunes avec lucidit\u00e9 et m\u00eame (plus surprenant) avec humour. Les \u00e9l\u00e8ves de la \u00ab Classe Th\u00e9\u00e2tre \u00bb 1 TCVA vous invitent \u00e0 d\u00e9couvrir la restitution des ateliers de th\u00e9\u00e2tre et de chor\u00e9graphie dont ils sont les metteurs en sc\u00e8ne et les acteurs.<\/p>\n","protected":false},"author":43,"featured_media":0,"comment_status":"open","ping_status":"open","sticky":false,"template":"","format":"standard","meta":{"_jetpack_memberships_contains_paid_content":false,"footnotes":"","jetpack_publicize_message":"","jetpack_publicize_feature_enabled":true,"jetpack_social_post_already_shared":true,"jetpack_social_options":{"image_generator_settings":{"template":"highway","default_image_id":0,"font":"","enabled":false},"version":2}},"categories":[5680],"tags":[25506,26041,25461],"class_list":["post-2274","post","type-post","status-publish","format-standard","hentry","category-theatre","tag-1eres-tcva","tag-representation","tag-theatre"],"aioseo_notices":[],"jetpack_publicize_connections":[],"jetpack_featured_media_url":"","jetpack_shortlink":"https:\/\/wp.me\/p1SrOO-AG","jetpack_sharing_enabled":true,"_links":{"self":[{"href":"https:\/\/blogs.lyceecfadumene.fr\/tyanheol\/wp-json\/wp\/v2\/posts\/2274","targetHints":{"allow":["GET"]}}],"collection":[{"href":"https:\/\/blogs.lyceecfadumene.fr\/tyanheol\/wp-json\/wp\/v2\/posts"}],"about":[{"href":"https:\/\/blogs.lyceecfadumene.fr\/tyanheol\/wp-json\/wp\/v2\/types\/post"}],"author":[{"embeddable":true,"href":"https:\/\/blogs.lyceecfadumene.fr\/tyanheol\/wp-json\/wp\/v2\/users\/43"}],"replies":[{"embeddable":true,"href":"https:\/\/blogs.lyceecfadumene.fr\/tyanheol\/wp-json\/wp\/v2\/comments?post=2274"}],"version-history":[{"count":0,"href":"https:\/\/blogs.lyceecfadumene.fr\/tyanheol\/wp-json\/wp\/v2\/posts\/2274\/revisions"}],"wp:attachment":[{"href":"https:\/\/blogs.lyceecfadumene.fr\/tyanheol\/wp-json\/wp\/v2\/media?parent=2274"}],"wp:term":[{"taxonomy":"category","embeddable":true,"href":"https:\/\/blogs.lyceecfadumene.fr\/tyanheol\/wp-json\/wp\/v2\/categories?post=2274"},{"taxonomy":"post_tag","embeddable":true,"href":"https:\/\/blogs.lyceecfadumene.fr\/tyanheol\/wp-json\/wp\/v2\/tags?post=2274"}],"curies":[{"name":"wp","href":"https:\/\/api.w.org\/{rel}","templated":true}]}}