{"id":2221,"date":"2017-12-18T15:58:13","date_gmt":"2017-12-18T13:58:13","guid":{"rendered":"https:\/\/blogs.lyceecfadumene.fr\/tyanheol\/?p=2221"},"modified":"2017-12-18T15:58:13","modified_gmt":"2017-12-18T13:58:13","slug":"la-tete-dans-les-etoiles","status":"publish","type":"post","link":"https:\/\/blogs.lyceecfadumene.fr\/tyanheol\/2017\/12\/18\/la-tete-dans-les-etoiles\/","title":{"rendered":"La t\u00eate dans les \u00e9toiles"},"content":{"rendered":"<p style=\"text-align: left\">Le mercredi 13 D\u00e9cembre, les \u00e9l\u00e8ves ont visit\u00e9 les Champs Libres situ\u00e9s \u00e0 Rennes. La sortie a \u00e9t\u00e9 organis\u00e9e par l&rsquo;association TY AN HEOL.<\/p>\n<p style=\"text-align: left\">Ils ont pu d\u00e9couvrir le plan\u00e9tarium, une s\u00e9ance d&rsquo;une heure \u00e0 la d\u00e9couverte du syst\u00e8me solaire et visiter l&rsquo;exposition <a href=\"https:\/\/www.leschampslibres.fr\/agenda\/les-expositions\/jy-crois-jy-crois-pas\/\" target=\"_blank\" rel=\"noopener\">\u00ab\u00a0J&rsquo;y crois, J&rsquo;y crois pas\u00a0\u00bb<\/a> sur la magie et les croyances du mus\u00e9e de Bretagne.<\/p>\n<p style=\"text-align: left\">Voici quelques images prises \u00e0 l\u2019int\u00e9rieur des Champs Libres :<\/p>\n<div class=\"tiled-gallery type-rectangular tiled-gallery-unresized\" data-original-width=\"604\" data-carousel-extra='{&quot;blog_id&quot;:84,&quot;permalink&quot;:&quot;https:\\\/\\\/blogs.lyceecfadumene.fr\\\/tyanheol\\\/2017\\\/12\\\/18\\\/la-tete-dans-les-etoiles\\\/&quot;,&quot;likes_blog_id&quot;:27752986}' itemscope itemtype=\"http:\/\/schema.org\/ImageGallery\" > <div class=\"gallery-row\" style=\"width: 604px; height: 386px;\" data-original-width=\"604\" data-original-height=\"386\" > <div class=\"gallery-group images-2\" style=\"width: 313px; height: 386px;\" data-original-width=\"313\" data-original-height=\"386\" > <div class=\"tiled-gallery-item tiled-gallery-item-large\" itemprop=\"associatedMedia\" itemscope itemtype=\"http:\/\/schema.org\/ImageObject\"> <a href=\"https:\/\/blogs.lyceecfadumene.fr\/tyanheol\/2017\/12\/18\/la-tete-dans-les-etoiles\/csm_les_champs_libres__c__alain_amet-musee_de_bretagne_b6006fcc76\/\" border=\"0\" itemprop=\"url\"> <meta itemprop=\"width\" content=\"309\"> <meta itemprop=\"height\" content=\"174\"> <img decoding=\"async\" class=\"\" data-attachment-id=\"2226\" data-orig-file=\"https:\/\/blogs.lyceecfadumene.fr\/tyanheol\/files\/2017\/12\/csm_Les_Champs_Libres__c__Alain_Amet-musee_de_Bretagne_b6006fcc76.jpg\" data-orig-size=\"800,450\" data-comments-opened=\"1\" data-image-meta=\"{&quot;aperture&quot;:&quot;0&quot;,&quot;credit&quot;:&quot;&quot;,&quot;camera&quot;:&quot;&quot;,&quot;caption&quot;:&quot;&quot;,&quot;created_timestamp&quot;:&quot;0&quot;,&quot;copyright&quot;:&quot;&quot;,&quot;focal_length&quot;:&quot;0&quot;,&quot;iso&quot;:&quot;0&quot;,&quot;shutter_speed&quot;:&quot;0&quot;,&quot;title&quot;:&quot;&quot;,&quot;orientation&quot;:&quot;0&quot;}\" data-image-title=\"csm_Les_Champs_Libres__c__Alain_Amet-musee_de_Bretagne_b6006fcc76\" data-image-description=\"\" data-medium-file=\"https:\/\/i0.wp.com\/blogs.lyceecfadumene.fr\/tyanheol\/files\/2017\/12\/csm_Les_Champs_Libres__c__Alain_Amet-musee_de_Bretagne_b6006fcc76.jpg?fit=300%2C169&#038;ssl=1\" data-large-file=\"https:\/\/i0.wp.com\/blogs.lyceecfadumene.fr\/tyanheol\/files\/2017\/12\/csm_Les_Champs_Libres__c__Alain_Amet-musee_de_Bretagne_b6006fcc76.jpg?fit=604%2C340&#038;ssl=1\" src=\"https:\/\/i0.wp.com\/blogs.lyceecfadumene.fr\/tyanheol\/files\/2017\/12\/csm_Les_Champs_Libres__c__Alain_Amet-musee_de_Bretagne_b6006fcc76.jpg?w=309&#038;h=174&#038;ssl=1\" srcset=\"https:\/\/i0.wp.com\/blogs.lyceecfadumene.fr\/tyanheol\/files\/2017\/12\/csm_Les_Champs_Libres__c__Alain_Amet-musee_de_Bretagne_b6006fcc76.jpg?w=800&amp;ssl=1 800w, https:\/\/i0.wp.com\/blogs.lyceecfadumene.fr\/tyanheol\/files\/2017\/12\/csm_Les_Champs_Libres__c__Alain_Amet-musee_de_Bretagne_b6006fcc76.jpg?resize=300%2C169&amp;ssl=1 300w, https:\/\/i0.wp.com\/blogs.lyceecfadumene.fr\/tyanheol\/files\/2017\/12\/csm_Les_Champs_Libres__c__Alain_Amet-musee_de_Bretagne_b6006fcc76.jpg?resize=768%2C432&amp;ssl=1 768w, https:\/\/i0.wp.com\/blogs.lyceecfadumene.fr\/tyanheol\/files\/2017\/12\/csm_Les_Champs_Libres__c__Alain_Amet-musee_de_Bretagne_b6006fcc76.jpg?resize=500%2C281&amp;ssl=1 500w\" width=\"309\" height=\"174\" loading=\"lazy\" data-original-width=\"309\" data-original-height=\"174\" itemprop=\"http:\/\/schema.org\/image\" title=\"csm_Les_Champs_Libres__c__Alain_Amet-musee_de_Bretagne_b6006fcc76\" alt=\"csm_Les_Champs_Libres__c__Alain_Amet-musee_de_Bretagne_b6006fcc76\" style=\"width: 309px; height: 174px;\" \/> <\/a> <\/div> <div class=\"tiled-gallery-item tiled-gallery-item-large\" itemprop=\"associatedMedia\" itemscope itemtype=\"http:\/\/schema.org\/ImageObject\"> <a href=\"https:\/\/blogs.lyceecfadumene.fr\/tyanheol\/2017\/12\/18\/la-tete-dans-les-etoiles\/nature-2609647_960_720\/\" border=\"0\" itemprop=\"url\"> <meta itemprop=\"width\" content=\"309\"> <meta itemprop=\"height\" content=\"204\"> <img decoding=\"async\" class=\"\" data-attachment-id=\"2227\" data-orig-file=\"https:\/\/blogs.lyceecfadumene.fr\/tyanheol\/files\/2017\/12\/nature-2609647_960_720.jpg\" data-orig-size=\"800,528\" data-comments-opened=\"1\" data-image-meta=\"{&quot;aperture&quot;:&quot;0&quot;,&quot;credit&quot;:&quot;&quot;,&quot;camera&quot;:&quot;&quot;,&quot;caption&quot;:&quot;&quot;,&quot;created_timestamp&quot;:&quot;0&quot;,&quot;copyright&quot;:&quot;&quot;,&quot;focal_length&quot;:&quot;0&quot;,&quot;iso&quot;:&quot;0&quot;,&quot;shutter_speed&quot;:&quot;0&quot;,&quot;title&quot;:&quot;&quot;,&quot;orientation&quot;:&quot;0&quot;}\" data-image-title=\"nature-2609647_960_720\" data-image-description=\"\" data-medium-file=\"https:\/\/i0.wp.com\/blogs.lyceecfadumene.fr\/tyanheol\/files\/2017\/12\/nature-2609647_960_720.jpg?fit=300%2C198&#038;ssl=1\" data-large-file=\"https:\/\/i0.wp.com\/blogs.lyceecfadumene.fr\/tyanheol\/files\/2017\/12\/nature-2609647_960_720.jpg?fit=604%2C399&#038;ssl=1\" src=\"https:\/\/i0.wp.com\/blogs.lyceecfadumene.fr\/tyanheol\/files\/2017\/12\/nature-2609647_960_720.jpg?w=309&#038;h=204&#038;ssl=1\" srcset=\"https:\/\/i0.wp.com\/blogs.lyceecfadumene.fr\/tyanheol\/files\/2017\/12\/nature-2609647_960_720.jpg?w=800&amp;ssl=1 800w, https:\/\/i0.wp.com\/blogs.lyceecfadumene.fr\/tyanheol\/files\/2017\/12\/nature-2609647_960_720.jpg?resize=300%2C198&amp;ssl=1 300w, https:\/\/i0.wp.com\/blogs.lyceecfadumene.fr\/tyanheol\/files\/2017\/12\/nature-2609647_960_720.jpg?resize=768%2C507&amp;ssl=1 768w, https:\/\/i0.wp.com\/blogs.lyceecfadumene.fr\/tyanheol\/files\/2017\/12\/nature-2609647_960_720.jpg?resize=455%2C300&amp;ssl=1 455w\" width=\"309\" height=\"204\" loading=\"lazy\" data-original-width=\"309\" data-original-height=\"204\" itemprop=\"http:\/\/schema.org\/image\" title=\"nature-2609647_960_720\" alt=\"nature-2609647_960_720\" style=\"width: 309px; height: 204px;\" \/> <\/a> <\/div> <\/div> <!-- close group --> <div class=\"gallery-group images-1\" style=\"width: 291px; height: 386px;\" data-original-width=\"291\" data-original-height=\"386\" > <div class=\"tiled-gallery-item tiled-gallery-item-large\" itemprop=\"associatedMedia\" itemscope itemtype=\"http:\/\/schema.org\/ImageObject\"> <a href=\"https:\/\/blogs.lyceecfadumene.fr\/tyanheol\/2017\/12\/18\/la-tete-dans-les-etoiles\/20171213_160611\/\" border=\"0\" itemprop=\"url\"> <meta itemprop=\"width\" content=\"287\"> <meta itemprop=\"height\" content=\"382\"> <img decoding=\"async\" class=\"\" data-attachment-id=\"2224\" data-orig-file=\"https:\/\/blogs.lyceecfadumene.fr\/tyanheol\/files\/2017\/12\/20171213_160611.jpg\" data-orig-size=\"600,800\" data-comments-opened=\"1\" data-image-meta=\"{&quot;aperture&quot;:&quot;1.7&quot;,&quot;credit&quot;:&quot;&quot;,&quot;camera&quot;:&quot;SM-J730F&quot;,&quot;caption&quot;:&quot;&quot;,&quot;created_timestamp&quot;:&quot;1513181171&quot;,&quot;copyright&quot;:&quot;&quot;,&quot;focal_length&quot;:&quot;3.71&quot;,&quot;iso&quot;:&quot;250&quot;,&quot;shutter_speed&quot;:&quot;0.04&quot;,&quot;title&quot;:&quot;&quot;,&quot;orientation&quot;:&quot;1&quot;}\" data-image-title=\"20171213_160611\" data-image-description=\"\" data-medium-file=\"https:\/\/i0.wp.com\/blogs.lyceecfadumene.fr\/tyanheol\/files\/2017\/12\/20171213_160611.jpg?fit=225%2C300&#038;ssl=1\" data-large-file=\"https:\/\/i0.wp.com\/blogs.lyceecfadumene.fr\/tyanheol\/files\/2017\/12\/20171213_160611.jpg?fit=600%2C800&#038;ssl=1\" src=\"https:\/\/i0.wp.com\/blogs.lyceecfadumene.fr\/tyanheol\/files\/2017\/12\/20171213_160611.jpg?w=287&#038;h=382&#038;ssl=1\" srcset=\"https:\/\/i0.wp.com\/blogs.lyceecfadumene.fr\/tyanheol\/files\/2017\/12\/20171213_160611.jpg?w=600&amp;ssl=1 600w, https:\/\/i0.wp.com\/blogs.lyceecfadumene.fr\/tyanheol\/files\/2017\/12\/20171213_160611.jpg?resize=225%2C300&amp;ssl=1 225w\" width=\"287\" height=\"382\" loading=\"lazy\" data-original-width=\"287\" data-original-height=\"382\" itemprop=\"http:\/\/schema.org\/image\" title=\"20171213_160611\" alt=\"20171213_160611\" style=\"width: 287px; height: 382px;\" \/> <\/a> <\/div> <\/div> <!-- close group --> <\/div> <!-- close row --> <div class=\"gallery-row\" style=\"width: 604px; height: 401px;\" data-original-width=\"604\" data-original-height=\"401\" > <div class=\"gallery-group images-1\" style=\"width: 302px; height: 401px;\" data-original-width=\"302\" data-original-height=\"401\" > <div class=\"tiled-gallery-item tiled-gallery-item-large\" itemprop=\"associatedMedia\" itemscope itemtype=\"http:\/\/schema.org\/ImageObject\"> <a href=\"https:\/\/blogs.lyceecfadumene.fr\/tyanheol\/2017\/12\/18\/la-tete-dans-les-etoiles\/20171213_161622-2\/\" border=\"0\" itemprop=\"url\"> <meta itemprop=\"width\" content=\"298\"> <meta itemprop=\"height\" content=\"397\"> <img decoding=\"async\" class=\"\" data-attachment-id=\"2223\" data-orig-file=\"https:\/\/blogs.lyceecfadumene.fr\/tyanheol\/files\/2017\/12\/20171213_161622-1.jpg\" data-orig-size=\"600,800\" data-comments-opened=\"1\" data-image-meta=\"{&quot;aperture&quot;:&quot;1.7&quot;,&quot;credit&quot;:&quot;&quot;,&quot;camera&quot;:&quot;SM-J730F&quot;,&quot;caption&quot;:&quot;&quot;,&quot;created_timestamp&quot;:&quot;1513181782&quot;,&quot;copyright&quot;:&quot;&quot;,&quot;focal_length&quot;:&quot;3.71&quot;,&quot;iso&quot;:&quot;250&quot;,&quot;shutter_speed&quot;:&quot;0.04&quot;,&quot;title&quot;:&quot;&quot;,&quot;orientation&quot;:&quot;1&quot;}\" data-image-title=\"20171213_161622\" data-image-description=\"\" data-medium-file=\"https:\/\/i0.wp.com\/blogs.lyceecfadumene.fr\/tyanheol\/files\/2017\/12\/20171213_161622-1.jpg?fit=225%2C300&#038;ssl=1\" data-large-file=\"https:\/\/i0.wp.com\/blogs.lyceecfadumene.fr\/tyanheol\/files\/2017\/12\/20171213_161622-1.jpg?fit=600%2C800&#038;ssl=1\" src=\"https:\/\/i0.wp.com\/blogs.lyceecfadumene.fr\/tyanheol\/files\/2017\/12\/20171213_161622-1.jpg?w=298&#038;h=397&#038;ssl=1\" srcset=\"https:\/\/i0.wp.com\/blogs.lyceecfadumene.fr\/tyanheol\/files\/2017\/12\/20171213_161622-1.jpg?w=600&amp;ssl=1 600w, https:\/\/i0.wp.com\/blogs.lyceecfadumene.fr\/tyanheol\/files\/2017\/12\/20171213_161622-1.jpg?resize=225%2C300&amp;ssl=1 225w\" width=\"298\" height=\"397\" loading=\"lazy\" data-original-width=\"298\" data-original-height=\"397\" itemprop=\"http:\/\/schema.org\/image\" title=\"20171213_161622\" alt=\"20171213_161622\" style=\"width: 298px; height: 397px;\" \/> <\/a> <\/div> <\/div> <!-- close group --> <div class=\"gallery-group images-1\" style=\"width: 302px; height: 401px;\" data-original-width=\"302\" data-original-height=\"401\" > <div class=\"tiled-gallery-item tiled-gallery-item-large\" itemprop=\"associatedMedia\" itemscope itemtype=\"http:\/\/schema.org\/ImageObject\"> <a href=\"https:\/\/blogs.lyceecfadumene.fr\/tyanheol\/2017\/12\/18\/la-tete-dans-les-etoiles\/20171213_555\/\" border=\"0\" itemprop=\"url\"> <meta itemprop=\"width\" content=\"298\"> <meta itemprop=\"height\" content=\"397\"> <img decoding=\"async\" class=\"\" data-attachment-id=\"2235\" data-orig-file=\"https:\/\/blogs.lyceecfadumene.fr\/tyanheol\/files\/2017\/12\/20171213_555.jpg\" data-orig-size=\"600,800\" data-comments-opened=\"1\" data-image-meta=\"{&quot;aperture&quot;:&quot;1.7&quot;,&quot;credit&quot;:&quot;&quot;,&quot;camera&quot;:&quot;SM-J730F&quot;,&quot;caption&quot;:&quot;&quot;,&quot;created_timestamp&quot;:&quot;1513180863&quot;,&quot;copyright&quot;:&quot;&quot;,&quot;focal_length&quot;:&quot;3.71&quot;,&quot;iso&quot;:&quot;640&quot;,&quot;shutter_speed&quot;:&quot;0.04&quot;,&quot;title&quot;:&quot;&quot;,&quot;orientation&quot;:&quot;1&quot;}\" data-image-title=\"20171213_555\" data-image-description=\"\" data-medium-file=\"https:\/\/i0.wp.com\/blogs.lyceecfadumene.fr\/tyanheol\/files\/2017\/12\/20171213_555.jpg?fit=225%2C300&#038;ssl=1\" data-large-file=\"https:\/\/i0.wp.com\/blogs.lyceecfadumene.fr\/tyanheol\/files\/2017\/12\/20171213_555.jpg?fit=600%2C800&#038;ssl=1\" src=\"https:\/\/i0.wp.com\/blogs.lyceecfadumene.fr\/tyanheol\/files\/2017\/12\/20171213_555.jpg?w=298&#038;h=397&#038;ssl=1\" srcset=\"https:\/\/i0.wp.com\/blogs.lyceecfadumene.fr\/tyanheol\/files\/2017\/12\/20171213_555.jpg?w=600&amp;ssl=1 600w, https:\/\/i0.wp.com\/blogs.lyceecfadumene.fr\/tyanheol\/files\/2017\/12\/20171213_555.jpg?resize=225%2C300&amp;ssl=1 225w\" width=\"298\" height=\"397\" loading=\"lazy\" data-original-width=\"298\" data-original-height=\"397\" itemprop=\"http:\/\/schema.org\/image\" title=\"20171213_555\" alt=\"20171213_555\" style=\"width: 298px; height: 397px;\" \/> <\/a> <\/div> <\/div> <!-- close group --> <\/div> <!-- close row --> <\/div>\n","protected":false},"excerpt":{"rendered":"<p>Le mercredi 13 D\u00e9cembre, les \u00e9l\u00e8ves ont visit\u00e9 les Champs Libres situ\u00e9s \u00e0 Rennes. La sortie a \u00e9t\u00e9 organis\u00e9e par l&rsquo;association TY AN HEOL. Ils ont pu d\u00e9couvrir le plan\u00e9tarium, une s\u00e9ance d&rsquo;une heure \u00e0 la d\u00e9couverte du syst\u00e8me solaire et visiter l&rsquo;exposition \u00ab\u00a0J&rsquo;y crois, J&rsquo;y crois pas\u00a0\u00bb sur la magie et les croyances du &hellip; <a href=\"https:\/\/blogs.lyceecfadumene.fr\/tyanheol\/2017\/12\/18\/la-tete-dans-les-etoiles\/\" class=\"more-link\">Continuer la lecture de <span class=\"screen-reader-text\">La t\u00eate dans les \u00e9toiles<\/span> <span class=\"meta-nav\">&rarr;<\/span><\/a><\/p>\n","protected":false},"author":43,"featured_media":0,"comment_status":"open","ping_status":"open","sticky":false,"template":"","format":"standard","meta":{"_jetpack_memberships_contains_paid_content":false,"footnotes":"","jetpack_publicize_message":"","jetpack_publicize_feature_enabled":true,"jetpack_social_post_already_shared":true,"jetpack_social_options":{"image_generator_settings":{"template":"highway","default_image_id":0,"font":"","enabled":false},"version":2}},"categories":[9177],"tags":[25503,25502],"class_list":["post-2221","post","type-post","status-publish","format-standard","hentry","category-sorties","tag-champs-libres","tag-planetarium"],"aioseo_notices":[],"jetpack_publicize_connections":[],"jetpack_featured_media_url":"","jetpack_shortlink":"https:\/\/wp.me\/p1SrOO-zP","jetpack_sharing_enabled":true,"_links":{"self":[{"href":"https:\/\/blogs.lyceecfadumene.fr\/tyanheol\/wp-json\/wp\/v2\/posts\/2221","targetHints":{"allow":["GET"]}}],"collection":[{"href":"https:\/\/blogs.lyceecfadumene.fr\/tyanheol\/wp-json\/wp\/v2\/posts"}],"about":[{"href":"https:\/\/blogs.lyceecfadumene.fr\/tyanheol\/wp-json\/wp\/v2\/types\/post"}],"author":[{"embeddable":true,"href":"https:\/\/blogs.lyceecfadumene.fr\/tyanheol\/wp-json\/wp\/v2\/users\/43"}],"replies":[{"embeddable":true,"href":"https:\/\/blogs.lyceecfadumene.fr\/tyanheol\/wp-json\/wp\/v2\/comments?post=2221"}],"version-history":[{"count":0,"href":"https:\/\/blogs.lyceecfadumene.fr\/tyanheol\/wp-json\/wp\/v2\/posts\/2221\/revisions"}],"wp:attachment":[{"href":"https:\/\/blogs.lyceecfadumene.fr\/tyanheol\/wp-json\/wp\/v2\/media?parent=2221"}],"wp:term":[{"taxonomy":"category","embeddable":true,"href":"https:\/\/blogs.lyceecfadumene.fr\/tyanheol\/wp-json\/wp\/v2\/categories?post=2221"},{"taxonomy":"post_tag","embeddable":true,"href":"https:\/\/blogs.lyceecfadumene.fr\/tyanheol\/wp-json\/wp\/v2\/tags?post=2221"}],"curies":[{"name":"wp","href":"https:\/\/api.w.org\/{rel}","templated":true}]}}