{"id":2148,"date":"2017-11-25T15:00:05","date_gmt":"2017-11-25T13:00:05","guid":{"rendered":"https:\/\/blogs.lyceecfadumene.fr\/tyanheol\/?p=2148"},"modified":"2022-04-03T17:55:06","modified_gmt":"2022-04-03T15:55:06","slug":"les-secondes-experimentent-la-musique-experimentale","status":"publish","type":"post","link":"https:\/\/blogs.lyceecfadumene.fr\/tyanheol\/2017\/11\/25\/les-secondes-experimentent-la-musique-experimentale\/","title":{"rendered":"Les Secondes exp\u00e9rimentent&#8230; la musique exp\u00e9rimentale !"},"content":{"rendered":"<p>Chaque ann\u00e9e, les classes de Secondes du Lyc\u00e9e du Men\u00e9 ont un projet socioculturel \u00e0 r\u00e9aliser dans le cadre des cours d&rsquo;Education Socioculturelle. Cette ann\u00e9e, elles exp\u00e9rimentent&#8230; la musique exp\u00e9rimentale. D&rsquo;abord avec une vis\u00e9e sociale, par un travail d&rsquo;\u00e9coute active gr\u00e2ce \u00e0 la percussion corporelle, pour acqu\u00e9rir le sens du rythme et former tous ensemble un orchestre en respectant les propositions de chacun, puis par l&rsquo;enregistrement de sons d&rsquo;objets d\u00e9tourn\u00e9s de leur usage quotidien. Un travail encore en chantier mais prometteur.<strong> Mettez un casque, d\u00e9tendez-vous, fermez les yeux, montez le son \u00e0 fond<\/strong>, et laissez vous emporter dans un monde parall\u00e8le !<\/p>\n<p>Les 2de CVPJ pr\u00e9sentent :<\/p>\n<p><span class=\"embed-youtube\" style=\"text-align:center; display: block;\"><iframe loading=\"lazy\" class=\"youtube-player\" width=\"604\" height=\"340\" src=\"https:\/\/www.youtube.com\/embed\/0fg3FUJKXjU?version=3&#038;rel=1&#038;showsearch=0&#038;showinfo=1&#038;iv_load_policy=1&#038;fs=1&#038;hl=fr-FR&#038;autohide=2&#038;wmode=transparent\" allowfullscreen=\"true\" style=\"border:0;\" sandbox=\"allow-scripts allow-same-origin allow-popups allow-presentation allow-popups-to-escape-sandbox\"><\/iframe><\/span><\/p>\n<p>Les 2de CVA pr\u00e9sentent :<\/p>\n<p><span class=\"embed-youtube\" style=\"text-align:center; display: block;\"><iframe loading=\"lazy\" class=\"youtube-player\" width=\"604\" height=\"340\" src=\"https:\/\/www.youtube.com\/embed\/5unlG3pXUKs?version=3&#038;rel=1&#038;showsearch=0&#038;showinfo=1&#038;iv_load_policy=1&#038;fs=1&#038;hl=fr-FR&#038;autohide=2&#038;wmode=transparent\" allowfullscreen=\"true\" style=\"border:0;\" sandbox=\"allow-scripts allow-same-origin allow-popups allow-presentation allow-popups-to-escape-sandbox\"><\/iframe><\/span><\/p>\n<p>Tout l&rsquo;enjeu de la p\u00e9dagogie de projet, l\u00e0, c&rsquo;est de permettre aux jeunes de retrouver confiance en eux, de travailler sur l&rsquo;estime de soi. Un seul mot d&rsquo;ordre, se faire plaisir, et donner un espace de libre expression o\u00f9 le jeune soit capable de laisser dehors tous ses probl\u00e8mes, qui refl\u00e8tent les maux de la soci\u00e9t\u00e9, qui l&rsquo;encombrent et souvent bloquent les apprentissages. Oui, la p\u00e9dagogie de projet, c&rsquo;est un espoir, celui acquis de longue date par l&rsquo;\u00e9ducation populaire, mais c&rsquo;est un combat au quotidien.&nbsp; Alors oui, \u00e0 notre \u00e9chelle, \u00e7a passe aussi par des s\u00e9ances de cours o\u00f9 l&rsquo;on tape sur des gamelles, des bidons, des bouteilles, mais o\u00f9 l&rsquo;apprentissage n&rsquo;est plus subi car co-construit. Merci aux jeunes, la jeunesse, c&rsquo;est l&rsquo;avenir de notre soci\u00e9t\u00e9.<\/p>\n","protected":false},"excerpt":{"rendered":"<p>Chaque ann\u00e9e, les classes de Secondes du Lyc\u00e9e du Men\u00e9 ont un projet socioculturel \u00e0 r\u00e9aliser dans le cadre des cours d&rsquo;Education Socioculturelle. Cette ann\u00e9e, elles exp\u00e9rimentent&#8230; la musique exp\u00e9rimentale. D&rsquo;abord avec une vis\u00e9e sociale, par un travail d&rsquo;\u00e9coute active gr\u00e2ce \u00e0 la percussion corporelle, pour acqu\u00e9rir le sens du rythme et former tous ensemble &hellip; <a href=\"https:\/\/blogs.lyceecfadumene.fr\/tyanheol\/2017\/11\/25\/les-secondes-experimentent-la-musique-experimentale\/\" class=\"more-link\">Continuer la lecture de <span class=\"screen-reader-text\">Les Secondes exp\u00e9rimentent&#8230; la musique exp\u00e9rimentale !<\/span> <span class=\"meta-nav\">&rarr;<\/span><\/a><\/p>\n","protected":false},"author":97,"featured_media":0,"comment_status":"open","ping_status":"open","sticky":false,"template":"","format":"standard","meta":{"_jetpack_memberships_contains_paid_content":false,"footnotes":"","jetpack_publicize_message":"","jetpack_publicize_feature_enabled":true,"jetpack_social_post_already_shared":true,"jetpack_social_options":{"image_generator_settings":{"template":"highway","default_image_id":0,"font":"","enabled":false},"version":2}},"categories":[25439,1,29432,314],"tags":[9190,25464,4,6],"class_list":["post-2148","post","type-post","status-publish","format-standard","hentry","category-education-socioculturelle","category-non-classe","category-video2","category-videos","tag-activites","tag-education-socioculturelle","tag-lycee","tag-merdrignac"],"aioseo_notices":[],"jetpack_publicize_connections":[],"jetpack_featured_media_url":"","jetpack_shortlink":"https:\/\/wp.me\/p1SrOO-yE","jetpack_sharing_enabled":true,"_links":{"self":[{"href":"https:\/\/blogs.lyceecfadumene.fr\/tyanheol\/wp-json\/wp\/v2\/posts\/2148","targetHints":{"allow":["GET"]}}],"collection":[{"href":"https:\/\/blogs.lyceecfadumene.fr\/tyanheol\/wp-json\/wp\/v2\/posts"}],"about":[{"href":"https:\/\/blogs.lyceecfadumene.fr\/tyanheol\/wp-json\/wp\/v2\/types\/post"}],"author":[{"embeddable":true,"href":"https:\/\/blogs.lyceecfadumene.fr\/tyanheol\/wp-json\/wp\/v2\/users\/97"}],"replies":[{"embeddable":true,"href":"https:\/\/blogs.lyceecfadumene.fr\/tyanheol\/wp-json\/wp\/v2\/comments?post=2148"}],"version-history":[{"count":1,"href":"https:\/\/blogs.lyceecfadumene.fr\/tyanheol\/wp-json\/wp\/v2\/posts\/2148\/revisions"}],"predecessor-version":[{"id":3193,"href":"https:\/\/blogs.lyceecfadumene.fr\/tyanheol\/wp-json\/wp\/v2\/posts\/2148\/revisions\/3193"}],"wp:attachment":[{"href":"https:\/\/blogs.lyceecfadumene.fr\/tyanheol\/wp-json\/wp\/v2\/media?parent=2148"}],"wp:term":[{"taxonomy":"category","embeddable":true,"href":"https:\/\/blogs.lyceecfadumene.fr\/tyanheol\/wp-json\/wp\/v2\/categories?post=2148"},{"taxonomy":"post_tag","embeddable":true,"href":"https:\/\/blogs.lyceecfadumene.fr\/tyanheol\/wp-json\/wp\/v2\/tags?post=2148"}],"curies":[{"name":"wp","href":"https:\/\/api.w.org\/{rel}","templated":true}]}}