{"id":2121,"date":"2017-10-09T19:37:36","date_gmt":"2017-10-09T17:37:36","guid":{"rendered":"https:\/\/blogs.lyceecfadumene.fr\/tyanheol\/?p=2121"},"modified":"2022-04-03T17:56:53","modified_gmt":"2022-04-03T15:56:53","slug":"les-10-ans-du-jss-le-lycee-en-fete","status":"publish","type":"post","link":"https:\/\/blogs.lyceecfadumene.fr\/tyanheol\/2017\/10\/09\/les-10-ans-du-jss-le-lycee-en-fete\/","title":{"rendered":"Les 10 ans du JSS : le Lyc\u00e9e en f\u00eate"},"content":{"rendered":"<p>10 ans d\u00e9j\u00e0 que le Jardin des Saveurs et des Senteurs est un outil p\u00e9dagogique incontournable du Lyc\u00e9e-CFA du Men\u00e9. Ouvert au public, il permet de mettre en valeur les productions des Serres du Men\u00e9 ainsi que les fili\u00e8res propos\u00e9es gr\u00e2ce au travail conjoint des enseignants et des \u00e9l\u00e8ves. D&rsquo;ailleurs, un grand merci \u00e0 tous ceux qui se sont investis, que ce soit pour guider la visite, offrir des ateliers de d\u00e9couverte, ou participer aux concours de dessin, de brouette, ou encore de reconnaissance des animaux de nos jardins.<\/p>\n<p><span class=\"embed-youtube\" style=\"text-align:center; display: block;\"><iframe loading=\"lazy\" class=\"youtube-player\" width=\"604\" height=\"340\" src=\"https:\/\/www.youtube.com\/embed\/7TXmrpgPTA0?version=3&#038;rel=1&#038;showsearch=0&#038;showinfo=1&#038;iv_load_policy=1&#038;fs=1&#038;hl=fr-FR&#038;autohide=2&#038;wmode=transparent\" allowfullscreen=\"true\" style=\"border:0;\" sandbox=\"allow-scripts allow-same-origin allow-popups allow-presentation allow-popups-to-escape-sandbox\"><\/iframe><\/span><\/p>\n","protected":false},"excerpt":{"rendered":"<p>10 ans d\u00e9j\u00e0 que le Jardin des Saveurs et des Senteurs est un outil p\u00e9dagogique incontournable du Lyc\u00e9e-CFA du Men\u00e9. Ouvert au public, il permet de mettre en valeur les productions des Serres du Men\u00e9 ainsi que les fili\u00e8res propos\u00e9es gr\u00e2ce au travail conjoint des enseignants et des \u00e9l\u00e8ves. D&rsquo;ailleurs, un grand merci \u00e0 tous &hellip; <a href=\"https:\/\/blogs.lyceecfadumene.fr\/tyanheol\/2017\/10\/09\/les-10-ans-du-jss-le-lycee-en-fete\/\" class=\"more-link\">Continuer la lecture de <span class=\"screen-reader-text\">Les 10 ans du JSS : le Lyc\u00e9e en f\u00eate<\/span> <span class=\"meta-nav\">&rarr;<\/span><\/a><\/p>\n","protected":false},"author":97,"featured_media":0,"comment_status":"open","ping_status":"open","sticky":false,"template":"","format":"standard","meta":{"_jetpack_memberships_contains_paid_content":false,"footnotes":"","jetpack_publicize_message":"","jetpack_publicize_feature_enabled":true,"jetpack_social_post_already_shared":true,"jetpack_social_options":{"image_generator_settings":{"template":"highway","default_image_id":0,"font":"","enabled":false},"version":2}},"categories":[8569,29433,25439,1,29432,314],"tags":[9190,25442,16505,25464,4,6],"class_list":["post-2121","post","type-post","status-publish","format-standard","hentry","category-agroequipement","category-amenagement-paysager2","category-education-socioculturelle","category-non-classe","category-video2","category-videos","tag-activites","tag-bac-pro-amenagement-paysager","tag-bac-pro-vente","tag-education-socioculturelle","tag-lycee","tag-merdrignac"],"aioseo_notices":[],"jetpack_publicize_connections":[],"jetpack_featured_media_url":"","jetpack_shortlink":"https:\/\/wp.me\/p1SrOO-yd","jetpack_sharing_enabled":true,"_links":{"self":[{"href":"https:\/\/blogs.lyceecfadumene.fr\/tyanheol\/wp-json\/wp\/v2\/posts\/2121","targetHints":{"allow":["GET"]}}],"collection":[{"href":"https:\/\/blogs.lyceecfadumene.fr\/tyanheol\/wp-json\/wp\/v2\/posts"}],"about":[{"href":"https:\/\/blogs.lyceecfadumene.fr\/tyanheol\/wp-json\/wp\/v2\/types\/post"}],"author":[{"embeddable":true,"href":"https:\/\/blogs.lyceecfadumene.fr\/tyanheol\/wp-json\/wp\/v2\/users\/97"}],"replies":[{"embeddable":true,"href":"https:\/\/blogs.lyceecfadumene.fr\/tyanheol\/wp-json\/wp\/v2\/comments?post=2121"}],"version-history":[{"count":1,"href":"https:\/\/blogs.lyceecfadumene.fr\/tyanheol\/wp-json\/wp\/v2\/posts\/2121\/revisions"}],"predecessor-version":[{"id":3195,"href":"https:\/\/blogs.lyceecfadumene.fr\/tyanheol\/wp-json\/wp\/v2\/posts\/2121\/revisions\/3195"}],"wp:attachment":[{"href":"https:\/\/blogs.lyceecfadumene.fr\/tyanheol\/wp-json\/wp\/v2\/media?parent=2121"}],"wp:term":[{"taxonomy":"category","embeddable":true,"href":"https:\/\/blogs.lyceecfadumene.fr\/tyanheol\/wp-json\/wp\/v2\/categories?post=2121"},{"taxonomy":"post_tag","embeddable":true,"href":"https:\/\/blogs.lyceecfadumene.fr\/tyanheol\/wp-json\/wp\/v2\/tags?post=2121"}],"curies":[{"name":"wp","href":"https:\/\/api.w.org\/{rel}","templated":true}]}}