{"id":1916,"date":"2017-06-16T07:30:33","date_gmt":"2017-06-16T05:30:33","guid":{"rendered":"http:\/\/blogs.lyceecfadumene.fr\/tyanheol\/?p=1916"},"modified":"2022-04-03T17:55:06","modified_gmt":"2022-04-03T15:55:06","slug":"le-vivre-ensemble-une-reflexion-collective","status":"publish","type":"post","link":"https:\/\/blogs.lyceecfadumene.fr\/tyanheol\/2017\/06\/16\/le-vivre-ensemble-une-reflexion-collective\/","title":{"rendered":"Le vivre-ensemble, une r\u00e9flexion collective"},"content":{"rendered":"<div class=\"content-fiche\">\n<div class=\"fiche-item-content\">\n<p>Les Secondes CVA sont fiers de vous pr\u00e9senter le fruit de leur travail en ESC : des clips vid\u00e9o imagin\u00e9s et tourn\u00e9s dans le cadre du \u00ab\u00a0projet collectif\u00a0\u00bb du module EG1, par lesquels ils se sont interrog\u00e9s sur le lyc\u00e9e comme lieu de vie en collectivit\u00e9.<\/p>\n<p><span class=\"embed-youtube\" style=\"text-align:center; display: block;\"><iframe loading=\"lazy\" class=\"youtube-player\" width=\"604\" height=\"340\" src=\"https:\/\/www.youtube.com\/embed\/t8dKubsPUUQ?version=3&#038;rel=1&#038;showsearch=0&#038;showinfo=1&#038;iv_load_policy=1&#038;fs=1&#038;hl=fr-FR&#038;autohide=2&#038;wmode=transparent\" allowfullscreen=\"true\" style=\"border:0;\" sandbox=\"allow-scripts allow-same-origin allow-popups allow-presentation allow-popups-to-escape-sandbox\"><\/iframe><\/span><\/p>\n<p>C&rsquo;est l&rsquo;occasion ici de r\u00e9fl\u00e9chir ensemble sur la vie d&rsquo;\u00e9l\u00e8ve en tant qu&rsquo;interne, mais aussi et surtout de r\u00e9fl\u00e9chir \u00e0 un usage responsable et citoyen des r\u00e9seaux sociaux, respectueux de chacun, pour cr\u00e9er du lien social et non pas, \u00e0 l&rsquo;inverse, stigmatiser quelqu&rsquo;un pour le mettre en avant, le ridiculiser, le calomnier, et finalement, le harceler.<\/p>\n<header id=\"headerPage\">\n<h1>Que faire en cas de harc\u00e8lement&nbsp;?<\/h1>\n<\/header>\n<div class=\"content-fiche\">\n<p>Le harc\u00e8lement est la r\u00e9p\u00e9tition de propos et de comportements ayant pour but ou effet une d\u00e9gradation des conditions de vie de la victime. Cela se traduit par des cons\u00e9quences sur la sant\u00e9 physique ou mentale de la personne harcel\u00e9e.<\/p>\n<p>La loi punit le harc\u00e8lement dans toutes les situations.<\/p>\n<p>C&rsquo;est la fr\u00e9quence et la teneur des actes qui comptent.<\/p>\n<p>Ces actes peuvent \u00eatre :<\/p>\n<ul>\n<li>des insultes ou vexations,<\/li>\n<li>des menaces,<\/li>\n<li>des propos obsc\u00e8nes,<\/li>\n<li>des appels t\u00e9l\u00e9phoniques, SMS ou courriers \u00e9lectroniques malveillants,<\/li>\n<li>des visites au domicile ou passages sur le lieu de travail&#8230;<\/li>\n<\/ul>\n<p><strong>Le harc\u00e8lement en ligne<\/strong> est un harc\u00e8lement s&rsquo;effectuant via internet (sur un r\u00e9seau social, un forum, un jeu vid\u00e9o multijoueurs, un blog&#8230;). On parle aussi de <span class=\"expression\"><em>cyberharc\u00e8lement<\/em><\/span>.<\/p>\n<p>Les propos en cause peuvent \u00eatre des commentaires d&rsquo;internautes, des vid\u00e9os, des montages d&rsquo;images, des messages sur des forums&#8230;<\/p>\n<p>Le harc\u00e8lement en ligne est puni, que les \u00e9changes soient publics (sur un forum par exemple) ou priv\u00e9s (entre \u00ab\u00a0amis\u00a0\u00bb sur un r\u00e9seau social).<\/p>\n<p>Il y a harc\u00e8lement quels que soient les rapports entre l&rsquo;auteur et la victime : coll\u00e8gues de travail, voisins, \u00e9l\u00e8ves d&rsquo;un m\u00eame \u00e9tablissement, couple mari\u00e9 ou non&#8230;<\/p>\n<p>Toute victime de harc\u00e8lement peut porter plainte contre&nbsp;l&rsquo;auteur des actes incrimin\u00e9s. Si l&rsquo;auteur est inconnu, elle peut porter plainte contre X.<\/p>\n<div class=\"fiche-item-content\">\n<h4 class=\" sr-only\">Sur place<\/h4>\n<\/div>\n<div class=\"fiche-item-content\">\n<p>Dans ce cas, vous devez vous adresser \u00e0 un commissariat de police ou une brigade de gendarmerie. Mais avant toute chose, venez en parler aux adultes, chez vous et au lyc\u00e9e. Bien souvent, tout s&rsquo;arrange par la discussion.<\/p>\n<\/div>\n<\/div>\n<\/div>\n<div class=\"fiche-item-content\">\n<h4 class=\" sr-only\">Sur placeous devez vous adresser \u00e0 un commissariat de police ou une brigade de gendarmerie.<\/h4>\n<\/div>\n<div class=\"fiche-item-content\">\n<h4 class=\" sr-only\">Sur plaVous devez vous adresser \u00e0 un commissariat de police ou une brigade de gendarmerie.<\/h4>\n<\/div>\n<\/div>\n","protected":false},"excerpt":{"rendered":"<p>Les Secondes CVA sont fiers de vous pr\u00e9senter le fruit de leur travail en ESC : des clips vid\u00e9o imagin\u00e9s et tourn\u00e9s dans le cadre du \u00ab\u00a0projet collectif\u00a0\u00bb du module EG1, par lesquels ils se sont interrog\u00e9s sur le lyc\u00e9e comme lieu de vie en collectivit\u00e9. C&rsquo;est l&rsquo;occasion ici de r\u00e9fl\u00e9chir ensemble sur la vie &hellip; <a href=\"https:\/\/blogs.lyceecfadumene.fr\/tyanheol\/2017\/06\/16\/le-vivre-ensemble-une-reflexion-collective\/\" class=\"more-link\">Continuer la lecture de <span class=\"screen-reader-text\">Le vivre-ensemble, une r\u00e9flexion collective<\/span> <span class=\"meta-nav\">&rarr;<\/span><\/a><\/p>\n","protected":false},"author":97,"featured_media":0,"comment_status":"open","ping_status":"open","sticky":false,"template":"","format":"standard","meta":{"_jetpack_memberships_contains_paid_content":false,"footnotes":"","jetpack_publicize_message":"","jetpack_publicize_feature_enabled":true,"jetpack_social_post_already_shared":true,"jetpack_social_options":{"image_generator_settings":{"template":"highway","default_image_id":0,"font":"","enabled":false},"version":2}},"categories":[25439,1,29432,314],"tags":[9190,25464,4,6],"class_list":["post-1916","post","type-post","status-publish","format-standard","hentry","category-education-socioculturelle","category-non-classe","category-video2","category-videos","tag-activites","tag-education-socioculturelle","tag-lycee","tag-merdrignac"],"aioseo_notices":[],"jetpack_publicize_connections":[],"jetpack_featured_media_url":"","jetpack_shortlink":"https:\/\/wp.me\/p1SrOO-uU","jetpack_sharing_enabled":true,"_links":{"self":[{"href":"https:\/\/blogs.lyceecfadumene.fr\/tyanheol\/wp-json\/wp\/v2\/posts\/1916","targetHints":{"allow":["GET"]}}],"collection":[{"href":"https:\/\/blogs.lyceecfadumene.fr\/tyanheol\/wp-json\/wp\/v2\/posts"}],"about":[{"href":"https:\/\/blogs.lyceecfadumene.fr\/tyanheol\/wp-json\/wp\/v2\/types\/post"}],"author":[{"embeddable":true,"href":"https:\/\/blogs.lyceecfadumene.fr\/tyanheol\/wp-json\/wp\/v2\/users\/97"}],"replies":[{"embeddable":true,"href":"https:\/\/blogs.lyceecfadumene.fr\/tyanheol\/wp-json\/wp\/v2\/comments?post=1916"}],"version-history":[{"count":1,"href":"https:\/\/blogs.lyceecfadumene.fr\/tyanheol\/wp-json\/wp\/v2\/posts\/1916\/revisions"}],"predecessor-version":[{"id":3200,"href":"https:\/\/blogs.lyceecfadumene.fr\/tyanheol\/wp-json\/wp\/v2\/posts\/1916\/revisions\/3200"}],"wp:attachment":[{"href":"https:\/\/blogs.lyceecfadumene.fr\/tyanheol\/wp-json\/wp\/v2\/media?parent=1916"}],"wp:term":[{"taxonomy":"category","embeddable":true,"href":"https:\/\/blogs.lyceecfadumene.fr\/tyanheol\/wp-json\/wp\/v2\/categories?post=1916"},{"taxonomy":"post_tag","embeddable":true,"href":"https:\/\/blogs.lyceecfadumene.fr\/tyanheol\/wp-json\/wp\/v2\/tags?post=1916"}],"curies":[{"name":"wp","href":"https:\/\/api.w.org\/{rel}","templated":true}]}}