{"id":1889,"date":"2017-06-05T17:19:58","date_gmt":"2017-06-05T15:19:58","guid":{"rendered":"http:\/\/blogs.lyceecfadumene.fr\/tyanheol\/?p=1889"},"modified":"2022-04-03T17:55:06","modified_gmt":"2022-04-03T15:55:06","slug":"prendre-le-large-avant-les-revisions","status":"publish","type":"post","link":"https:\/\/blogs.lyceecfadumene.fr\/tyanheol\/2017\/06\/05\/prendre-le-large-avant-les-revisions\/","title":{"rendered":"Prendre le large avant les r\u00e9visions"},"content":{"rendered":"<p><img data-recalc-dims=\"1\" decoding=\"async\" src=\"https:\/\/i0.wp.com\/cdn.pixabay.com\/photo\/2016\/01\/19\/17\/26\/atlantic-puffin-1149707_960_720.jpg?w=604&#038;ssl=1\" alt=\"Macareux Moine, Macareux, Atlantique, La Faune, Sauvage\"><\/p>\n<p><strong>Encore une superbe sortie ce mercredi 31 mai avec le tour des Sept \u00celes au large de Perros-Guirec<\/strong>, premi\u00e8re r\u00e9serve fran\u00e7aise d&rsquo;oiseaux de mer, &nbsp;pour admirer 25000 couples d&rsquo;oiseaux marins dont le fameux macareux moine, mais aussi le fou de Bassan, le fulmar bor\u00e9al, le cormoran hupp\u00e9, le guillemot de Tro\u00efl, le pingouin troda, ou encore&nbsp;le phoque gris, une des stars de la r\u00e9serve !<\/p>\n<p><span class=\"embed-youtube\" style=\"text-align:center; display: block;\"><iframe loading=\"lazy\" class=\"youtube-player\" width=\"604\" height=\"340\" src=\"https:\/\/www.youtube.com\/embed\/hOdaCqMyGV8?version=3&#038;rel=1&#038;showsearch=0&#038;showinfo=1&#038;iv_load_policy=1&#038;fs=1&#038;hl=fr-FR&#038;autohide=2&#038;wmode=transparent\" allowfullscreen=\"true\" style=\"border:0;\" sandbox=\"allow-scripts allow-same-origin allow-popups allow-presentation allow-popups-to-escape-sandbox\"><\/iframe><\/span><\/p>\n<h2>La r\u00e9serve des Sept-\u00celes en quelques dates<\/h2>\n<ul>\n<li>1912&nbsp;: La LPO est \u00e0 l\u2019origine de la co-cr\u00e9ation de la R\u00e9serve ornithologique des 7 \u00eeles. Une d\u00e9cision motiv\u00e9e par le massacre des macareux moines provoqu\u00e9 par les chasseurs.<\/li>\n<li>1976&nbsp;: cr\u00e9ation de la r\u00e9serve naturelle (arr\u00eat\u00e9 minist\u00e9riel). Cela englobe l\u2019ensemble de l\u2019archipel et garantit la protection de la faune, de la flore et des paysages.<\/li>\n<li>1984&nbsp;: ouverture de la Maison de la r\u00e9serve pour l\u2019accueil du public.<\/li>\n<\/ul>\n<h2>Comment d\u00e9couvrir la R\u00e9serve des Sept-\u00celes<\/h2>\n<h3>La station LPO (Maison de la r\u00e9serve naturelle des Sept-\u00celes) est ouverte au public d\u2019avril \u00e0 septembre.<\/h3>\n<p><strong>A la station <\/strong><br \/>\nExpo permanente sur l\u2019\u00e9cosyst\u00e8me de Sept-\u00celes. D\u00e9couverte des diff\u00e9rents milieux naturels et esp\u00e8ces qui peuplent l\u2019archipel. On peut y voir un rocher sur lequel sont pr\u00e9sent\u00e9s des \u00ab&nbsp;faux&nbsp;\u00bb oiseaux en taille et couleur r\u00e9elles. Egalement : une salle d\u00e9di\u00e9e au milieu marin, un \u00e9cran montrant des images de fous de Bassan en direct de Rouzic\u2026<br \/>\nLa station LPO de l\u2019\u00cele Grande abrite aussi un centre de soins pour oiseaux sauvages o\u00f9 sont recueillis et soign\u00e9s les oiseaux sauvages de Bretagne. Quelque 1300 oiseaux ont \u00e9t\u00e9 recueillis l\u2019an dernier.<\/p>\n<h3>La LPO propose des animations en juillet-ao\u00fbt pour le grand public.<\/h3>\n<p><strong>En bateau<\/strong><br \/>\nEn juillet-ao\u00fbt, circuit de 2 heures pour d\u00e9couvrir la r\u00e9serve. Ces sorties en vedette sont comment\u00e9es par un guide LPO&nbsp;; plusieurs haltes sont pr\u00e9vues afin d\u2019observer les oiseaux avec des jumelles pr\u00eat\u00e9es \u00e0 bord, sans d\u00e9barquer.<br \/>\nToutes les visites partent de la station LPO de l\u2019\u00cele Grande.<\/p>\n<p><strong>A pied<\/strong><br \/>\nVisite comment\u00e9e par un guide LPO \u00e0 la d\u00e9couverte des diff\u00e9rentes esp\u00e8ces d\u2019oiseaux et de leur comportement. Au d\u00e9part de la station LPO.<br \/>\nDes sorties \u00e0 mar\u00e9e basse et des sorties botaniques sont \u00e9galement organis\u00e9es.<\/p>\n<h3>La r\u00e9serve des Sept-\u00celes en quelques chiffres<\/h3>\n<p>La r\u00e9serve des 7 \u00celes, ce sont 4 kms au large des roches de Ploumanac\u2019h (Perros-Guirrec) et 208 ha dont 40 de terres toujours \u00e9merg\u00e9es et 240 d\u2019estran. A mar\u00e9e haute, on distingue les \u00eeles et \u00eelots suivants&nbsp;: \u00eele aux Moines, l\u2019\u00eele Plate, l\u2019\u00eele de Malban, l\u2019\u00eele Rouzic, l\u2019\u00eele Bono, les \u00eelots aux Rats ainsi que le r\u00e9cif du Cerf et les r\u00e9cifs des Costans.<\/p>\n<p><img data-recalc-dims=\"1\" decoding=\"async\" src=\"https:\/\/i0.wp.com\/sept-iles.lpo.fr\/images\/stories\/bandeau_rn_v2.jpg?w=604&#038;ssl=1\"><\/p>\n<p><a href=\"https:\/\/sept-iles.lpo.fr\/a-telecharger\" target=\"_blank\" rel=\"noopener noreferrer\">Plaquette t\u00e9l\u00e9chargeable ici<\/a><\/p>\n","protected":false},"excerpt":{"rendered":"<p>Encore une superbe sortie ce mercredi 31 mai avec le tour des Sept \u00celes au large de Perros-Guirec, premi\u00e8re r\u00e9serve fran\u00e7aise d&rsquo;oiseaux de mer, &nbsp;pour admirer 25000 couples d&rsquo;oiseaux marins dont le fameux macareux moine, mais aussi le fou de Bassan, le fulmar bor\u00e9al, le cormoran hupp\u00e9, le guillemot de Tro\u00efl, le pingouin troda, ou &hellip; <a href=\"https:\/\/blogs.lyceecfadumene.fr\/tyanheol\/2017\/06\/05\/prendre-le-large-avant-les-revisions\/\" class=\"more-link\">Continuer la lecture de <span class=\"screen-reader-text\">Prendre le large avant les r\u00e9visions<\/span> <span class=\"meta-nav\">&rarr;<\/span><\/a><\/p>\n","protected":false},"author":97,"featured_media":0,"comment_status":"open","ping_status":"open","sticky":false,"template":"","format":"standard","meta":{"_jetpack_memberships_contains_paid_content":false,"footnotes":"","jetpack_publicize_message":"","jetpack_publicize_feature_enabled":true,"jetpack_social_post_already_shared":true,"jetpack_social_options":{"image_generator_settings":{"template":"highway","default_image_id":0,"font":"","enabled":false},"version":2}},"categories":[25439,1,9177,29432,314],"tags":[9190,171,25464,4,9197,6,25486,25457,3645,25463,3643],"class_list":["post-1889","post","type-post","status-publish","format-standard","hentry","category-education-socioculturelle","category-non-classe","category-sorties","category-video2","category-videos","tag-activites","tag-animaux","tag-education-socioculturelle","tag-lycee","tag-mercredi","tag-merdrignac","tag-ornithologie","tag-patrimoine","tag-sortie","tag-sorties","tag-ty-an-heol"],"aioseo_notices":[],"jetpack_publicize_connections":[],"jetpack_featured_media_url":"","jetpack_shortlink":"https:\/\/wp.me\/p1SrOO-ut","jetpack_sharing_enabled":true,"_links":{"self":[{"href":"https:\/\/blogs.lyceecfadumene.fr\/tyanheol\/wp-json\/wp\/v2\/posts\/1889","targetHints":{"allow":["GET"]}}],"collection":[{"href":"https:\/\/blogs.lyceecfadumene.fr\/tyanheol\/wp-json\/wp\/v2\/posts"}],"about":[{"href":"https:\/\/blogs.lyceecfadumene.fr\/tyanheol\/wp-json\/wp\/v2\/types\/post"}],"author":[{"embeddable":true,"href":"https:\/\/blogs.lyceecfadumene.fr\/tyanheol\/wp-json\/wp\/v2\/users\/97"}],"replies":[{"embeddable":true,"href":"https:\/\/blogs.lyceecfadumene.fr\/tyanheol\/wp-json\/wp\/v2\/comments?post=1889"}],"version-history":[{"count":1,"href":"https:\/\/blogs.lyceecfadumene.fr\/tyanheol\/wp-json\/wp\/v2\/posts\/1889\/revisions"}],"predecessor-version":[{"id":3201,"href":"https:\/\/blogs.lyceecfadumene.fr\/tyanheol\/wp-json\/wp\/v2\/posts\/1889\/revisions\/3201"}],"wp:attachment":[{"href":"https:\/\/blogs.lyceecfadumene.fr\/tyanheol\/wp-json\/wp\/v2\/media?parent=1889"}],"wp:term":[{"taxonomy":"category","embeddable":true,"href":"https:\/\/blogs.lyceecfadumene.fr\/tyanheol\/wp-json\/wp\/v2\/categories?post=1889"},{"taxonomy":"post_tag","embeddable":true,"href":"https:\/\/blogs.lyceecfadumene.fr\/tyanheol\/wp-json\/wp\/v2\/tags?post=1889"}],"curies":[{"name":"wp","href":"https:\/\/api.w.org\/{rel}","templated":true}]}}