{"id":1861,"date":"2017-03-17T14:46:48","date_gmt":"2017-03-17T12:46:48","guid":{"rendered":"http:\/\/blogs.lyceecfadumene.fr\/tyanheol\/?p=1861"},"modified":"2022-04-03T17:55:06","modified_gmt":"2022-04-03T15:55:06","slug":"defile-floral-edition-2017","status":"publish","type":"post","link":"https:\/\/blogs.lyceecfadumene.fr\/tyanheol\/2017\/03\/17\/defile-floral-edition-2017\/","title":{"rendered":"D\u00e9fil\u00e9 floral \u00e9dition 2017"},"content":{"rendered":"<p style=\"text-align: center\"><img data-recalc-dims=\"1\" loading=\"lazy\" decoding=\"async\" data-attachment-id=\"1865\" data-permalink=\"https:\/\/blogs.lyceecfadumene.fr\/tyanheol\/2017\/03\/17\/defile-floral-edition-2017\/artfloral\/\" data-orig-file=\"https:\/\/i0.wp.com\/blogs.lyceecfadumene.fr\/tyanheol\/files\/2017\/03\/artfloral.jpg?fit=620%2C217&amp;ssl=1\" data-orig-size=\"620,217\" data-comments-opened=\"1\" data-image-meta=\"{&quot;aperture&quot;:&quot;0&quot;,&quot;credit&quot;:&quot;&quot;,&quot;camera&quot;:&quot;&quot;,&quot;caption&quot;:&quot;&quot;,&quot;created_timestamp&quot;:&quot;0&quot;,&quot;copyright&quot;:&quot;&quot;,&quot;focal_length&quot;:&quot;0&quot;,&quot;iso&quot;:&quot;0&quot;,&quot;shutter_speed&quot;:&quot;0&quot;,&quot;title&quot;:&quot;&quot;,&quot;orientation&quot;:&quot;0&quot;}\" data-image-title=\"artfloral\" data-image-description=\"\" data-image-caption=\"\" data-large-file=\"https:\/\/i0.wp.com\/blogs.lyceecfadumene.fr\/tyanheol\/files\/2017\/03\/artfloral.jpg?fit=604%2C211&amp;ssl=1\" class=\"alignnone size-medium wp-image-1865\" src=\"https:\/\/i0.wp.com\/blogs.lyceecfadumene.fr\/tyanheol\/files\/2017\/03\/artfloral-300x105.jpg?resize=300%2C105&#038;ssl=1\" alt=\"\" width=\"300\" height=\"105\" srcset=\"https:\/\/i0.wp.com\/blogs.lyceecfadumene.fr\/tyanheol\/files\/2017\/03\/artfloral.jpg?resize=300%2C105&amp;ssl=1 300w, https:\/\/i0.wp.com\/blogs.lyceecfadumene.fr\/tyanheol\/files\/2017\/03\/artfloral.jpg?resize=500%2C175&amp;ssl=1 500w, https:\/\/i0.wp.com\/blogs.lyceecfadumene.fr\/tyanheol\/files\/2017\/03\/artfloral.jpg?w=620&amp;ssl=1 620w\" sizes=\"auto, (max-width: 300px) 100vw, 300px\" \/><\/p>\n<p><strong>E<\/strong>dition 2017 des <strong>CAP Fleuristes<\/strong> du Lyc\u00e9e du Men\u00e9 de Merdrignac, avec leur D\u00e9fil\u00e9 floral : bouquets, compositions, accessoires, v\u00eatements, maquillage&#8230; Tout le savoir-faire pr\u00e9sent\u00e9 au public, avec un niveau d&rsquo;exigence et de r\u00e9alisation bien sup\u00e9rieur au CAP, pour une soir\u00e9e festive et f\u00e9erique !<\/p>\n<p><a href=\"https:\/\/youtu.be\/N61jIM8bpVk\">Le d\u00e9fil\u00e9 en vid\u00e9o ici.<\/a><\/p>\n","protected":false},"excerpt":{"rendered":"<p>Edition 2017 des CAP Fleuristes du Lyc\u00e9e du Men\u00e9 de Merdrignac, avec leur D\u00e9fil\u00e9 floral : bouquets, compositions, accessoires, v\u00eatements, maquillage&#8230; Tout le savoir-faire pr\u00e9sent\u00e9 au public, avec un niveau d&rsquo;exigence et de r\u00e9alisation bien sup\u00e9rieur au CAP, pour une soir\u00e9e festive et f\u00e9erique ! Le d\u00e9fil\u00e9 en vid\u00e9o ici.<\/p>\n","protected":false},"author":97,"featured_media":0,"comment_status":"open","ping_status":"open","sticky":false,"template":"","format":"standard","meta":{"_jetpack_memberships_contains_paid_content":false,"footnotes":"","jetpack_publicize_message":"","jetpack_publicize_feature_enabled":true,"jetpack_social_post_already_shared":true,"jetpack_social_options":{"image_generator_settings":{"template":"highway","default_image_id":0,"font":"","enabled":false},"version":2}},"categories":[25439,13564,1,29432,314],"tags":[9190,315,14210,25485,25464,4,6],"class_list":["post-1861","post","type-post","status-publish","format-standard","hentry","category-education-socioculturelle","category-france","category-non-classe","category-video2","category-videos","tag-activites","tag-art-floral","tag-cap-fleuristes","tag-defile-floral","tag-education-socioculturelle","tag-lycee","tag-merdrignac"],"aioseo_notices":[],"jetpack_publicize_connections":[],"jetpack_featured_media_url":"","jetpack_shortlink":"https:\/\/wp.me\/p1SrOO-u1","jetpack_sharing_enabled":true,"_links":{"self":[{"href":"https:\/\/blogs.lyceecfadumene.fr\/tyanheol\/wp-json\/wp\/v2\/posts\/1861","targetHints":{"allow":["GET"]}}],"collection":[{"href":"https:\/\/blogs.lyceecfadumene.fr\/tyanheol\/wp-json\/wp\/v2\/posts"}],"about":[{"href":"https:\/\/blogs.lyceecfadumene.fr\/tyanheol\/wp-json\/wp\/v2\/types\/post"}],"author":[{"embeddable":true,"href":"https:\/\/blogs.lyceecfadumene.fr\/tyanheol\/wp-json\/wp\/v2\/users\/97"}],"replies":[{"embeddable":true,"href":"https:\/\/blogs.lyceecfadumene.fr\/tyanheol\/wp-json\/wp\/v2\/comments?post=1861"}],"version-history":[{"count":1,"href":"https:\/\/blogs.lyceecfadumene.fr\/tyanheol\/wp-json\/wp\/v2\/posts\/1861\/revisions"}],"predecessor-version":[{"id":3203,"href":"https:\/\/blogs.lyceecfadumene.fr\/tyanheol\/wp-json\/wp\/v2\/posts\/1861\/revisions\/3203"}],"wp:attachment":[{"href":"https:\/\/blogs.lyceecfadumene.fr\/tyanheol\/wp-json\/wp\/v2\/media?parent=1861"}],"wp:term":[{"taxonomy":"category","embeddable":true,"href":"https:\/\/blogs.lyceecfadumene.fr\/tyanheol\/wp-json\/wp\/v2\/categories?post=1861"},{"taxonomy":"post_tag","embeddable":true,"href":"https:\/\/blogs.lyceecfadumene.fr\/tyanheol\/wp-json\/wp\/v2\/tags?post=1861"}],"curies":[{"name":"wp","href":"https:\/\/api.w.org\/{rel}","templated":true}]}}