{"id":1839,"date":"2016-10-31T20:28:50","date_gmt":"2016-10-31T18:28:50","guid":{"rendered":"http:\/\/blogs.lyceecfadumene.fr\/tyanheol\/?p=1839"},"modified":"2016-10-31T20:28:50","modified_gmt":"2016-10-31T18:28:50","slug":"halloweeeeeen","status":"publish","type":"post","link":"https:\/\/blogs.lyceecfadumene.fr\/tyanheol\/2016\/10\/31\/halloweeeeeen\/","title":{"rendered":"Halloweeeeeen !"},"content":{"rendered":"<p><strong>L<\/strong>es responsables du Foyer socio-\u00e9ducatif et l&rsquo;Association des Lyc\u00e9ens, Etudiants, Stagiaires et Apprentis du Lyc\u00e9e-CFA du Men\u00e9 de Merdrignac pr\u00e9sentent&#8230; leur soir\u00e9e de l&rsquo;<strong>horreuuuuuuuuuur<\/strong> !<\/p>\n<p><a href=\"https:\/\/youtu.be\/kIV8wFUHm8Q\">https:\/\/youtu.be\/kIV8wFUHm8Q<\/a><\/p>\n","protected":false},"excerpt":{"rendered":"<p>Les responsables du Foyer socio-\u00e9ducatif et l&rsquo;Association des Lyc\u00e9ens, Etudiants, Stagiaires et Apprentis du Lyc\u00e9e-CFA du Men\u00e9 de Merdrignac pr\u00e9sentent&#8230; leur soir\u00e9e de l&rsquo;horreuuuuuuuuuur ! https:\/\/youtu.be\/kIV8wFUHm8Q<\/p>\n","protected":false},"author":97,"featured_media":0,"comment_status":"open","ping_status":"open","sticky":false,"template":"","format":"standard","meta":{"_jetpack_memberships_contains_paid_content":false,"footnotes":"","jetpack_publicize_message":"","jetpack_publicize_feature_enabled":true,"jetpack_social_post_already_shared":true,"jetpack_social_options":{"image_generator_settings":{"template":"highway","default_image_id":0,"font":"","enabled":false},"version":2}},"categories":[1],"tags":[],"class_list":["post-1839","post","type-post","status-publish","format-standard","hentry","category-non-classe"],"aioseo_notices":[],"jetpack_publicize_connections":[],"jetpack_featured_media_url":"","jetpack_shortlink":"https:\/\/wp.me\/p1SrOO-tF","jetpack_sharing_enabled":true,"_links":{"self":[{"href":"https:\/\/blogs.lyceecfadumene.fr\/tyanheol\/wp-json\/wp\/v2\/posts\/1839","targetHints":{"allow":["GET"]}}],"collection":[{"href":"https:\/\/blogs.lyceecfadumene.fr\/tyanheol\/wp-json\/wp\/v2\/posts"}],"about":[{"href":"https:\/\/blogs.lyceecfadumene.fr\/tyanheol\/wp-json\/wp\/v2\/types\/post"}],"author":[{"embeddable":true,"href":"https:\/\/blogs.lyceecfadumene.fr\/tyanheol\/wp-json\/wp\/v2\/users\/97"}],"replies":[{"embeddable":true,"href":"https:\/\/blogs.lyceecfadumene.fr\/tyanheol\/wp-json\/wp\/v2\/comments?post=1839"}],"version-history":[{"count":0,"href":"https:\/\/blogs.lyceecfadumene.fr\/tyanheol\/wp-json\/wp\/v2\/posts\/1839\/revisions"}],"wp:attachment":[{"href":"https:\/\/blogs.lyceecfadumene.fr\/tyanheol\/wp-json\/wp\/v2\/media?parent=1839"}],"wp:term":[{"taxonomy":"category","embeddable":true,"href":"https:\/\/blogs.lyceecfadumene.fr\/tyanheol\/wp-json\/wp\/v2\/categories?post=1839"},{"taxonomy":"post_tag","embeddable":true,"href":"https:\/\/blogs.lyceecfadumene.fr\/tyanheol\/wp-json\/wp\/v2\/tags?post=1839"}],"curies":[{"name":"wp","href":"https:\/\/api.w.org\/{rel}","templated":true}]}}