{"id":1832,"date":"2016-10-18T16:36:51","date_gmt":"2016-10-18T14:36:51","guid":{"rendered":"http:\/\/blogs.lyceecfadumene.fr\/tyanheol\/?p=1832"},"modified":"2016-10-18T16:37:01","modified_gmt":"2016-10-18T14:37:01","slug":"batayaaaaa","status":"publish","type":"post","link":"https:\/\/blogs.lyceecfadumene.fr\/tyanheol\/2016\/10\/18\/batayaaaaa\/","title":{"rendered":"Batayaaaaa !"},"content":{"rendered":"<p>Fid\u00e8le \u00e0 sa tradition, le Lyc\u00e9e-CFA du Men\u00e9 a offert encore une fois une journ\u00e9e de formation \u00e0 ses apprenants \u00e9lus d\u00e9l\u00e9gu\u00e9s autour du th\u00e9\u00e2tre et de l&rsquo;expression corporelle pour aborder des notions comme la prise de parole en public, la prise de risque, l&rsquo;engagement ou le d\u00e9passement de soi.<\/p>\n<p>Le lendemain a donn\u00e9 lieu \u00e0 des ateliers d&rsquo;\u00e9change de paroles, de jeux de r\u00f4le ou d&rsquo;\u00e9tudes de cas, avant de privil\u00e9gier l&rsquo;esprit d&rsquo;\u00e9quipe avec une activit\u00e9 collective sur gyropodes \u00e0 Carnac (<a href=\"http:\/\/www.mobilboard.com\/fr\/agence\/segway\/carnac\/offres-loisirs\">http:\/\/www.mobilboard.com\/fr\/agence\/segway\/carnac\/offres-loisirs<\/a>).<\/p>\n<p>Encore bravo aux \u00e9l\u00e8ves, apprentis et \u00e9tudiants, ainsi qu&rsquo;\u00e0 la Compagnie Bataya pour son professionnalisme !<\/p>\n<p><span class=\"embed-youtube\" style=\"text-align:center; display: block;\"><iframe loading=\"lazy\" class=\"youtube-player\" width=\"604\" height=\"340\" src=\"https:\/\/www.youtube.com\/embed\/Rmq1-PHepfk?version=3&#038;rel=1&#038;showsearch=0&#038;showinfo=1&#038;iv_load_policy=1&#038;fs=1&#038;hl=fr-FR&#038;autohide=2&#038;wmode=transparent&#038;listType=playlist&#038;list=PLmkLkyRag9WaV_a2TCmGTSHSpOGHe08mZ\" allowfullscreen=\"true\" style=\"border:0;\" sandbox=\"allow-scripts allow-same-origin allow-popups allow-presentation allow-popups-to-escape-sandbox\"><\/iframe><\/span><\/p>\n","protected":false},"excerpt":{"rendered":"<p>Fid\u00e8le \u00e0 sa tradition, le Lyc\u00e9e-CFA du Men\u00e9 a offert encore une fois une journ\u00e9e de formation \u00e0 ses apprenants \u00e9lus d\u00e9l\u00e9gu\u00e9s autour du th\u00e9\u00e2tre et de l&rsquo;expression corporelle pour aborder des notions comme la prise de parole en public, la prise de risque, l&rsquo;engagement ou le d\u00e9passement de soi. Le lendemain a donn\u00e9 lieu &hellip; <a href=\"https:\/\/blogs.lyceecfadumene.fr\/tyanheol\/2016\/10\/18\/batayaaaaa\/\" class=\"more-link\">Continuer la lecture de <span class=\"screen-reader-text\">Batayaaaaa !<\/span> <span class=\"meta-nav\">&rarr;<\/span><\/a><\/p>\n","protected":false},"author":97,"featured_media":0,"comment_status":"open","ping_status":"open","sticky":false,"template":"","format":"standard","meta":{"_jetpack_memberships_contains_paid_content":false,"footnotes":"","jetpack_publicize_message":"","jetpack_publicize_feature_enabled":true,"jetpack_social_post_already_shared":true,"jetpack_social_options":{"image_generator_settings":{"template":"highway","default_image_id":0,"font":"","enabled":false},"version":2}},"categories":[25439,1,9177,5680],"tags":[9190,9188,25464,4,6,25461,3938],"class_list":["post-1832","post","type-post","status-publish","format-standard","hentry","category-education-socioculturelle","category-non-classe","category-sorties","category-theatre","tag-activites","tag-comedie","tag-education-socioculturelle","tag-lycee","tag-merdrignac","tag-theatre","tag-transmission"],"aioseo_notices":[],"jetpack_publicize_connections":[],"jetpack_featured_media_url":"","jetpack_shortlink":"https:\/\/wp.me\/p1SrOO-ty","jetpack_sharing_enabled":true,"_links":{"self":[{"href":"https:\/\/blogs.lyceecfadumene.fr\/tyanheol\/wp-json\/wp\/v2\/posts\/1832","targetHints":{"allow":["GET"]}}],"collection":[{"href":"https:\/\/blogs.lyceecfadumene.fr\/tyanheol\/wp-json\/wp\/v2\/posts"}],"about":[{"href":"https:\/\/blogs.lyceecfadumene.fr\/tyanheol\/wp-json\/wp\/v2\/types\/post"}],"author":[{"embeddable":true,"href":"https:\/\/blogs.lyceecfadumene.fr\/tyanheol\/wp-json\/wp\/v2\/users\/97"}],"replies":[{"embeddable":true,"href":"https:\/\/blogs.lyceecfadumene.fr\/tyanheol\/wp-json\/wp\/v2\/comments?post=1832"}],"version-history":[{"count":0,"href":"https:\/\/blogs.lyceecfadumene.fr\/tyanheol\/wp-json\/wp\/v2\/posts\/1832\/revisions"}],"wp:attachment":[{"href":"https:\/\/blogs.lyceecfadumene.fr\/tyanheol\/wp-json\/wp\/v2\/media?parent=1832"}],"wp:term":[{"taxonomy":"category","embeddable":true,"href":"https:\/\/blogs.lyceecfadumene.fr\/tyanheol\/wp-json\/wp\/v2\/categories?post=1832"},{"taxonomy":"post_tag","embeddable":true,"href":"https:\/\/blogs.lyceecfadumene.fr\/tyanheol\/wp-json\/wp\/v2\/tags?post=1832"}],"curies":[{"name":"wp","href":"https:\/\/api.w.org\/{rel}","templated":true}]}}