{"id":1823,"date":"2016-09-15T08:43:29","date_gmt":"2016-09-15T06:43:29","guid":{"rendered":"http:\/\/blogs.lyceecfadumene.fr\/tyanheol\/?p=1823"},"modified":"2016-10-12T09:08:38","modified_gmt":"2016-10-12T07:08:38","slug":"bilan-de-la-fete-des-sports","status":"publish","type":"post","link":"https:\/\/blogs.lyceecfadumene.fr\/tyanheol\/2016\/09\/15\/bilan-de-la-fete-des-sports\/","title":{"rendered":"Bilan de la f\u00eate des sports"},"content":{"rendered":"<p>Ce mercredi 14 septembre, <strong>les enseignants EPS<\/strong> du lyc\u00e9e du Men\u00e9 organisaient une grande f\u00eate du sport en relation avec la journ\u00e9e nationale du sport scolaire.<a href=\"https:\/\/i0.wp.com\/blogs.lyceecfadumene.fr\/tyanheol\/files\/2016\/10\/fete.jpeg?ssl=1\"><img data-recalc-dims=\"1\" loading=\"lazy\" decoding=\"async\" data-attachment-id=\"1824\" data-permalink=\"https:\/\/blogs.lyceecfadumene.fr\/tyanheol\/2016\/09\/15\/bilan-de-la-fete-des-sports\/fete\/\" data-orig-file=\"https:\/\/i0.wp.com\/blogs.lyceecfadumene.fr\/tyanheol\/files\/2016\/10\/fete.jpeg?fit=778%2C558&amp;ssl=1\" data-orig-size=\"778,558\" data-comments-opened=\"1\" data-image-meta=\"{&quot;aperture&quot;:&quot;0&quot;,&quot;credit&quot;:&quot;&quot;,&quot;camera&quot;:&quot;&quot;,&quot;caption&quot;:&quot;&quot;,&quot;created_timestamp&quot;:&quot;0&quot;,&quot;copyright&quot;:&quot;&quot;,&quot;focal_length&quot;:&quot;0&quot;,&quot;iso&quot;:&quot;0&quot;,&quot;shutter_speed&quot;:&quot;0&quot;,&quot;title&quot;:&quot;&quot;,&quot;orientation&quot;:&quot;0&quot;}\" data-image-title=\"fete\" data-image-description=\"\" data-image-caption=\"\" data-large-file=\"https:\/\/i0.wp.com\/blogs.lyceecfadumene.fr\/tyanheol\/files\/2016\/10\/fete.jpeg?fit=604%2C433&amp;ssl=1\" class=\"alignleft wp-image-1824 size-full\" style=\"border: 1px solid #000000\" src=\"https:\/\/i0.wp.com\/blogs.lyceecfadumene.fr\/tyanheol\/files\/2016\/10\/fete.jpeg?resize=604%2C433&#038;ssl=1\" alt=\"fete\" width=\"604\" height=\"433\" srcset=\"https:\/\/i0.wp.com\/blogs.lyceecfadumene.fr\/tyanheol\/files\/2016\/10\/fete.jpeg?w=778&amp;ssl=1 778w, https:\/\/i0.wp.com\/blogs.lyceecfadumene.fr\/tyanheol\/files\/2016\/10\/fete.jpeg?resize=300%2C215&amp;ssl=1 300w, https:\/\/i0.wp.com\/blogs.lyceecfadumene.fr\/tyanheol\/files\/2016\/10\/fete.jpeg?resize=768%2C551&amp;ssl=1 768w, https:\/\/i0.wp.com\/blogs.lyceecfadumene.fr\/tyanheol\/files\/2016\/10\/fete.jpeg?resize=418%2C300&amp;ssl=1 418w\" sizes=\"auto, (max-width: 604px) 100vw, 604px\" \/><\/a><\/p>\n<p><strong>Tous les \u00e9l\u00e8ves et des apprentis<\/strong> du lyc\u00e9e (au total 320) ont \u00e9t\u00e9 r\u00e9partis sur les nombreux sites de la commune de Merdrignac pour partager des disciplines sportives choisies et vari\u00e9es (15 au total).<\/p>\n<p>Cet \u00e9v\u00e9nement ambitieux, valorisant la pratique physique, contribue \u00e0 la formation g\u00e9n\u00e9rale des \u00e9l\u00e8ves. Son but est autant de favoriser les attitudes citoyennes \u00ab du vivre ensemble \u00bb, par exemple par la responsabilisation d&rsquo;une classe \u00e9tudiante dans des r\u00f4les d&rsquo;organisateur et d&rsquo;entraide.<\/p>\n<p>Enfin, en partenariat avec les \u00e9lus de la communaut\u00e9 de commune, de la ville de Merdrignac, et de l&rsquo;ASEC, cette f\u00eate concr\u00e9tise une volont\u00e9 d&rsquo;ouverture et d&rsquo;animation du territoire dans le pays du Men\u00e9.<\/p>\n","protected":false},"excerpt":{"rendered":"<p>Ce mercredi 14 septembre, les enseignants EPS du lyc\u00e9e du Men\u00e9 organisaient une grande f\u00eate du sport en relation avec la journ\u00e9e nationale du sport scolaire. Tous les \u00e9l\u00e8ves et des apprentis du lyc\u00e9e (au total 320) ont \u00e9t\u00e9 r\u00e9partis sur les nombreux sites de la commune de Merdrignac pour partager des disciplines sportives choisies &hellip; <a href=\"https:\/\/blogs.lyceecfadumene.fr\/tyanheol\/2016\/09\/15\/bilan-de-la-fete-des-sports\/\" class=\"more-link\">Continuer la lecture de <span class=\"screen-reader-text\">Bilan de la f\u00eate des sports<\/span> <span class=\"meta-nav\">&rarr;<\/span><\/a><\/p>\n","protected":false},"author":43,"featured_media":0,"comment_status":"open","ping_status":"open","sticky":false,"template":"","format":"standard","meta":{"_jetpack_memberships_contains_paid_content":false,"footnotes":"","jetpack_publicize_message":"","jetpack_publicize_feature_enabled":true,"jetpack_social_post_already_shared":true,"jetpack_social_options":{"image_generator_settings":{"template":"highway","default_image_id":0,"font":"","enabled":false},"version":2}},"categories":[15105],"tags":[15111,25480,3649],"class_list":["post-1823","post","type-post","status-publish","format-standard","hentry","category-association-sportive","tag-association-sportive-2","tag-eps","tag-fete"],"aioseo_notices":[],"jetpack_publicize_connections":[],"jetpack_featured_media_url":"","jetpack_shortlink":"https:\/\/wp.me\/p1SrOO-tp","jetpack_sharing_enabled":true,"_links":{"self":[{"href":"https:\/\/blogs.lyceecfadumene.fr\/tyanheol\/wp-json\/wp\/v2\/posts\/1823","targetHints":{"allow":["GET"]}}],"collection":[{"href":"https:\/\/blogs.lyceecfadumene.fr\/tyanheol\/wp-json\/wp\/v2\/posts"}],"about":[{"href":"https:\/\/blogs.lyceecfadumene.fr\/tyanheol\/wp-json\/wp\/v2\/types\/post"}],"author":[{"embeddable":true,"href":"https:\/\/blogs.lyceecfadumene.fr\/tyanheol\/wp-json\/wp\/v2\/users\/43"}],"replies":[{"embeddable":true,"href":"https:\/\/blogs.lyceecfadumene.fr\/tyanheol\/wp-json\/wp\/v2\/comments?post=1823"}],"version-history":[{"count":0,"href":"https:\/\/blogs.lyceecfadumene.fr\/tyanheol\/wp-json\/wp\/v2\/posts\/1823\/revisions"}],"wp:attachment":[{"href":"https:\/\/blogs.lyceecfadumene.fr\/tyanheol\/wp-json\/wp\/v2\/media?parent=1823"}],"wp:term":[{"taxonomy":"category","embeddable":true,"href":"https:\/\/blogs.lyceecfadumene.fr\/tyanheol\/wp-json\/wp\/v2\/categories?post=1823"},{"taxonomy":"post_tag","embeddable":true,"href":"https:\/\/blogs.lyceecfadumene.fr\/tyanheol\/wp-json\/wp\/v2\/tags?post=1823"}],"curies":[{"name":"wp","href":"https:\/\/api.w.org\/{rel}","templated":true}]}}