{"id":1811,"date":"2016-06-27T18:00:04","date_gmt":"2016-06-27T16:00:04","guid":{"rendered":"http:\/\/blogs.lyceecfadumene.fr\/tyanheol\/?p=1811"},"modified":"2016-06-28T01:21:26","modified_gmt":"2016-06-27T23:21:26","slug":"fin-dannee-en-beaute","status":"publish","type":"post","link":"https:\/\/blogs.lyceecfadumene.fr\/tyanheol\/2016\/06\/27\/fin-dannee-en-beaute\/","title":{"rendered":"Fin d&rsquo;ann\u00e9e en beaut\u00e9 !"},"content":{"rendered":"<p><img data-recalc-dims=\"1\" loading=\"lazy\" decoding=\"async\" data-attachment-id=\"1812\" data-permalink=\"https:\/\/blogs.lyceecfadumene.fr\/tyanheol\/2016\/06\/27\/fin-dannee-en-beaute\/defile-floral-titre\/\" data-orig-file=\"https:\/\/i0.wp.com\/blogs.lyceecfadumene.fr\/tyanheol\/files\/2016\/06\/D%C3%A9fil%C3%A9-floral-Titre.jpg?fit=1361%2C768&amp;ssl=1\" data-orig-size=\"1361,768\" data-comments-opened=\"1\" data-image-meta=\"{&quot;aperture&quot;:&quot;0&quot;,&quot;credit&quot;:&quot;&quot;,&quot;camera&quot;:&quot;&quot;,&quot;caption&quot;:&quot;&quot;,&quot;created_timestamp&quot;:&quot;0&quot;,&quot;copyright&quot;:&quot;&quot;,&quot;focal_length&quot;:&quot;0&quot;,&quot;iso&quot;:&quot;0&quot;,&quot;shutter_speed&quot;:&quot;0&quot;,&quot;title&quot;:&quot;&quot;,&quot;orientation&quot;:&quot;0&quot;}\" data-image-title=\"D\u00e9fil\u00e9 floral Titre\" data-image-description=\"\" data-image-caption=\"\" data-large-file=\"https:\/\/i0.wp.com\/blogs.lyceecfadumene.fr\/tyanheol\/files\/2016\/06\/D%C3%A9fil%C3%A9-floral-Titre.jpg?fit=604%2C341&amp;ssl=1\" class=\"size-medium wp-image-1812 aligncenter\" src=\"https:\/\/i0.wp.com\/blogs.lyceecfadumene.fr\/tyanheol\/files\/2016\/06\/D%C3%A9fil%C3%A9-floral-Titre-300x169.jpg?resize=300%2C169&#038;ssl=1\" alt=\"D\u00e9fil\u00e9 floral Titre\" width=\"300\" height=\"169\" srcset=\"https:\/\/i0.wp.com\/blogs.lyceecfadumene.fr\/tyanheol\/files\/2016\/06\/D%C3%A9fil%C3%A9-floral-Titre.jpg?resize=300%2C169&amp;ssl=1 300w, https:\/\/i0.wp.com\/blogs.lyceecfadumene.fr\/tyanheol\/files\/2016\/06\/D%C3%A9fil%C3%A9-floral-Titre.jpg?resize=768%2C433&amp;ssl=1 768w, https:\/\/i0.wp.com\/blogs.lyceecfadumene.fr\/tyanheol\/files\/2016\/06\/D%C3%A9fil%C3%A9-floral-Titre.jpg?resize=1024%2C578&amp;ssl=1 1024w, https:\/\/i0.wp.com\/blogs.lyceecfadumene.fr\/tyanheol\/files\/2016\/06\/D%C3%A9fil%C3%A9-floral-Titre.jpg?resize=500%2C282&amp;ssl=1 500w, https:\/\/i0.wp.com\/blogs.lyceecfadumene.fr\/tyanheol\/files\/2016\/06\/D%C3%A9fil%C3%A9-floral-Titre.jpg?w=1361&amp;ssl=1 1361w, https:\/\/i0.wp.com\/blogs.lyceecfadumene.fr\/tyanheol\/files\/2016\/06\/D%C3%A9fil%C3%A9-floral-Titre.jpg?w=1208 1208w\" sizes=\"auto, (max-width: 300px) 100vw, 300px\" \/><\/p>\n<p>C&rsquo;est effectivement en beaut\u00e9 que les CAP Fleuristes nous ont permis de terminer cette ann\u00e9e scolaire, avec leur magnifique spectacle orchestr\u00e9 d&rsquo;une main de ma\u00eetre par H\u00e9l\u00e8ne Bellebon, leur enseignante en art floral, Flora Weber, fleuriste et ancienne \u00e9l\u00e8ve, et leur tuteur Luc P\u00e9ron, enseignant en EPS.<\/p>\n<p>Ce n&rsquo;est pas moins de 45 minutes d&rsquo;\u00e9merveillement que je vous propose \u00e0 travers ce documentaire vid\u00e9o :<\/p>\n<p><span class=\"embed-youtube\" style=\"text-align:center; display: block;\"><iframe loading=\"lazy\" class=\"youtube-player\" width=\"604\" height=\"340\" src=\"https:\/\/www.youtube.com\/embed\/ht7y8hT-jxc?version=3&#038;rel=1&#038;showsearch=0&#038;showinfo=1&#038;iv_load_policy=1&#038;fs=1&#038;hl=fr-FR&#038;autohide=2&#038;wmode=transparent\" allowfullscreen=\"true\" style=\"border:0;\" sandbox=\"allow-scripts allow-same-origin allow-popups allow-presentation allow-popups-to-escape-sandbox\"><\/iframe><\/span><\/p>\n","protected":false},"excerpt":{"rendered":"<p>C&rsquo;est effectivement en beaut\u00e9 que les CAP Fleuristes nous ont permis de terminer cette ann\u00e9e scolaire, avec leur magnifique spectacle orchestr\u00e9 d&rsquo;une main de ma\u00eetre par H\u00e9l\u00e8ne Bellebon, leur enseignante en art floral, Flora Weber, fleuriste et ancienne \u00e9l\u00e8ve, et leur tuteur Luc P\u00e9ron, enseignant en EPS. Ce n&rsquo;est pas moins de 45 minutes d&rsquo;\u00e9merveillement &hellip; <a href=\"https:\/\/blogs.lyceecfadumene.fr\/tyanheol\/2016\/06\/27\/fin-dannee-en-beaute\/\" class=\"more-link\">Continuer la lecture de <span class=\"screen-reader-text\">Fin d&rsquo;ann\u00e9e en beaut\u00e9 !<\/span> <span class=\"meta-nav\">&rarr;<\/span><\/a><\/p>\n","protected":false},"author":97,"featured_media":0,"comment_status":"open","ping_status":"open","sticky":false,"template":"","format":"standard","meta":{"_jetpack_memberships_contains_paid_content":false,"footnotes":"","jetpack_publicize_message":"","jetpack_publicize_feature_enabled":true,"jetpack_social_post_already_shared":true,"jetpack_social_options":{"image_generator_settings":{"template":"highway","default_image_id":0,"font":"","enabled":false},"version":2}},"categories":[1],"tags":[],"class_list":["post-1811","post","type-post","status-publish","format-standard","hentry","category-non-classe"],"aioseo_notices":[],"jetpack_publicize_connections":[],"jetpack_featured_media_url":"","jetpack_shortlink":"https:\/\/wp.me\/p1SrOO-td","jetpack_sharing_enabled":true,"_links":{"self":[{"href":"https:\/\/blogs.lyceecfadumene.fr\/tyanheol\/wp-json\/wp\/v2\/posts\/1811","targetHints":{"allow":["GET"]}}],"collection":[{"href":"https:\/\/blogs.lyceecfadumene.fr\/tyanheol\/wp-json\/wp\/v2\/posts"}],"about":[{"href":"https:\/\/blogs.lyceecfadumene.fr\/tyanheol\/wp-json\/wp\/v2\/types\/post"}],"author":[{"embeddable":true,"href":"https:\/\/blogs.lyceecfadumene.fr\/tyanheol\/wp-json\/wp\/v2\/users\/97"}],"replies":[{"embeddable":true,"href":"https:\/\/blogs.lyceecfadumene.fr\/tyanheol\/wp-json\/wp\/v2\/comments?post=1811"}],"version-history":[{"count":0,"href":"https:\/\/blogs.lyceecfadumene.fr\/tyanheol\/wp-json\/wp\/v2\/posts\/1811\/revisions"}],"wp:attachment":[{"href":"https:\/\/blogs.lyceecfadumene.fr\/tyanheol\/wp-json\/wp\/v2\/media?parent=1811"}],"wp:term":[{"taxonomy":"category","embeddable":true,"href":"https:\/\/blogs.lyceecfadumene.fr\/tyanheol\/wp-json\/wp\/v2\/categories?post=1811"},{"taxonomy":"post_tag","embeddable":true,"href":"https:\/\/blogs.lyceecfadumene.fr\/tyanheol\/wp-json\/wp\/v2\/tags?post=1811"}],"curies":[{"name":"wp","href":"https:\/\/api.w.org\/{rel}","templated":true}]}}