{"id":1807,"date":"2016-06-23T18:11:44","date_gmt":"2016-06-23T16:11:44","guid":{"rendered":"http:\/\/blogs.lyceecfadumene.fr\/tyanheol\/?p=1807"},"modified":"2016-06-24T01:35:08","modified_gmt":"2016-06-23T23:35:08","slug":"semaine-sante-et-developpement-durable","status":"publish","type":"post","link":"https:\/\/blogs.lyceecfadumene.fr\/tyanheol\/2016\/06\/23\/semaine-sante-et-developpement-durable\/","title":{"rendered":"Semaine Sant\u00e9 et D\u00e9veloppement Durable"},"content":{"rendered":"<div class=\"views-field-title\">\n<h2>C&rsquo;est quoi le d\u00e9veloppement durable ?<\/h2>\n<\/div>\n<div class=\"views-field-field-contenu-value\">\n<p>Le d\u00e9veloppement durable cherche \u00e0 prendre en compte simultan\u00e9ment<b> l&rsquo;\u00e9quit\u00e9 sociale, l&rsquo;efficacit\u00e9 \u00e9conomique et la qualit\u00e9 environnementale. <\/b>La combinaison de ces trois piliers s&rsquo;appuie sur 4 principes fondamentaux.<\/p>\n<table style=\"width: 584px\" border=\"0\">\n<tbody>\n<tr>\n<td style=\"width: 10px\" valign=\"top\">&nbsp;<\/p>\n<p>&nbsp;<\/td>\n<td style=\"width: 4px\"><\/td>\n<td style=\"width: 550px\" align=\"left\" valign=\"top\">\n<h3><img data-recalc-dims=\"1\" loading=\"lazy\" decoding=\"async\" class=\"aligncenter\" src=\"https:\/\/i0.wp.com\/www.mtaterre.fr\/sites\/default\/files\/images\/developpement_durable\/page_interieure\/schema-dd-1_0.png?resize=287%2C193\" alt=\"sch\u00e9ma du d\u00e9veloppement durable\" width=\"287\" height=\"193\" \/><\/h3>\n<h3><span class=\"point-orange\">Les 3 piliers du d\u00e9veloppement durable<\/span><\/h3>\n<p><b>Efficacit\u00e9 \u00e9conomique<\/b>, il s\u2019agit d\u2019assurer une gestion saine et durable, sans pr\u00e9judice pour l\u2019environnement et le social.<\/p>\n<p><b>Equit\u00e9 sociale<\/b>, il s\u2019agit de satisfaire les besoins essentiels de l\u2019humanit\u00e9 en logement, alimentation, sant\u00e9 et \u00e9ducation, en r\u00e9duisant les in\u00e9galit\u00e9s entre les individus, dans le respect de leurs cultures.<\/p>\n<p><b>Qualit\u00e9 environnementale<\/b>, il s\u2019agit de pr\u00e9server les ressources naturelles \u00e0 long terme, en maintenant\u00a0 les grands \u00e9quilibres \u00e9cologiques et en limitant des impacts environnementaux.<\/td>\n<\/tr>\n<\/tbody>\n<\/table>\n<table style=\"width: 569px;height: 488px\" border=\"0\">\n<tbody>\n<tr>\n<td style=\"width: 10px\" valign=\"top\"><\/td>\n<td style=\"width: 7px\">&nbsp;<\/p>\n<p>&nbsp;<\/td>\n<td style=\"width: 522px\">\n<h3><span class=\"point-orange\">Les quatre pri<\/span>ncipes fondamentaux<\/h3>\n<p>La <b>solidarit\u00e9<\/b> entre les pays, entre les peuples, entre les g\u00e9n\u00e9rations, et entre les membres d\u2019une soci\u00e9t\u00e9 : partager les ressources de la Terre avec nos voisins en laissant \u00e0 nos enfants.<br \/>\nPar exemple : \u00e9conomiser les mati\u00e8res premi\u00e8res pour que le plus grand nombre en profite.<\/p>\n<p>La <b>pr\u00e9caution<\/b> dans les d\u00e9cisions afin de ne pas causer de catastrophes quand on sait qu\u2019il existe des risques pour la sant\u00e9 ou l\u2019environnement.<br \/>\nPar exemple : limiter les \u00e9missions de CO2 pour freiner le changement climatique.<\/p>\n<p>La <b>participation<\/b> de chacun, quelque soit sa profession ou son statut social, afin d\u2019assurer la r\u00e9ussite de projets durables.<br \/>\nPar exemple : mettre en place des conseils d\u2019enfants et de jeunes.<\/p>\n<p>La <b>responsabilit\u00e9<\/b> de chacun, citoyen, industriel ou agriculteur. Pour que celui qui ab\u00eeme, d\u00e9grade et pollue, r\u00e9pare.<br \/>\nPar exemple : faire payer une taxe aux industries qui polluent beaucoup.<\/td>\n<\/tr>\n<\/tbody>\n<\/table>\n<\/div>\n<p><span class=\"embed-youtube\" style=\"text-align:center; display: block;\"><iframe loading=\"lazy\" class=\"youtube-player\" width=\"604\" height=\"340\" src=\"https:\/\/www.youtube.com\/embed\/dY21URKk7dE?version=3&#038;rel=1&#038;showsearch=0&#038;showinfo=1&#038;iv_load_policy=1&#038;fs=1&#038;hl=fr-FR&#038;autohide=2&#038;wmode=transparent\" allowfullscreen=\"true\" style=\"border:0;\" sandbox=\"allow-scripts allow-same-origin allow-popups allow-presentation allow-popups-to-escape-sandbox\"><\/iframe><\/span><\/p>\n","protected":false},"excerpt":{"rendered":"<p>C&rsquo;est quoi le d\u00e9veloppement durable ? Le d\u00e9veloppement durable cherche \u00e0 prendre en compte simultan\u00e9ment l&rsquo;\u00e9quit\u00e9 sociale, l&rsquo;efficacit\u00e9 \u00e9conomique et la qualit\u00e9 environnementale. La combinaison de ces trois piliers s&rsquo;appuie sur 4 principes fondamentaux. &nbsp; &nbsp; Les 3 piliers du d\u00e9veloppement durable Efficacit\u00e9 \u00e9conomique, il s\u2019agit d\u2019assurer une gestion saine et durable, sans pr\u00e9judice pour &hellip; <a href=\"https:\/\/blogs.lyceecfadumene.fr\/tyanheol\/2016\/06\/23\/semaine-sante-et-developpement-durable\/\" class=\"more-link\">Continuer la lecture de <span class=\"screen-reader-text\">Semaine Sant\u00e9 et D\u00e9veloppement Durable<\/span> <span class=\"meta-nav\">&rarr;<\/span><\/a><\/p>\n","protected":false},"author":97,"featured_media":0,"comment_status":"open","ping_status":"open","sticky":false,"template":"","format":"standard","meta":{"_jetpack_memberships_contains_paid_content":false,"footnotes":"","jetpack_publicize_message":"","jetpack_publicize_feature_enabled":true,"jetpack_social_post_already_shared":true,"jetpack_social_options":{"image_generator_settings":{"template":"highway","default_image_id":0,"font":"","enabled":false},"version":2}},"categories":[1],"tags":[],"class_list":["post-1807","post","type-post","status-publish","format-standard","hentry","category-non-classe"],"aioseo_notices":[],"jetpack_publicize_connections":[],"jetpack_featured_media_url":"","jetpack_shortlink":"https:\/\/wp.me\/p1SrOO-t9","jetpack_sharing_enabled":true,"_links":{"self":[{"href":"https:\/\/blogs.lyceecfadumene.fr\/tyanheol\/wp-json\/wp\/v2\/posts\/1807","targetHints":{"allow":["GET"]}}],"collection":[{"href":"https:\/\/blogs.lyceecfadumene.fr\/tyanheol\/wp-json\/wp\/v2\/posts"}],"about":[{"href":"https:\/\/blogs.lyceecfadumene.fr\/tyanheol\/wp-json\/wp\/v2\/types\/post"}],"author":[{"embeddable":true,"href":"https:\/\/blogs.lyceecfadumene.fr\/tyanheol\/wp-json\/wp\/v2\/users\/97"}],"replies":[{"embeddable":true,"href":"https:\/\/blogs.lyceecfadumene.fr\/tyanheol\/wp-json\/wp\/v2\/comments?post=1807"}],"version-history":[{"count":0,"href":"https:\/\/blogs.lyceecfadumene.fr\/tyanheol\/wp-json\/wp\/v2\/posts\/1807\/revisions"}],"wp:attachment":[{"href":"https:\/\/blogs.lyceecfadumene.fr\/tyanheol\/wp-json\/wp\/v2\/media?parent=1807"}],"wp:term":[{"taxonomy":"category","embeddable":true,"href":"https:\/\/blogs.lyceecfadumene.fr\/tyanheol\/wp-json\/wp\/v2\/categories?post=1807"},{"taxonomy":"post_tag","embeddable":true,"href":"https:\/\/blogs.lyceecfadumene.fr\/tyanheol\/wp-json\/wp\/v2\/tags?post=1807"}],"curies":[{"name":"wp","href":"https:\/\/api.w.org\/{rel}","templated":true}]}}