{"id":1795,"date":"2016-06-18T18:17:38","date_gmt":"2016-06-18T16:17:38","guid":{"rendered":"http:\/\/blogs.lyceecfadumene.fr\/tyanheol\/?p=1795"},"modified":"2022-04-03T17:56:53","modified_gmt":"2022-04-03T15:56:53","slug":"residence-dartiste","status":"publish","type":"post","link":"https:\/\/blogs.lyceecfadumene.fr\/tyanheol\/2016\/06\/18\/residence-dartiste\/","title":{"rendered":"R\u00e9sidence d&rsquo;artiste"},"content":{"rendered":"<p><img data-recalc-dims=\"1\" loading=\"lazy\" decoding=\"async\" data-attachment-id=\"1800\" data-permalink=\"https:\/\/blogs.lyceecfadumene.fr\/tyanheol\/2016\/06\/18\/residence-dartiste\/20160616_111511-copie\/\" data-orig-file=\"https:\/\/i0.wp.com\/blogs.lyceecfadumene.fr\/tyanheol\/files\/2016\/06\/20160616_111511-Copie.jpg?fit=2327%2C1112&amp;ssl=1\" data-orig-size=\"2327,1112\" data-comments-opened=\"1\" data-image-meta=\"{&quot;aperture&quot;:&quot;2.6&quot;,&quot;credit&quot;:&quot;&quot;,&quot;camera&quot;:&quot;SM-G360F&quot;,&quot;caption&quot;:&quot;?&quot;,&quot;created_timestamp&quot;:&quot;1466075711&quot;,&quot;copyright&quot;:&quot;&quot;,&quot;focal_length&quot;:&quot;3.31&quot;,&quot;iso&quot;:&quot;100&quot;,&quot;shutter_speed&quot;:&quot;0.030303030303&quot;,&quot;title&quot;:&quot;&quot;,&quot;orientation&quot;:&quot;1&quot;}\" data-image-title=\"20160616_111511 &amp;#8211; Copie\" data-image-description=\"\" data-image-caption=\"&lt;p&gt;?&lt;\/p&gt;\n\" data-large-file=\"https:\/\/i0.wp.com\/blogs.lyceecfadumene.fr\/tyanheol\/files\/2016\/06\/20160616_111511-Copie.jpg?fit=604%2C288&amp;ssl=1\" class=\"size-medium wp-image-1800 aligncenter\" src=\"https:\/\/i0.wp.com\/blogs.lyceecfadumene.fr\/tyanheol\/files\/2016\/06\/20160616_111511-Copie-300x143.jpg?resize=300%2C143&#038;ssl=1\" alt=\"?\" width=\"300\" height=\"143\" srcset=\"https:\/\/i0.wp.com\/blogs.lyceecfadumene.fr\/tyanheol\/files\/2016\/06\/20160616_111511-Copie.jpg?resize=300%2C143&amp;ssl=1 300w, https:\/\/i0.wp.com\/blogs.lyceecfadumene.fr\/tyanheol\/files\/2016\/06\/20160616_111511-Copie.jpg?resize=768%2C367&amp;ssl=1 768w, https:\/\/i0.wp.com\/blogs.lyceecfadumene.fr\/tyanheol\/files\/2016\/06\/20160616_111511-Copie.jpg?resize=1024%2C489&amp;ssl=1 1024w, https:\/\/i0.wp.com\/blogs.lyceecfadumene.fr\/tyanheol\/files\/2016\/06\/20160616_111511-Copie.jpg?resize=500%2C239&amp;ssl=1 500w, https:\/\/i0.wp.com\/blogs.lyceecfadumene.fr\/tyanheol\/files\/2016\/06\/20160616_111511-Copie.jpg?w=1208 1208w, https:\/\/i0.wp.com\/blogs.lyceecfadumene.fr\/tyanheol\/files\/2016\/06\/20160616_111511-Copie.jpg?w=1812 1812w\" sizes=\"auto, (max-width: 300px) 100vw, 300px\" \/><\/p>\n<p>2016 a vu accueillir Lise Gaudaire, artiste photographe documentaire, avec l&rsquo;appui de l&rsquo;association Gwin Zegal qui nous a fait visiter sa magnifique exposition de photographies \u00ab\u00a0Champs \/ Contrechamps\u00a0\u00bb, pour un tr\u00e8s beau travail avec les \u00e9l\u00e8ves de Seconde NJPF, sur le paysage et ses acteurs, dans le cadre d&rsquo;un module d&rsquo;enseignement intitul\u00e9 \u00ab\u00a0<strong>Ancrage du Lyc\u00e9e dans son territoire et Ouverture culturelle<\/strong>\u00ab\u00a0, principalement ax\u00e9 autour de l&rsquo;art et ses rapports au territoire.<\/p>\n<p><span class=\"embed-youtube\" style=\"text-align:center; display: block;\"><iframe loading=\"lazy\" class=\"youtube-player\" width=\"604\" height=\"340\" src=\"https:\/\/www.youtube.com\/embed\/fG0TpWdFrxQ?version=3&#038;rel=1&#038;showsearch=0&#038;showinfo=1&#038;iv_load_policy=1&#038;fs=1&#038;hl=fr-FR&#038;autohide=2&#038;wmode=transparent\" allowfullscreen=\"true\" style=\"border:0;\" sandbox=\"allow-scripts allow-same-origin allow-popups allow-presentation allow-popups-to-escape-sandbox\"><\/iframe><\/span><\/p>\n<p>www.lisegaudaire.com<br \/>\nwww.gwinzegal.com<\/p>\n","protected":false},"excerpt":{"rendered":"<p>2016 a vu accueillir Lise Gaudaire, artiste photographe documentaire, avec l&rsquo;appui de l&rsquo;association Gwin Zegal qui nous a fait visiter sa magnifique exposition de photographies \u00ab\u00a0Champs \/ Contrechamps\u00a0\u00bb, pour un tr\u00e8s beau travail avec les \u00e9l\u00e8ves de Seconde NJPF, sur le paysage et ses acteurs, dans le cadre d&rsquo;un module d&rsquo;enseignement intitul\u00e9 \u00ab\u00a0Ancrage du Lyc\u00e9e &hellip; <a href=\"https:\/\/blogs.lyceecfadumene.fr\/tyanheol\/2016\/06\/18\/residence-dartiste\/\" class=\"more-link\">Continuer la lecture de <span class=\"screen-reader-text\">R\u00e9sidence d&rsquo;artiste<\/span> <span class=\"meta-nav\">&rarr;<\/span><\/a><\/p>\n","protected":false},"author":97,"featured_media":0,"comment_status":"open","ping_status":"open","sticky":false,"template":"","format":"standard","meta":{"_jetpack_memberships_contains_paid_content":false,"footnotes":"","jetpack_publicize_message":"","jetpack_publicize_feature_enabled":true,"jetpack_social_post_already_shared":true,"jetpack_social_options":{"image_generator_settings":{"template":"highway","default_image_id":0,"font":"","enabled":false},"version":2}},"categories":[29433,25439,1,29432,314],"tags":[9190,25442,25464,4,6],"class_list":["post-1795","post","type-post","status-publish","format-standard","hentry","category-amenagement-paysager2","category-education-socioculturelle","category-non-classe","category-video2","category-videos","tag-activites","tag-bac-pro-amenagement-paysager","tag-education-socioculturelle","tag-lycee","tag-merdrignac"],"aioseo_notices":[],"jetpack_publicize_connections":[],"jetpack_featured_media_url":"","jetpack_shortlink":"https:\/\/wp.me\/p1SrOO-sX","jetpack_sharing_enabled":true,"_links":{"self":[{"href":"https:\/\/blogs.lyceecfadumene.fr\/tyanheol\/wp-json\/wp\/v2\/posts\/1795","targetHints":{"allow":["GET"]}}],"collection":[{"href":"https:\/\/blogs.lyceecfadumene.fr\/tyanheol\/wp-json\/wp\/v2\/posts"}],"about":[{"href":"https:\/\/blogs.lyceecfadumene.fr\/tyanheol\/wp-json\/wp\/v2\/types\/post"}],"author":[{"embeddable":true,"href":"https:\/\/blogs.lyceecfadumene.fr\/tyanheol\/wp-json\/wp\/v2\/users\/97"}],"replies":[{"embeddable":true,"href":"https:\/\/blogs.lyceecfadumene.fr\/tyanheol\/wp-json\/wp\/v2\/comments?post=1795"}],"version-history":[{"count":1,"href":"https:\/\/blogs.lyceecfadumene.fr\/tyanheol\/wp-json\/wp\/v2\/posts\/1795\/revisions"}],"predecessor-version":[{"id":3206,"href":"https:\/\/blogs.lyceecfadumene.fr\/tyanheol\/wp-json\/wp\/v2\/posts\/1795\/revisions\/3206"}],"wp:attachment":[{"href":"https:\/\/blogs.lyceecfadumene.fr\/tyanheol\/wp-json\/wp\/v2\/media?parent=1795"}],"wp:term":[{"taxonomy":"category","embeddable":true,"href":"https:\/\/blogs.lyceecfadumene.fr\/tyanheol\/wp-json\/wp\/v2\/categories?post=1795"},{"taxonomy":"post_tag","embeddable":true,"href":"https:\/\/blogs.lyceecfadumene.fr\/tyanheol\/wp-json\/wp\/v2\/tags?post=1795"}],"curies":[{"name":"wp","href":"https:\/\/api.w.org\/{rel}","templated":true}]}}