{"id":1786,"date":"2016-06-13T17:57:40","date_gmt":"2016-06-13T15:57:40","guid":{"rendered":"http:\/\/blogs.lyceecfadumene.fr\/tyanheol\/?p=1786"},"modified":"2022-04-03T17:56:53","modified_gmt":"2022-04-03T15:56:53","slug":"prenez-votre-pied-venez-en-seconde-njpf","status":"publish","type":"post","link":"https:\/\/blogs.lyceecfadumene.fr\/tyanheol\/2016\/06\/13\/prenez-votre-pied-venez-en-seconde-njpf\/","title":{"rendered":"Prenez votre pied, venez en Seconde NJPF !"},"content":{"rendered":"<p><img data-recalc-dims=\"1\" loading=\"lazy\" decoding=\"async\" data-attachment-id=\"1787\" data-permalink=\"https:\/\/blogs.lyceecfadumene.fr\/tyanheol\/2016\/06\/13\/prenez-votre-pied-venez-en-seconde-njpf\/les-jardins\/\" data-orig-file=\"https:\/\/i0.wp.com\/blogs.lyceecfadumene.fr\/tyanheol\/files\/2016\/06\/Les-Jardins.jpg?fit=640%2C452&amp;ssl=1\" data-orig-size=\"640,452\" data-comments-opened=\"1\" data-image-meta=\"{&quot;aperture&quot;:&quot;0&quot;,&quot;credit&quot;:&quot;&quot;,&quot;camera&quot;:&quot;&quot;,&quot;caption&quot;:&quot;&quot;,&quot;created_timestamp&quot;:&quot;0&quot;,&quot;copyright&quot;:&quot;&quot;,&quot;focal_length&quot;:&quot;0&quot;,&quot;iso&quot;:&quot;0&quot;,&quot;shutter_speed&quot;:&quot;0&quot;,&quot;title&quot;:&quot;&quot;,&quot;orientation&quot;:&quot;1&quot;}\" data-image-title=\"Les Jardins\" data-image-description=\"\" data-image-caption=\"\" data-large-file=\"https:\/\/i0.wp.com\/blogs.lyceecfadumene.fr\/tyanheol\/files\/2016\/06\/Les-Jardins.jpg?fit=604%2C427&amp;ssl=1\" class=\"alignnone size-medium wp-image-1787 aligncenter\" src=\"https:\/\/i0.wp.com\/blogs.lyceecfadumene.fr\/tyanheol\/files\/2016\/06\/Les-Jardins-300x212.jpg?resize=300%2C212&#038;ssl=1\" alt=\"Les Jardins\" width=\"300\" height=\"212\" srcset=\"https:\/\/i0.wp.com\/blogs.lyceecfadumene.fr\/tyanheol\/files\/2016\/06\/Les-Jardins.jpg?resize=300%2C212&amp;ssl=1 300w, https:\/\/i0.wp.com\/blogs.lyceecfadumene.fr\/tyanheol\/files\/2016\/06\/Les-Jardins.jpg?resize=425%2C300&amp;ssl=1 425w, https:\/\/i0.wp.com\/blogs.lyceecfadumene.fr\/tyanheol\/files\/2016\/06\/Les-Jardins.jpg?w=640&amp;ssl=1 640w\" sizes=\"auto, (max-width: 300px) 100vw, 300px\" \/><\/p>\n<p><strong>T<\/strong>ravailler sur le paysage, c&rsquo;est aussi d\u00e9velopper son imagination par une approche sensible. La preuve en images :<\/p>\n<p>(Attention ! Certaines sc\u00e8nes sont r\u00e9serv\u00e9es \u00e0 un public averti et peuvent heurter les \u00e2mes sensibles !)<\/p>\n<p><span class=\"embed-youtube\" style=\"text-align:center; display: block;\"><iframe loading=\"lazy\" class=\"youtube-player\" width=\"604\" height=\"340\" src=\"https:\/\/www.youtube.com\/embed\/cIOZUXDxDZE?version=3&#038;rel=1&#038;showsearch=0&#038;showinfo=1&#038;iv_load_policy=1&#038;fs=1&#038;hl=fr-FR&#038;autohide=2&#038;wmode=transparent\" allowfullscreen=\"true\" style=\"border:0;\" sandbox=\"allow-scripts allow-same-origin allow-popups allow-presentation allow-popups-to-escape-sandbox\"><\/iframe><\/span><\/p>\n","protected":false},"excerpt":{"rendered":"<p>Travailler sur le paysage, c&rsquo;est aussi d\u00e9velopper son imagination par une approche sensible. La preuve en images : (Attention ! Certaines sc\u00e8nes sont r\u00e9serv\u00e9es \u00e0 un public averti et peuvent heurter les \u00e2mes sensibles !)<\/p>\n","protected":false},"author":97,"featured_media":0,"comment_status":"open","ping_status":"open","sticky":false,"template":"","format":"standard","meta":{"_jetpack_memberships_contains_paid_content":false,"footnotes":"","jetpack_publicize_message":"","jetpack_publicize_feature_enabled":true,"jetpack_social_post_already_shared":true,"jetpack_social_options":{"image_generator_settings":{"template":"highway","default_image_id":0,"font":"","enabled":false},"version":2}},"categories":[29433,25439,1,9177,29432,314],"tags":[9190,25442,25464,4,6,3645,25463],"class_list":["post-1786","post","type-post","status-publish","format-standard","hentry","category-amenagement-paysager2","category-education-socioculturelle","category-non-classe","category-sorties","category-video2","category-videos","tag-activites","tag-bac-pro-amenagement-paysager","tag-education-socioculturelle","tag-lycee","tag-merdrignac","tag-sortie","tag-sorties"],"aioseo_notices":[],"jetpack_publicize_connections":[],"jetpack_featured_media_url":"","jetpack_shortlink":"https:\/\/wp.me\/p1SrOO-sO","jetpack_sharing_enabled":true,"_links":{"self":[{"href":"https:\/\/blogs.lyceecfadumene.fr\/tyanheol\/wp-json\/wp\/v2\/posts\/1786","targetHints":{"allow":["GET"]}}],"collection":[{"href":"https:\/\/blogs.lyceecfadumene.fr\/tyanheol\/wp-json\/wp\/v2\/posts"}],"about":[{"href":"https:\/\/blogs.lyceecfadumene.fr\/tyanheol\/wp-json\/wp\/v2\/types\/post"}],"author":[{"embeddable":true,"href":"https:\/\/blogs.lyceecfadumene.fr\/tyanheol\/wp-json\/wp\/v2\/users\/97"}],"replies":[{"embeddable":true,"href":"https:\/\/blogs.lyceecfadumene.fr\/tyanheol\/wp-json\/wp\/v2\/comments?post=1786"}],"version-history":[{"count":1,"href":"https:\/\/blogs.lyceecfadumene.fr\/tyanheol\/wp-json\/wp\/v2\/posts\/1786\/revisions"}],"predecessor-version":[{"id":3207,"href":"https:\/\/blogs.lyceecfadumene.fr\/tyanheol\/wp-json\/wp\/v2\/posts\/1786\/revisions\/3207"}],"wp:attachment":[{"href":"https:\/\/blogs.lyceecfadumene.fr\/tyanheol\/wp-json\/wp\/v2\/media?parent=1786"}],"wp:term":[{"taxonomy":"category","embeddable":true,"href":"https:\/\/blogs.lyceecfadumene.fr\/tyanheol\/wp-json\/wp\/v2\/categories?post=1786"},{"taxonomy":"post_tag","embeddable":true,"href":"https:\/\/blogs.lyceecfadumene.fr\/tyanheol\/wp-json\/wp\/v2\/tags?post=1786"}],"curies":[{"name":"wp","href":"https:\/\/api.w.org\/{rel}","templated":true}]}}