{"id":1754,"date":"2016-05-17T14:49:01","date_gmt":"2016-05-17T12:49:01","guid":{"rendered":"http:\/\/blogs.lyceecfadumene.fr\/tyanheol\/?p=1754"},"modified":"2022-04-03T17:55:07","modified_gmt":"2022-04-03T15:55:07","slug":"rencontres-des-associations-detudiants-2016","status":"publish","type":"post","link":"https:\/\/blogs.lyceecfadumene.fr\/tyanheol\/2016\/05\/17\/rencontres-des-associations-detudiants-2016\/","title":{"rendered":"Rencontres des associations d&rsquo;\u00e9tudiants 2016"},"content":{"rendered":"<p><a href=\"https:\/\/blogs.lyceecfadumene.fr\/tyanheol\/2016\/05\/17\/rencontres-des-associations-detudiants-2016\/publication-web\/\" rel=\"attachment wp-att-1759\"><img data-recalc-dims=\"1\" loading=\"lazy\" decoding=\"async\" data-attachment-id=\"1759\" data-permalink=\"https:\/\/blogs.lyceecfadumene.fr\/tyanheol\/2016\/05\/17\/rencontres-des-associations-detudiants-2016\/publication-web\/\" data-orig-file=\"https:\/\/i0.wp.com\/blogs.lyceecfadumene.fr\/tyanheol\/files\/2016\/05\/publication-web.png?fit=1600%2C829&amp;ssl=1\" data-orig-size=\"1600,829\" data-comments-opened=\"1\" data-image-meta=\"{&quot;aperture&quot;:&quot;0&quot;,&quot;credit&quot;:&quot;&quot;,&quot;camera&quot;:&quot;&quot;,&quot;caption&quot;:&quot;&quot;,&quot;created_timestamp&quot;:&quot;0&quot;,&quot;copyright&quot;:&quot;&quot;,&quot;focal_length&quot;:&quot;0&quot;,&quot;iso&quot;:&quot;0&quot;,&quot;shutter_speed&quot;:&quot;0&quot;,&quot;title&quot;:&quot;&quot;,&quot;orientation&quot;:&quot;0&quot;}\" data-image-title=\"publication web\" data-image-description=\"\" data-image-caption=\"\" data-large-file=\"https:\/\/i0.wp.com\/blogs.lyceecfadumene.fr\/tyanheol\/files\/2016\/05\/publication-web.png?fit=604%2C313&amp;ssl=1\" class=\"aligncenter wp-image-1759 size-full\" style=\"border: 1px solid #000000\" src=\"https:\/\/i0.wp.com\/blogs.lyceecfadumene.fr\/tyanheol\/files\/2016\/05\/publication-web.png?resize=604%2C313&#038;ssl=1\" alt=\"publication web\" width=\"604\" height=\"313\" srcset=\"https:\/\/i0.wp.com\/blogs.lyceecfadumene.fr\/tyanheol\/files\/2016\/05\/publication-web.png?w=1600&amp;ssl=1 1600w, https:\/\/i0.wp.com\/blogs.lyceecfadumene.fr\/tyanheol\/files\/2016\/05\/publication-web.png?resize=300%2C155&amp;ssl=1 300w, https:\/\/i0.wp.com\/blogs.lyceecfadumene.fr\/tyanheol\/files\/2016\/05\/publication-web.png?resize=768%2C398&amp;ssl=1 768w, https:\/\/i0.wp.com\/blogs.lyceecfadumene.fr\/tyanheol\/files\/2016\/05\/publication-web.png?resize=1024%2C531&amp;ssl=1 1024w, https:\/\/i0.wp.com\/blogs.lyceecfadumene.fr\/tyanheol\/files\/2016\/05\/publication-web.png?resize=500%2C259&amp;ssl=1 500w, https:\/\/i0.wp.com\/blogs.lyceecfadumene.fr\/tyanheol\/files\/2016\/05\/publication-web.png?w=1208 1208w\" sizes=\"auto, (max-width: 604px) 100vw, 604px\" \/><\/a>Rencontre r\u00e9gionale de toutes les <strong>associations de lyc\u00e9ens, \u00e9tudiants, stagiaires et apprentis de Bretagne<\/strong> &#8211; 2016 &#8211; Un moment de citoyennet\u00e9, d&rsquo;\u00e9change et de r\u00e9flexion orchestr\u00e9 par les r\u00e9seaux r\u00e9gionaux des CPE et des professeurs d\u2019\u00e9ducation socioculturelle des <strong>Lyc\u00e9es Agricoles Publics<\/strong>.<\/p>\n<p><span class=\"embed-youtube\" style=\"text-align:center; display: block;\"><iframe loading=\"lazy\" class=\"youtube-player\" width=\"604\" height=\"340\" src=\"https:\/\/www.youtube.com\/embed\/BNtkYcGw_4U?version=3&#038;rel=1&#038;showsearch=0&#038;showinfo=1&#038;iv_load_policy=1&#038;fs=1&#038;hl=fr-FR&#038;autohide=2&#038;wmode=transparent\" allowfullscreen=\"true\" style=\"border:0;\" sandbox=\"allow-scripts allow-same-origin allow-popups allow-presentation allow-popups-to-escape-sandbox\"><\/iframe><\/span><\/p>\n","protected":false},"excerpt":{"rendered":"<p>Rencontre r\u00e9gionale de toutes les associations de lyc\u00e9ens, \u00e9tudiants, stagiaires et apprentis de Bretagne &#8211; 2016 &#8211; Un moment de citoyennet\u00e9, d&rsquo;\u00e9change et de r\u00e9flexion orchestr\u00e9 par les r\u00e9seaux r\u00e9gionaux des CPE et des professeurs d\u2019\u00e9ducation socioculturelle des Lyc\u00e9es Agricoles Publics.<\/p>\n","protected":false},"author":43,"featured_media":0,"comment_status":"open","ping_status":"open","sticky":false,"template":"","format":"standard","meta":{"_jetpack_memberships_contains_paid_content":false,"footnotes":"","jetpack_publicize_message":"","jetpack_publicize_feature_enabled":true,"jetpack_social_post_already_shared":true,"jetpack_social_options":{"image_generator_settings":{"template":"highway","default_image_id":0,"font":"","enabled":false},"version":2}},"categories":[25439,1,9177,29432],"tags":[9190,25464,8236,4,6,3645,3643],"class_list":["post-1754","post","type-post","status-publish","format-standard","hentry","category-education-socioculturelle","category-non-classe","category-sorties","category-video2","tag-activites","tag-education-socioculturelle","tag-foyer","tag-lycee","tag-merdrignac","tag-sortie","tag-ty-an-heol"],"aioseo_notices":[],"jetpack_publicize_connections":[],"jetpack_featured_media_url":"","jetpack_shortlink":"https:\/\/wp.me\/p1SrOO-si","jetpack_sharing_enabled":true,"_links":{"self":[{"href":"https:\/\/blogs.lyceecfadumene.fr\/tyanheol\/wp-json\/wp\/v2\/posts\/1754","targetHints":{"allow":["GET"]}}],"collection":[{"href":"https:\/\/blogs.lyceecfadumene.fr\/tyanheol\/wp-json\/wp\/v2\/posts"}],"about":[{"href":"https:\/\/blogs.lyceecfadumene.fr\/tyanheol\/wp-json\/wp\/v2\/types\/post"}],"author":[{"embeddable":true,"href":"https:\/\/blogs.lyceecfadumene.fr\/tyanheol\/wp-json\/wp\/v2\/users\/43"}],"replies":[{"embeddable":true,"href":"https:\/\/blogs.lyceecfadumene.fr\/tyanheol\/wp-json\/wp\/v2\/comments?post=1754"}],"version-history":[{"count":1,"href":"https:\/\/blogs.lyceecfadumene.fr\/tyanheol\/wp-json\/wp\/v2\/posts\/1754\/revisions"}],"predecessor-version":[{"id":3209,"href":"https:\/\/blogs.lyceecfadumene.fr\/tyanheol\/wp-json\/wp\/v2\/posts\/1754\/revisions\/3209"}],"wp:attachment":[{"href":"https:\/\/blogs.lyceecfadumene.fr\/tyanheol\/wp-json\/wp\/v2\/media?parent=1754"}],"wp:term":[{"taxonomy":"category","embeddable":true,"href":"https:\/\/blogs.lyceecfadumene.fr\/tyanheol\/wp-json\/wp\/v2\/categories?post=1754"},{"taxonomy":"post_tag","embeddable":true,"href":"https:\/\/blogs.lyceecfadumene.fr\/tyanheol\/wp-json\/wp\/v2\/tags?post=1754"}],"curies":[{"name":"wp","href":"https:\/\/api.w.org\/{rel}","templated":true}]}}