{"id":1753,"date":"2016-05-17T14:47:17","date_gmt":"2016-05-17T12:47:17","guid":{"rendered":"http:\/\/blogs.lyceecfadumene.fr\/tyanheol\/?p=1753"},"modified":"2022-04-03T17:55:07","modified_gmt":"2022-04-03T15:55:07","slug":"draw-my-terre-attitude","status":"publish","type":"post","link":"https:\/\/blogs.lyceecfadumene.fr\/tyanheol\/2016\/05\/17\/draw-my-terre-attitude\/","title":{"rendered":"Draw my Terre Attitude"},"content":{"rendered":"<p><a href=\"https:\/\/blogs.lyceecfadumene.fr\/tyanheol\/2016\/05\/17\/draw-my-terre-attitude\/miniature-image-web\/\" rel=\"attachment wp-att-1755\"><img data-recalc-dims=\"1\" loading=\"lazy\" decoding=\"async\" data-attachment-id=\"1755\" data-permalink=\"https:\/\/blogs.lyceecfadumene.fr\/tyanheol\/2016\/05\/17\/draw-my-terre-attitude\/miniature-image-web\/\" data-orig-file=\"https:\/\/i0.wp.com\/blogs.lyceecfadumene.fr\/tyanheol\/files\/2016\/05\/miniature-image-web-e1463488337679.png?fit=125%2C92&amp;ssl=1\" data-orig-size=\"125,92\" data-comments-opened=\"1\" data-image-meta=\"{&quot;aperture&quot;:&quot;0&quot;,&quot;credit&quot;:&quot;&quot;,&quot;camera&quot;:&quot;&quot;,&quot;caption&quot;:&quot;&quot;,&quot;created_timestamp&quot;:&quot;0&quot;,&quot;copyright&quot;:&quot;&quot;,&quot;focal_length&quot;:&quot;0&quot;,&quot;iso&quot;:&quot;0&quot;,&quot;shutter_speed&quot;:&quot;0&quot;,&quot;title&quot;:&quot;&quot;,&quot;orientation&quot;:&quot;0&quot;}\" data-image-title=\"Terre Attitude\" data-image-description=\"\" data-image-caption=\"\" data-large-file=\"https:\/\/i0.wp.com\/blogs.lyceecfadumene.fr\/tyanheol\/files\/2016\/05\/miniature-image-web-e1463488337679.png?fit=604%2C447&amp;ssl=1\" class=\"wp-image-1755 aligncenter\" style=\"border: 1px solid #000000\" src=\"https:\/\/i0.wp.com\/blogs.lyceecfadumene.fr\/tyanheol\/files\/2016\/05\/miniature-image-web-300x222.png?resize=450%2C331&#038;ssl=1\" alt=\"Terre Attitude\" width=\"450\" height=\"331\" \/><\/a><strong>N<\/strong>ous sommes fiers de vous montrer une vid\u00e9o qui utilise la m\u00e9thode du Draw My Life pour pr\u00e9senter l&rsquo;\u00e9v\u00e8nement <strong>Terre attitude 2016<\/strong> organis\u00e9 par les <a href=\"https:\/\/ja22merdrignac.wordpress.com\/\">Jeunes Agriculteurs du 22<\/a><\/p>\n<p>Vid\u00e9o qui montre notre implication dans l&rsquo;animation du territoire.<\/p>\n<p><span class=\"embed-youtube\" style=\"text-align:center; display: block;\"><iframe loading=\"lazy\" class=\"youtube-player\" width=\"604\" height=\"340\" src=\"https:\/\/www.youtube.com\/embed\/mv55W1fmD9c?version=3&#038;rel=1&#038;showsearch=0&#038;showinfo=1&#038;iv_load_policy=1&#038;fs=1&#038;hl=fr-FR&#038;autohide=2&#038;wmode=transparent\" allowfullscreen=\"true\" style=\"border:0;\" sandbox=\"allow-scripts allow-same-origin allow-popups allow-presentation allow-popups-to-escape-sandbox\"><\/iframe><\/span><\/p>\n<p>Les \u00e9tudiants en MIL Communication<\/p>\n<p>&nbsp;<\/p>\n","protected":false},"excerpt":{"rendered":"<p>Nous sommes fiers de vous montrer une vid\u00e9o qui utilise la m\u00e9thode du Draw My Life pour pr\u00e9senter l&rsquo;\u00e9v\u00e8nement Terre attitude 2016 organis\u00e9 par les Jeunes Agriculteurs du 22 Vid\u00e9o qui montre notre implication dans l&rsquo;animation du territoire. Les \u00e9tudiants en MIL Communication &nbsp;<\/p>\n","protected":false},"author":43,"featured_media":0,"comment_status":"open","ping_status":"open","sticky":false,"template":"","format":"standard","meta":{"_jetpack_memberships_contains_paid_content":false,"footnotes":"","jetpack_publicize_message":"","jetpack_publicize_feature_enabled":true,"jetpack_social_post_already_shared":true,"jetpack_social_options":{"image_generator_settings":{"template":"highway","default_image_id":0,"font":"","enabled":false},"version":2}},"categories":[1,29432,314],"tags":[],"class_list":["post-1753","post","type-post","status-publish","format-standard","hentry","category-non-classe","category-video2","category-videos"],"aioseo_notices":[],"jetpack_publicize_connections":[],"jetpack_featured_media_url":"","jetpack_shortlink":"https:\/\/wp.me\/p1SrOO-sh","jetpack_sharing_enabled":true,"_links":{"self":[{"href":"https:\/\/blogs.lyceecfadumene.fr\/tyanheol\/wp-json\/wp\/v2\/posts\/1753","targetHints":{"allow":["GET"]}}],"collection":[{"href":"https:\/\/blogs.lyceecfadumene.fr\/tyanheol\/wp-json\/wp\/v2\/posts"}],"about":[{"href":"https:\/\/blogs.lyceecfadumene.fr\/tyanheol\/wp-json\/wp\/v2\/types\/post"}],"author":[{"embeddable":true,"href":"https:\/\/blogs.lyceecfadumene.fr\/tyanheol\/wp-json\/wp\/v2\/users\/43"}],"replies":[{"embeddable":true,"href":"https:\/\/blogs.lyceecfadumene.fr\/tyanheol\/wp-json\/wp\/v2\/comments?post=1753"}],"version-history":[{"count":1,"href":"https:\/\/blogs.lyceecfadumene.fr\/tyanheol\/wp-json\/wp\/v2\/posts\/1753\/revisions"}],"predecessor-version":[{"id":3210,"href":"https:\/\/blogs.lyceecfadumene.fr\/tyanheol\/wp-json\/wp\/v2\/posts\/1753\/revisions\/3210"}],"wp:attachment":[{"href":"https:\/\/blogs.lyceecfadumene.fr\/tyanheol\/wp-json\/wp\/v2\/media?parent=1753"}],"wp:term":[{"taxonomy":"category","embeddable":true,"href":"https:\/\/blogs.lyceecfadumene.fr\/tyanheol\/wp-json\/wp\/v2\/categories?post=1753"},{"taxonomy":"post_tag","embeddable":true,"href":"https:\/\/blogs.lyceecfadumene.fr\/tyanheol\/wp-json\/wp\/v2\/tags?post=1753"}],"curies":[{"name":"wp","href":"https:\/\/api.w.org\/{rel}","templated":true}]}}