{"id":1587,"date":"2015-11-18T20:50:12","date_gmt":"2015-11-18T18:50:12","guid":{"rendered":"http:\/\/blogs.lyceecfadumene.fr\/tyanheol\/?p=1587"},"modified":"2015-11-18T20:50:12","modified_gmt":"2015-11-18T18:50:12","slug":"le-festival-de-chaumont-sur-loire-sinvite-au-lycee","status":"publish","type":"post","link":"https:\/\/blogs.lyceecfadumene.fr\/tyanheol\/2015\/11\/18\/le-festival-de-chaumont-sur-loire-sinvite-au-lycee\/","title":{"rendered":"Le Festival de Chaumont-sur-Loire s&rsquo;invite au Lyc\u00e9e"},"content":{"rendered":"<p><strong>N<\/strong>os classes, en formation autour du paysage, de l&rsquo;am\u00e9nagement paysager, de la production horticole ou de la vente de produits de jardin, ont eu la chance de rencontrer mardi 17 novembre 2015, Antoine Ruellan, dipl\u00f4m\u00e9 de l&rsquo;Ecole Nationale Sup\u00e9rieure du Paysage de Versailles, qui a particip\u00e9 au Festival International des Jardins qui se d\u00e9roule chaque ann\u00e9e dans le magnifique domaine de Chaumont-sur-Loire, apr\u00e8s que certains d&rsquo;entre eux ont eu la chance d&rsquo;aller le visiter. En effet, le <strong>Prix Design et id\u00e9es novatrices<\/strong> est all\u00e9 \u00e0 l&rsquo;\u00e9quipe compos\u00e9e par Antoine Ruellan et Yves Philippot pour leur \u00ab\u00a0Collectionneur de l&rsquo;ombre\u00a0\u00bb qui raconte l&rsquo;abandon, sur le tarmac d&rsquo;un a\u00e9roport, de caisses contenant quelque 250 esp\u00e8ces de foug\u00e8res, en provenance des quatre coins de la plan\u00e8te. <strong>Le jury a salu\u00e9 \u00ab\u00a0un jardin singulier dans lequel le v\u00e9g\u00e9tal est sublim\u00e9 de mani\u00e8re originale\u00a0\u00bb.<\/strong><\/p>\n<p><span class=\"embed-youtube\" style=\"text-align:center; display: block;\"><iframe loading=\"lazy\" class=\"youtube-player\" width=\"604\" height=\"340\" src=\"https:\/\/www.youtube.com\/embed\/iwKIO_CiUdU?version=3&#038;rel=1&#038;showsearch=0&#038;showinfo=1&#038;iv_load_policy=1&#038;fs=1&#038;hl=fr-FR&#038;autohide=2&#038;wmode=transparent\" allowfullscreen=\"true\" style=\"border:0;\" sandbox=\"allow-scripts allow-same-origin allow-popups allow-presentation allow-popups-to-escape-sandbox\"><\/iframe><\/span><\/p>\n","protected":false},"excerpt":{"rendered":"<p>Nos classes, en formation autour du paysage, de l&rsquo;am\u00e9nagement paysager, de la production horticole ou de la vente de produits de jardin, ont eu la chance de rencontrer mardi 17 novembre 2015, Antoine Ruellan, dipl\u00f4m\u00e9 de l&rsquo;Ecole Nationale Sup\u00e9rieure du Paysage de Versailles, qui a particip\u00e9 au Festival International des Jardins qui se d\u00e9roule chaque &hellip; <a href=\"https:\/\/blogs.lyceecfadumene.fr\/tyanheol\/2015\/11\/18\/le-festival-de-chaumont-sur-loire-sinvite-au-lycee\/\" class=\"more-link\">Continuer la lecture de <span class=\"screen-reader-text\">Le Festival de Chaumont-sur-Loire s&rsquo;invite au Lyc\u00e9e<\/span> <span class=\"meta-nav\">&rarr;<\/span><\/a><\/p>\n","protected":false},"author":97,"featured_media":0,"comment_status":"open","ping_status":"open","sticky":false,"template":"","format":"standard","meta":{"_jetpack_memberships_contains_paid_content":false,"footnotes":"","jetpack_publicize_message":"","jetpack_publicize_feature_enabled":true,"jetpack_social_post_already_shared":true,"jetpack_social_options":{"image_generator_settings":{"template":"highway","default_image_id":0,"font":"","enabled":false},"version":2}},"categories":[13564,1,9177,314],"tags":[9190,25442,51,4,6],"class_list":["post-1587","post","type-post","status-publish","format-standard","hentry","category-france","category-non-classe","category-sorties","category-videos","tag-activites","tag-bac-pro-amenagement-paysager","tag-concours","tag-lycee","tag-merdrignac"],"aioseo_notices":[],"jetpack_publicize_connections":[],"jetpack_featured_media_url":"","jetpack_shortlink":"https:\/\/wp.me\/p1SrOO-pB","jetpack_sharing_enabled":true,"_links":{"self":[{"href":"https:\/\/blogs.lyceecfadumene.fr\/tyanheol\/wp-json\/wp\/v2\/posts\/1587","targetHints":{"allow":["GET"]}}],"collection":[{"href":"https:\/\/blogs.lyceecfadumene.fr\/tyanheol\/wp-json\/wp\/v2\/posts"}],"about":[{"href":"https:\/\/blogs.lyceecfadumene.fr\/tyanheol\/wp-json\/wp\/v2\/types\/post"}],"author":[{"embeddable":true,"href":"https:\/\/blogs.lyceecfadumene.fr\/tyanheol\/wp-json\/wp\/v2\/users\/97"}],"replies":[{"embeddable":true,"href":"https:\/\/blogs.lyceecfadumene.fr\/tyanheol\/wp-json\/wp\/v2\/comments?post=1587"}],"version-history":[{"count":0,"href":"https:\/\/blogs.lyceecfadumene.fr\/tyanheol\/wp-json\/wp\/v2\/posts\/1587\/revisions"}],"wp:attachment":[{"href":"https:\/\/blogs.lyceecfadumene.fr\/tyanheol\/wp-json\/wp\/v2\/media?parent=1587"}],"wp:term":[{"taxonomy":"category","embeddable":true,"href":"https:\/\/blogs.lyceecfadumene.fr\/tyanheol\/wp-json\/wp\/v2\/categories?post=1587"},{"taxonomy":"post_tag","embeddable":true,"href":"https:\/\/blogs.lyceecfadumene.fr\/tyanheol\/wp-json\/wp\/v2\/tags?post=1587"}],"curies":[{"name":"wp","href":"https:\/\/api.w.org\/{rel}","templated":true}]}}