{"id":1584,"date":"2015-11-18T13:24:24","date_gmt":"2015-11-18T11:24:24","guid":{"rendered":"http:\/\/blogs.lyceecfadumene.fr\/tyanheol\/?p=1584"},"modified":"2015-11-18T13:24:24","modified_gmt":"2015-11-18T11:24:24","slug":"toute-la-communaute-educative-rend-hommage-aux-victimes-des-attentats","status":"publish","type":"post","link":"https:\/\/blogs.lyceecfadumene.fr\/tyanheol\/2015\/11\/18\/toute-la-communaute-educative-rend-hommage-aux-victimes-des-attentats\/","title":{"rendered":"Toute la Communaut\u00e9 \u00c9ducative rend hommage aux victimes des attentats"},"content":{"rendered":"<p>Dans sa mission de service public et dans un souci d&rsquo;\u00e9ducation \u00e0 la citoyennet\u00e9, le Lyc\u00e9e-CFA du Men\u00e9 a rendu hommage aux victimes des attentats terroristes qui ont frapp\u00e9 la France, et s&rsquo;associe \u00e0 la douleur des familles pour t\u00e9moigner sa solidarit\u00e9.<\/p>\n<p><span class=\"embed-youtube\" style=\"text-align:center; display: block;\"><iframe loading=\"lazy\" class=\"youtube-player\" width=\"604\" height=\"340\" src=\"https:\/\/www.youtube.com\/embed\/vNPa1wdeSqM?version=3&#038;rel=1&#038;showsearch=0&#038;showinfo=1&#038;iv_load_policy=1&#038;fs=1&#038;hl=fr-FR&#038;autohide=2&#038;wmode=transparent\" allowfullscreen=\"true\" style=\"border:0;\" sandbox=\"allow-scripts allow-same-origin allow-popups allow-presentation allow-popups-to-escape-sandbox\"><\/iframe><\/span><\/p>\n","protected":false},"excerpt":{"rendered":"<p>Dans sa mission de service public et dans un souci d&rsquo;\u00e9ducation \u00e0 la citoyennet\u00e9, le Lyc\u00e9e-CFA du Men\u00e9 a rendu hommage aux victimes des attentats terroristes qui ont frapp\u00e9 la France, et s&rsquo;associe \u00e0 la douleur des familles pour t\u00e9moigner sa solidarit\u00e9.<\/p>\n","protected":false},"author":97,"featured_media":0,"comment_status":"open","ping_status":"open","sticky":false,"template":"","format":"standard","meta":{"_jetpack_memberships_contains_paid_content":false,"footnotes":"","jetpack_publicize_message":"","jetpack_publicize_feature_enabled":true,"jetpack_social_post_already_shared":true,"jetpack_social_options":{"image_generator_settings":{"template":"highway","default_image_id":0,"font":"","enabled":false},"version":2}},"categories":[1],"tags":[],"class_list":["post-1584","post","type-post","status-publish","format-standard","hentry","category-non-classe"],"aioseo_notices":[],"jetpack_publicize_connections":[],"jetpack_featured_media_url":"","jetpack_shortlink":"https:\/\/wp.me\/p1SrOO-py","jetpack_sharing_enabled":true,"_links":{"self":[{"href":"https:\/\/blogs.lyceecfadumene.fr\/tyanheol\/wp-json\/wp\/v2\/posts\/1584","targetHints":{"allow":["GET"]}}],"collection":[{"href":"https:\/\/blogs.lyceecfadumene.fr\/tyanheol\/wp-json\/wp\/v2\/posts"}],"about":[{"href":"https:\/\/blogs.lyceecfadumene.fr\/tyanheol\/wp-json\/wp\/v2\/types\/post"}],"author":[{"embeddable":true,"href":"https:\/\/blogs.lyceecfadumene.fr\/tyanheol\/wp-json\/wp\/v2\/users\/97"}],"replies":[{"embeddable":true,"href":"https:\/\/blogs.lyceecfadumene.fr\/tyanheol\/wp-json\/wp\/v2\/comments?post=1584"}],"version-history":[{"count":0,"href":"https:\/\/blogs.lyceecfadumene.fr\/tyanheol\/wp-json\/wp\/v2\/posts\/1584\/revisions"}],"wp:attachment":[{"href":"https:\/\/blogs.lyceecfadumene.fr\/tyanheol\/wp-json\/wp\/v2\/media?parent=1584"}],"wp:term":[{"taxonomy":"category","embeddable":true,"href":"https:\/\/blogs.lyceecfadumene.fr\/tyanheol\/wp-json\/wp\/v2\/categories?post=1584"},{"taxonomy":"post_tag","embeddable":true,"href":"https:\/\/blogs.lyceecfadumene.fr\/tyanheol\/wp-json\/wp\/v2\/tags?post=1584"}],"curies":[{"name":"wp","href":"https:\/\/api.w.org\/{rel}","templated":true}]}}