{"id":156,"date":"2012-04-24T23:47:17","date_gmt":"2012-04-24T21:47:17","guid":{"rendered":"http:\/\/blogs.lyceecfadumene.fr\/bacproap\/?p=156"},"modified":"2012-04-24T23:47:17","modified_gmt":"2012-04-24T21:47:17","slug":"de-la-b-d-au-parlement-europeen","status":"publish","type":"post","link":"https:\/\/blogs.lyceecfadumene.fr\/tyanheol\/2012\/04\/24\/de-la-b-d-au-parlement-europeen\/","title":{"rendered":"De la B.D au parlement europ\u00e9en."},"content":{"rendered":"<p>Aujourd&rsquo;hui nous sommes all\u00e9s au mus\u00e9e de la B.D \u00e0 Bruxelles.<\/p>\n<p><a href=\"https:\/\/i0.wp.com\/blogs.lyceecfadumene.fr\/tyanheol\/files\/2012\/04\/IMG_69371.jpg?ssl=1\"><img data-recalc-dims=\"1\" loading=\"lazy\" decoding=\"async\" class=\"aligncenter size-medium wp-image-178\" src=\"https:\/\/i0.wp.com\/blogs.lyceecfadumene.fr\/tyanheol\/files\/2012\/04\/IMG_69371-300x225.jpg?resize=300%2C225&#038;ssl=1\" alt=\"\" width=\"300\" height=\"225\" \/><\/a><!--more--><\/p>\n<p>Nous avons d\u00e9couvert les premi\u00e8res planches de B.D comme celles de Franquin ou Tintin, embl\u00e8me de la Belgique.<\/p>\n<p>Nous avons continu\u00e9 nos visites culturelles. Nous nous sommes rendus au parlement europ\u00e9en o\u00f9 nous avons donc rencontr\u00e9 Madame Goulard, d\u00e9put\u00e9e de l&rsquo;Ouest qui nous a pr\u00e9sent\u00e9 le travail d&rsquo;un d\u00e9put\u00e9 europ\u00e9en dans un premier temps et, qui, dans un second temps a r\u00e9pondu \u00e0 nos questions. A l&rsquo;issue des 45min d&rsquo;entretien, un conf\u00e9rencier nous a rappel\u00e9 le fonctionnement du parlement et des institutions europ\u00e9ennes. Enfin nous avons visit\u00e9s l&rsquo;h\u00e9micycle.<\/p>\n<p><a href=\"https:\/\/i0.wp.com\/blogs.lyceecfadumene.fr\/tyanheol\/files\/2012\/04\/IMG_69531.jpg?ssl=1\"><img data-recalc-dims=\"1\" loading=\"lazy\" decoding=\"async\" data-attachment-id=\"180\" data-permalink=\"https:\/\/blogs.lyceecfadumene.fr\/tyanheol\/2012\/03\/06\/tableau-des-moyens-de-contraception\/attachment\/2\/\" data-orig-file=\"https:\/\/i0.wp.com\/blogs.lyceecfadumene.fr\/tyanheol\/files\/2012\/03\/2.png?fit=100%2C100&amp;ssl=1\" data-orig-size=\"100,100\" data-comments-opened=\"1\" data-image-meta=\"{&quot;aperture&quot;:&quot;0&quot;,&quot;credit&quot;:&quot;&quot;,&quot;camera&quot;:&quot;&quot;,&quot;caption&quot;:&quot;&quot;,&quot;created_timestamp&quot;:&quot;0&quot;,&quot;copyright&quot;:&quot;&quot;,&quot;focal_length&quot;:&quot;0&quot;,&quot;iso&quot;:&quot;0&quot;,&quot;shutter_speed&quot;:&quot;0&quot;,&quot;title&quot;:&quot;&quot;}\" data-image-title=\"2\" data-image-description=\"\" data-image-caption=\"\" data-large-file=\"https:\/\/i0.wp.com\/blogs.lyceecfadumene.fr\/tyanheol\/files\/2012\/03\/2.png?fit=100%2C100&amp;ssl=1\" class=\"aligncenter size-medium wp-image-180\" src=\"https:\/\/i0.wp.com\/blogs.lyceecfadumene.fr\/tyanheol\/files\/2012\/04\/IMG_69531-300x225.jpg?resize=300%2C225&#038;ssl=1\" alt=\"\" width=\"300\" height=\"225\" \/><\/a><\/p>\n<p>En fin d&rsquo;apr\u00e8s-midi nous avons repris la route en direction des Pays-Bas plus pr\u00e9cis\u00e9ment au sud d&rsquo;Eindhoven \u00e0 1h30 de Venlo, o\u00f9 nous devons visit\u00e9 les Floriades.<\/p>\n","protected":false},"excerpt":{"rendered":"<p>Aujourd&rsquo;hui nous sommes all\u00e9s au mus\u00e9e de la B.D \u00e0 Bruxelles.<\/p>\n","protected":false},"author":43,"featured_media":0,"comment_status":"open","ping_status":"open","sticky":false,"template":"","format":"standard","meta":{"_jetpack_memberships_contains_paid_content":false,"footnotes":"","jetpack_publicize_message":"","jetpack_publicize_feature_enabled":true,"jetpack_social_post_already_shared":true,"jetpack_social_options":{"image_generator_settings":{"template":"highway","default_image_id":0,"font":"","enabled":false},"version":2}},"categories":[80],"tags":[],"class_list":["post-156","post","type-post","status-publish","format-standard","hentry","category-belgique"],"aioseo_notices":[],"jetpack_publicize_connections":[],"jetpack_featured_media_url":"","jetpack_shortlink":"https:\/\/wp.me\/p1SrOO-2w","jetpack_sharing_enabled":true,"_links":{"self":[{"href":"https:\/\/blogs.lyceecfadumene.fr\/tyanheol\/wp-json\/wp\/v2\/posts\/156","targetHints":{"allow":["GET"]}}],"collection":[{"href":"https:\/\/blogs.lyceecfadumene.fr\/tyanheol\/wp-json\/wp\/v2\/posts"}],"about":[{"href":"https:\/\/blogs.lyceecfadumene.fr\/tyanheol\/wp-json\/wp\/v2\/types\/post"}],"author":[{"embeddable":true,"href":"https:\/\/blogs.lyceecfadumene.fr\/tyanheol\/wp-json\/wp\/v2\/users\/43"}],"replies":[{"embeddable":true,"href":"https:\/\/blogs.lyceecfadumene.fr\/tyanheol\/wp-json\/wp\/v2\/comments?post=156"}],"version-history":[{"count":0,"href":"https:\/\/blogs.lyceecfadumene.fr\/tyanheol\/wp-json\/wp\/v2\/posts\/156\/revisions"}],"wp:attachment":[{"href":"https:\/\/blogs.lyceecfadumene.fr\/tyanheol\/wp-json\/wp\/v2\/media?parent=156"}],"wp:term":[{"taxonomy":"category","embeddable":true,"href":"https:\/\/blogs.lyceecfadumene.fr\/tyanheol\/wp-json\/wp\/v2\/categories?post=156"},{"taxonomy":"post_tag","embeddable":true,"href":"https:\/\/blogs.lyceecfadumene.fr\/tyanheol\/wp-json\/wp\/v2\/tags?post=156"}],"curies":[{"name":"wp","href":"https:\/\/api.w.org\/{rel}","templated":true}]}}