{"id":1558,"date":"2015-10-16T11:57:24","date_gmt":"2015-10-16T09:57:24","guid":{"rendered":"http:\/\/blogs.lyceecfadumene.fr\/tyanheol\/?p=1558"},"modified":"2015-10-17T11:59:58","modified_gmt":"2015-10-17T09:59:58","slug":"rencontre-de-toutes-les-alesa-de-bretagne","status":"publish","type":"post","link":"https:\/\/blogs.lyceecfadumene.fr\/tyanheol\/2015\/10\/16\/rencontre-de-toutes-les-alesa-de-bretagne\/","title":{"rendered":"Rencontre de toutes les ALESA de Bretagne"},"content":{"rendered":"<p><strong>E<\/strong>n mars 2016, toutes les ALESA de Bretagne vont participer \u00e0 deux journ\u00e9es de rencontre et d&rsquo;\u00e9change, \u00e0 M\u00fbr-de-Bretagne. Des volontaires se sont d\u00e9j\u00e0 r\u00e9unis \u00e0 Pontivy pour d\u00e9cider de la forme et du contenu des ateliers qui seront mis en place, principalement autour du th\u00e8me de l&rsquo;engagement associatif et du vivre ensemble.<\/p>\n<p><span class=\"embed-youtube\" style=\"text-align:center; display: block;\"><iframe loading=\"lazy\" class=\"youtube-player\" width=\"604\" height=\"340\" src=\"https:\/\/www.youtube.com\/embed\/s1zb3wlY8Cc?version=3&#038;rel=1&#038;showsearch=0&#038;showinfo=1&#038;iv_load_policy=1&#038;fs=1&#038;hl=fr-FR&#038;autohide=2&#038;wmode=transparent\" allowfullscreen=\"true\" style=\"border:0;\" sandbox=\"allow-scripts allow-same-origin allow-popups allow-presentation allow-popups-to-escape-sandbox\"><\/iframe><\/span><\/p>\n","protected":false},"excerpt":{"rendered":"<p>En mars 2016, toutes les ALESA de Bretagne vont participer \u00e0 deux journ\u00e9es de rencontre et d&rsquo;\u00e9change, \u00e0 M\u00fbr-de-Bretagne. Des volontaires se sont d\u00e9j\u00e0 r\u00e9unis \u00e0 Pontivy pour d\u00e9cider de la forme et du contenu des ateliers qui seront mis en place, principalement autour du th\u00e8me de l&rsquo;engagement associatif et du vivre ensemble.<\/p>\n","protected":false},"author":97,"featured_media":0,"comment_status":"open","ping_status":"open","sticky":false,"template":"","format":"standard","meta":{"_jetpack_memberships_contains_paid_content":false,"footnotes":"","jetpack_publicize_message":"","jetpack_publicize_feature_enabled":true,"jetpack_social_post_already_shared":true,"jetpack_social_options":{"image_generator_settings":{"template":"highway","default_image_id":0,"font":"","enabled":false},"version":2}},"categories":[25439,1,9177],"tags":[9190,25464,8236,4,6,3643],"class_list":["post-1558","post","type-post","status-publish","format-standard","hentry","category-education-socioculturelle","category-non-classe","category-sorties","tag-activites","tag-education-socioculturelle","tag-foyer","tag-lycee","tag-merdrignac","tag-ty-an-heol"],"aioseo_notices":[],"jetpack_publicize_connections":[],"jetpack_featured_media_url":"","jetpack_shortlink":"https:\/\/wp.me\/p1SrOO-p8","jetpack_sharing_enabled":true,"_links":{"self":[{"href":"https:\/\/blogs.lyceecfadumene.fr\/tyanheol\/wp-json\/wp\/v2\/posts\/1558","targetHints":{"allow":["GET"]}}],"collection":[{"href":"https:\/\/blogs.lyceecfadumene.fr\/tyanheol\/wp-json\/wp\/v2\/posts"}],"about":[{"href":"https:\/\/blogs.lyceecfadumene.fr\/tyanheol\/wp-json\/wp\/v2\/types\/post"}],"author":[{"embeddable":true,"href":"https:\/\/blogs.lyceecfadumene.fr\/tyanheol\/wp-json\/wp\/v2\/users\/97"}],"replies":[{"embeddable":true,"href":"https:\/\/blogs.lyceecfadumene.fr\/tyanheol\/wp-json\/wp\/v2\/comments?post=1558"}],"version-history":[{"count":0,"href":"https:\/\/blogs.lyceecfadumene.fr\/tyanheol\/wp-json\/wp\/v2\/posts\/1558\/revisions"}],"wp:attachment":[{"href":"https:\/\/blogs.lyceecfadumene.fr\/tyanheol\/wp-json\/wp\/v2\/media?parent=1558"}],"wp:term":[{"taxonomy":"category","embeddable":true,"href":"https:\/\/blogs.lyceecfadumene.fr\/tyanheol\/wp-json\/wp\/v2\/categories?post=1558"},{"taxonomy":"post_tag","embeddable":true,"href":"https:\/\/blogs.lyceecfadumene.fr\/tyanheol\/wp-json\/wp\/v2\/tags?post=1558"}],"curies":[{"name":"wp","href":"https:\/\/api.w.org\/{rel}","templated":true}]}}