{"id":1545,"date":"2015-09-29T15:10:27","date_gmt":"2015-09-29T13:10:27","guid":{"rendered":"http:\/\/blogs.lyceecfadumene.fr\/tyanheol\/?p=1545"},"modified":"2015-09-29T15:10:27","modified_gmt":"2015-09-29T13:10:27","slug":"integration-des-bts-tc-et-ap-du-cfa-du-mene","status":"publish","type":"post","link":"https:\/\/blogs.lyceecfadumene.fr\/tyanheol\/2015\/09\/29\/integration-des-bts-tc-et-ap-du-cfa-du-mene\/","title":{"rendered":"Int\u00e9gration des BTS TC et AP du CFA du Men\u00e9"},"content":{"rendered":"<p>Durant la journ\u00e9e du <strong>Jeudi 3 Septembre 2015<\/strong>, un groupe d\u2019\u00e9tudiantes de BTS 2 TC du CFA du Men\u00e9 a organis\u00e9 <strong>une journ\u00e9e d\u2019int\u00e9gration<\/strong> pour les nouveaux <strong>BTS 1 ann\u00e9e en TC et AP.<\/strong><\/p>\n<figure id=\"attachment_1548\" aria-describedby=\"caption-attachment-1548\" style=\"width: 786px\" class=\"wp-caption aligncenter\"><a href=\"https:\/\/blogs.lyceecfadumene.fr\/tyanheol\/2015\/09\/29\/integration-des-bts-tc-et-ap-du-cfa-du-mene\/fifi-2\/\" rel=\"attachment wp-att-1548\"><img data-recalc-dims=\"1\" loading=\"lazy\" decoding=\"async\" data-attachment-id=\"1548\" data-permalink=\"https:\/\/blogs.lyceecfadumene.fr\/tyanheol\/2015\/09\/29\/integration-des-bts-tc-et-ap-du-cfa-du-mene\/fifi-2\/\" data-orig-file=\"https:\/\/i0.wp.com\/blogs.lyceecfadumene.fr\/tyanheol\/files\/2015\/09\/fifi1.png?fit=786%2C422&amp;ssl=1\" data-orig-size=\"786,422\" data-comments-opened=\"1\" data-image-meta=\"{&quot;aperture&quot;:&quot;0&quot;,&quot;credit&quot;:&quot;&quot;,&quot;camera&quot;:&quot;&quot;,&quot;caption&quot;:&quot;&quot;,&quot;created_timestamp&quot;:&quot;0&quot;,&quot;copyright&quot;:&quot;&quot;,&quot;focal_length&quot;:&quot;0&quot;,&quot;iso&quot;:&quot;0&quot;,&quot;shutter_speed&quot;:&quot;0&quot;,&quot;title&quot;:&quot;&quot;,&quot;orientation&quot;:&quot;0&quot;}\" data-image-title=\"fifi\" data-image-description=\"\" data-image-caption=\"\" data-large-file=\"https:\/\/i0.wp.com\/blogs.lyceecfadumene.fr\/tyanheol\/files\/2015\/09\/fifi1.png?fit=604%2C324&amp;ssl=1\" class=\"wp-image-1548 size-full\" style=\"border: 1px solid #000000\" src=\"https:\/\/i0.wp.com\/blogs.lyceecfadumene.fr\/tyanheol\/files\/2015\/09\/fifi1.png?resize=604%2C324&#038;ssl=1\" alt=\"\" width=\"604\" height=\"324\" srcset=\"https:\/\/i0.wp.com\/blogs.lyceecfadumene.fr\/tyanheol\/files\/2015\/09\/fifi1.png?w=786&amp;ssl=1 786w, https:\/\/i0.wp.com\/blogs.lyceecfadumene.fr\/tyanheol\/files\/2015\/09\/fifi1.png?resize=300%2C161&amp;ssl=1 300w, https:\/\/i0.wp.com\/blogs.lyceecfadumene.fr\/tyanheol\/files\/2015\/09\/fifi1.png?resize=500%2C268&amp;ssl=1 500w\" sizes=\"auto, (max-width: 604px) 100vw, 604px\" \/><\/a><figcaption id=\"caption-attachment-1548\" class=\"wp-caption-text\">Photographie des \u00e9l\u00e8ves de BTS TC et AP du CFA du Men\u00e9 durant leur journ\u00e9e d&rsquo;int\u00e9gration.<\/figcaption><\/figure>\n<p>Cela faisait partie d\u2019un <strong>Projet d&rsquo;Initiatives et de Communication.<\/strong><br \/>\nCette int\u00e9gration s\u2019est d\u00e9roul\u00e9e <strong>\u00e0 Tr\u00e9melin<\/strong> dans le d\u00e9partement d\u2019Ille et Vilaine.<br \/>\nAu total, ce sont <strong>80 apprentis et 13 formateurs<\/strong> qui ont particip\u00e9 \u00e0 un PAINTBALL qui s\u2019est d\u00e9roul\u00e9 sur deux sites : dans une for\u00eat et un autre sur un terrain vague avec des pneus.<\/p>\n<p>Des \u00e9quipes ont \u00e9t\u00e9 constitu\u00e9es et la journ\u00e9e s\u2019est d\u00e9roul\u00e9e dans une bonne ambiance.<br \/>\nLa journ\u00e9e s\u2019est achev\u00e9e par un go\u00fbter collectif au sein de la base de loisirs pr\u00e8s du lac et par<strong> des jeux ludiques<\/strong> (p\u00e9tanque, moolky, palet).<br \/>\nLe but \u00e9tait de <strong>cr\u00e9er une ambiance conviviale entre BTS 1 \u00e8re ann\u00e9e et BTS 2 \u00e8me ann\u00e9e<\/strong> avec l\u2019organisation de parrain\/marraine.<\/p>\n<p>Le projet a \u00e9t\u00e9 <strong>pr\u00e9sent\u00e9 aux BTS 1\u00e8re ann\u00e9e et BTS 2\u00e8me ann\u00e9e<\/strong>, le mercredi 2 septembre 2015 via une vid\u00e9o tourn\u00e9e par le groupe pour pr\u00e9senter le lieu et la journ\u00e9e.<br \/>\nLe vendredi 4 septembre 2015,une vid\u00e9o bilan avec les photos a \u00e9t\u00e9 pr\u00e9sent\u00e9e \u00e0 l\u2019ensemble du groupe ainsi qu\u2019une danse de zumba demand\u00e9e par un BTS 2 !<\/p>\n<p>&nbsp;<br \/>\n<em><strong>Les \u00e9tudiantes de BTS 2 du CFA.<\/strong><\/em><\/p>\n","protected":false},"excerpt":{"rendered":"<p>Durant la journ\u00e9e du Jeudi 3 Septembre 2015, un groupe d\u2019\u00e9tudiantes de BTS 2 TC du CFA du Men\u00e9 a organis\u00e9 une journ\u00e9e d\u2019int\u00e9gration pour les nouveaux BTS 1 ann\u00e9e en TC et AP. Cela faisait partie d\u2019un Projet d&rsquo;Initiatives et de Communication. Cette int\u00e9gration s\u2019est d\u00e9roul\u00e9e \u00e0 Tr\u00e9melin dans le d\u00e9partement d\u2019Ille et Vilaine. &hellip; <a href=\"https:\/\/blogs.lyceecfadumene.fr\/tyanheol\/2015\/09\/29\/integration-des-bts-tc-et-ap-du-cfa-du-mene\/\" class=\"more-link\">Continuer la lecture de <span class=\"screen-reader-text\">Int\u00e9gration des BTS TC et AP du CFA du Men\u00e9<\/span> <span class=\"meta-nav\">&rarr;<\/span><\/a><\/p>\n","protected":false},"author":43,"featured_media":0,"comment_status":"open","ping_status":"open","sticky":false,"template":"","format":"image","meta":{"_jetpack_memberships_contains_paid_content":false,"footnotes":"","jetpack_publicize_message":"","jetpack_publicize_feature_enabled":true,"jetpack_social_post_already_shared":true,"jetpack_social_options":{"image_generator_settings":{"template":"highway","default_image_id":0,"font":"","enabled":false},"version":2}},"categories":[15105],"tags":[9190,16188,6581,3646,3647,9182],"class_list":["post-1545","post","type-post","status-publish","format-image","hentry","category-association-sportive","tag-activites","tag-bts-ap","tag-bts-tc","tag-cfa","tag-integration","tag-tremelin","post_format-post-format-image"],"aioseo_notices":[],"jetpack_publicize_connections":[],"jetpack_featured_media_url":"","jetpack_shortlink":"https:\/\/wp.me\/p1SrOO-oV","jetpack_sharing_enabled":true,"_links":{"self":[{"href":"https:\/\/blogs.lyceecfadumene.fr\/tyanheol\/wp-json\/wp\/v2\/posts\/1545","targetHints":{"allow":["GET"]}}],"collection":[{"href":"https:\/\/blogs.lyceecfadumene.fr\/tyanheol\/wp-json\/wp\/v2\/posts"}],"about":[{"href":"https:\/\/blogs.lyceecfadumene.fr\/tyanheol\/wp-json\/wp\/v2\/types\/post"}],"author":[{"embeddable":true,"href":"https:\/\/blogs.lyceecfadumene.fr\/tyanheol\/wp-json\/wp\/v2\/users\/43"}],"replies":[{"embeddable":true,"href":"https:\/\/blogs.lyceecfadumene.fr\/tyanheol\/wp-json\/wp\/v2\/comments?post=1545"}],"version-history":[{"count":0,"href":"https:\/\/blogs.lyceecfadumene.fr\/tyanheol\/wp-json\/wp\/v2\/posts\/1545\/revisions"}],"wp:attachment":[{"href":"https:\/\/blogs.lyceecfadumene.fr\/tyanheol\/wp-json\/wp\/v2\/media?parent=1545"}],"wp:term":[{"taxonomy":"category","embeddable":true,"href":"https:\/\/blogs.lyceecfadumene.fr\/tyanheol\/wp-json\/wp\/v2\/categories?post=1545"},{"taxonomy":"post_tag","embeddable":true,"href":"https:\/\/blogs.lyceecfadumene.fr\/tyanheol\/wp-json\/wp\/v2\/tags?post=1545"}],"curies":[{"name":"wp","href":"https:\/\/api.w.org\/{rel}","templated":true}]}}