{"id":1538,"date":"2015-09-22T14:57:40","date_gmt":"2015-09-22T12:57:40","guid":{"rendered":"http:\/\/blogs.lyceecfadumene.fr\/tyanheol\/?p=1538"},"modified":"2015-09-22T14:57:40","modified_gmt":"2015-09-22T12:57:40","slug":"vive-le-sport","status":"publish","type":"post","link":"https:\/\/blogs.lyceecfadumene.fr\/tyanheol\/2015\/09\/22\/vive-le-sport\/","title":{"rendered":"Vive le sport !"},"content":{"rendered":"<p>La <strong>Journ\u00e9e du sport<\/strong> du mercredi 16 septembre a \u00e9t\u00e9 organis\u00e9 par les BTS Technico-Commercial. Apr\u00e8s s&rsquo;\u00eatre positionn\u00e9s au cours de la semaine pr\u00e9c\u00e9dente, les \u00e9l\u00e8ves et \u00e9tudiants ont \u00e9t\u00e9 r\u00e9partis dans les <strong>diff\u00e9rentes activit\u00e9s propos\u00e9es<\/strong>. Parmi-elles notamment, le football, le handball, le tir-\u00e0-l&rsquo;arc, la couse d&rsquo;orientation, le tennis de table, la musculation, la boxe anglaise, l&rsquo;escrime et <strong>bien d&rsquo;autres encore<\/strong>.<\/p>\n<p><span class=\"embed-youtube\" style=\"text-align:center; display: block;\"><iframe loading=\"lazy\" class=\"youtube-player\" width=\"604\" height=\"340\" src=\"https:\/\/www.youtube.com\/embed\/D7Kjb8uUrNc?version=3&#038;rel=1&#038;showsearch=0&#038;showinfo=1&#038;iv_load_policy=1&#038;fs=1&#038;hl=fr-FR&#038;autohide=2&#038;wmode=transparent\" allowfullscreen=\"true\" style=\"border:0;\" sandbox=\"allow-scripts allow-same-origin allow-popups allow-presentation allow-popups-to-escape-sandbox\"><\/iframe><\/span><\/p>\n<p>Cette journ\u00e9e a permis <strong>de rassembler<\/strong> tous les \u00e9l\u00e8ves et les \u00e9tudiants du lyc\u00e9e, <strong>de faire plus ample connaissance<\/strong> et <strong>de d\u00e9couvrir<\/strong> des sports atypiques ou non. Nous remercions les \u00e9tudiants de BTS TC 2 ainsi que les professeurs qui ont organis\u00e9s et encadr\u00e9s cette journ\u00e9e.<\/p>\n<p><strong>Rozenn et Justine<\/strong><\/p>\n","protected":false},"excerpt":{"rendered":"<p>La Journ\u00e9e du sport du mercredi 16 septembre a \u00e9t\u00e9 organis\u00e9 par les BTS Technico-Commercial. Apr\u00e8s s&rsquo;\u00eatre positionn\u00e9s au cours de la semaine pr\u00e9c\u00e9dente, les \u00e9l\u00e8ves et \u00e9tudiants ont \u00e9t\u00e9 r\u00e9partis dans les diff\u00e9rentes activit\u00e9s propos\u00e9es. Parmi-elles notamment, le football, le handball, le tir-\u00e0-l&rsquo;arc, la couse d&rsquo;orientation, le tennis de table, la musculation, la boxe &hellip; <a href=\"https:\/\/blogs.lyceecfadumene.fr\/tyanheol\/2015\/09\/22\/vive-le-sport\/\" class=\"more-link\">Continuer la lecture de <span class=\"screen-reader-text\">Vive le sport !<\/span> <span class=\"meta-nav\">&rarr;<\/span><\/a><\/p>\n","protected":false},"author":43,"featured_media":1540,"comment_status":"open","ping_status":"open","sticky":false,"template":"","format":"standard","meta":{"_jetpack_memberships_contains_paid_content":false,"footnotes":"","jetpack_publicize_message":"","jetpack_publicize_feature_enabled":true,"jetpack_social_post_already_shared":true,"jetpack_social_options":{"image_generator_settings":{"template":"highway","default_image_id":0,"font":"","enabled":false},"version":2}},"categories":[15105,314],"tags":[9190,6581,25467],"class_list":["post-1538","post","type-post","status-publish","format-standard","has-post-thumbnail","hentry","category-association-sportive","category-videos","tag-activites","tag-bts-tc","tag-journee-du-sport"],"aioseo_notices":[],"jetpack_publicize_connections":[],"jetpack_featured_media_url":"https:\/\/i0.wp.com\/blogs.lyceecfadumene.fr\/tyanheol\/files\/2015\/09\/joun%C3%A9e-du-sport.jpg?fit=1280%2C717&ssl=1","jetpack_shortlink":"https:\/\/wp.me\/p1SrOO-oO","jetpack_sharing_enabled":true,"_links":{"self":[{"href":"https:\/\/blogs.lyceecfadumene.fr\/tyanheol\/wp-json\/wp\/v2\/posts\/1538","targetHints":{"allow":["GET"]}}],"collection":[{"href":"https:\/\/blogs.lyceecfadumene.fr\/tyanheol\/wp-json\/wp\/v2\/posts"}],"about":[{"href":"https:\/\/blogs.lyceecfadumene.fr\/tyanheol\/wp-json\/wp\/v2\/types\/post"}],"author":[{"embeddable":true,"href":"https:\/\/blogs.lyceecfadumene.fr\/tyanheol\/wp-json\/wp\/v2\/users\/43"}],"replies":[{"embeddable":true,"href":"https:\/\/blogs.lyceecfadumene.fr\/tyanheol\/wp-json\/wp\/v2\/comments?post=1538"}],"version-history":[{"count":0,"href":"https:\/\/blogs.lyceecfadumene.fr\/tyanheol\/wp-json\/wp\/v2\/posts\/1538\/revisions"}],"wp:featuredmedia":[{"embeddable":true,"href":"https:\/\/blogs.lyceecfadumene.fr\/tyanheol\/wp-json\/wp\/v2\/media\/1540"}],"wp:attachment":[{"href":"https:\/\/blogs.lyceecfadumene.fr\/tyanheol\/wp-json\/wp\/v2\/media?parent=1538"}],"wp:term":[{"taxonomy":"category","embeddable":true,"href":"https:\/\/blogs.lyceecfadumene.fr\/tyanheol\/wp-json\/wp\/v2\/categories?post=1538"},{"taxonomy":"post_tag","embeddable":true,"href":"https:\/\/blogs.lyceecfadumene.fr\/tyanheol\/wp-json\/wp\/v2\/tags?post=1538"}],"curies":[{"name":"wp","href":"https:\/\/api.w.org\/{rel}","templated":true}]}}