{"id":1518,"date":"2015-09-15T15:05:27","date_gmt":"2015-09-15T13:05:27","guid":{"rendered":"http:\/\/blogs.lyceecfadumene.fr\/tyanheol\/?p=1518"},"modified":"2015-09-15T15:05:27","modified_gmt":"2015-09-15T13:05:27","slug":"laccueil-des-nouveaux-eleves-au-lycee","status":"publish","type":"post","link":"https:\/\/blogs.lyceecfadumene.fr\/tyanheol\/2015\/09\/15\/laccueil-des-nouveaux-eleves-au-lycee\/","title":{"rendered":"L&rsquo;accueil des nouveaux \u00e9l\u00e8ves au Lyc\u00e9e"},"content":{"rendered":"<figure id=\"attachment_1520\" aria-describedby=\"caption-attachment-1520\" style=\"width: 512px\" class=\"wp-caption aligncenter\"><a href=\"https:\/\/blogs.lyceecfadumene.fr\/tyanheol\/2015\/09\/15\/laccueil-des-nouveaux-eleves-au-lycee\/attachment\/02\/\" rel=\"attachment wp-att-1520\"><img data-recalc-dims=\"1\" loading=\"lazy\" decoding=\"async\" data-attachment-id=\"1520\" data-permalink=\"https:\/\/blogs.lyceecfadumene.fr\/tyanheol\/2015\/09\/15\/laccueil-des-nouveaux-eleves-au-lycee\/attachment\/02\/\" data-orig-file=\"https:\/\/i0.wp.com\/blogs.lyceecfadumene.fr\/tyanheol\/files\/2015\/09\/02.png?fit=512%2C288&amp;ssl=1\" data-orig-size=\"512,288\" data-comments-opened=\"1\" data-image-meta=\"{&quot;aperture&quot;:&quot;0&quot;,&quot;credit&quot;:&quot;&quot;,&quot;camera&quot;:&quot;&quot;,&quot;caption&quot;:&quot;&quot;,&quot;created_timestamp&quot;:&quot;0&quot;,&quot;copyright&quot;:&quot;&quot;,&quot;focal_length&quot;:&quot;0&quot;,&quot;iso&quot;:&quot;0&quot;,&quot;shutter_speed&quot;:&quot;0&quot;,&quot;title&quot;:&quot;&quot;,&quot;orientation&quot;:&quot;0&quot;}\" data-image-title=\"02\" data-image-description=\"\" data-image-caption=\"&lt;p&gt;Lancement du jeu de piste sur l&amp;rsquo;\u00eele de Br\u00e9hat&lt;\/p&gt;\n\" data-large-file=\"https:\/\/i0.wp.com\/blogs.lyceecfadumene.fr\/tyanheol\/files\/2015\/09\/02.png?fit=512%2C288&amp;ssl=1\" class=\"size-full wp-image-1520\" src=\"https:\/\/i0.wp.com\/blogs.lyceecfadumene.fr\/tyanheol\/files\/2015\/09\/02.png?resize=512%2C288&#038;ssl=1\" alt=\"Jeu-\u00eele-Br\u00e9hat\" width=\"512\" height=\"288\" srcset=\"https:\/\/i0.wp.com\/blogs.lyceecfadumene.fr\/tyanheol\/files\/2015\/09\/02.png?w=512&amp;ssl=1 512w, https:\/\/i0.wp.com\/blogs.lyceecfadumene.fr\/tyanheol\/files\/2015\/09\/02.png?resize=300%2C169&amp;ssl=1 300w, https:\/\/i0.wp.com\/blogs.lyceecfadumene.fr\/tyanheol\/files\/2015\/09\/02.png?resize=500%2C281&amp;ssl=1 500w\" sizes=\"auto, (max-width: 512px) 100vw, 512px\" \/><\/a><figcaption id=\"caption-attachment-1520\" class=\"wp-caption-text\">Lancement du jeu de piste sur l&rsquo;\u00eele de Br\u00e9hat<\/figcaption><\/figure>\n<p style=\"text-align: left\">Cette ann\u00e9e encore, les Term. AP ont pr\u00e9par\u00e9 en amont, en fin de 1\u00e8re, bon nombres d&rsquo;activit\u00e9s permettant de <strong>favoriser l&rsquo;int\u00e9gration des plus jeunes dans ce nouvel environnement qu&rsquo;est le Lyc\u00e9e<\/strong>.<\/p>\n<p style=\"text-align: left\">D\u00e8s 9h le mardi de la rentr\u00e9e, les Term. AP ont accueilli les jeunes et leurs familles et les ont accompagn\u00e9s \u00e0 l&rsquo;internat jusqu&rsquo;\u00e0 leur installation. Ils ont \u00e9galement pr\u00e9sent\u00e9 l&rsquo;<strong>ALESA<\/strong> et les activit\u00e9s propos\u00e9es dans ce cadre lors de l&rsquo;intervention de l&rsquo;\u00e9quipe de direction aupr\u00e8s des familles.<\/p>\n<p style=\"text-align: left\">Le mercredi apr\u00e8s-midi, <strong>les Term. AP ont propos\u00e9 des jeux collectifs sur le site du Val de Landrou\u00ebt<\/strong>, apr\u00e8s- midi qui s\u2019est termin\u00e9 par un go\u00fbter am\u00e9lior\u00e9 propos\u00e9 par l&rsquo;\u00e9quipe de cuisine.<\/p>\n<figure id=\"attachment_1519\" aria-describedby=\"caption-attachment-1519\" style=\"width: 339px\" class=\"wp-caption aligncenter\"><a href=\"https:\/\/blogs.lyceecfadumene.fr\/tyanheol\/2015\/09\/15\/laccueil-des-nouveaux-eleves-au-lycee\/01-3\/\" rel=\"attachment wp-att-1519\"><img data-recalc-dims=\"1\" loading=\"lazy\" decoding=\"async\" data-attachment-id=\"1519\" data-permalink=\"https:\/\/blogs.lyceecfadumene.fr\/tyanheol\/2015\/09\/15\/laccueil-des-nouveaux-eleves-au-lycee\/01-3\/\" data-orig-file=\"https:\/\/i0.wp.com\/blogs.lyceecfadumene.fr\/tyanheol\/files\/2015\/09\/01.png?fit=375%2C273&amp;ssl=1\" data-orig-size=\"375,273\" data-comments-opened=\"1\" data-image-meta=\"{&quot;aperture&quot;:&quot;0&quot;,&quot;credit&quot;:&quot;&quot;,&quot;camera&quot;:&quot;&quot;,&quot;caption&quot;:&quot;&quot;,&quot;created_timestamp&quot;:&quot;0&quot;,&quot;copyright&quot;:&quot;&quot;,&quot;focal_length&quot;:&quot;0&quot;,&quot;iso&quot;:&quot;0&quot;,&quot;shutter_speed&quot;:&quot;0&quot;,&quot;title&quot;:&quot;&quot;,&quot;orientation&quot;:&quot;0&quot;}\" data-image-title=\"01\" data-image-description=\"\" data-image-caption=\"\" data-large-file=\"https:\/\/i0.wp.com\/blogs.lyceecfadumene.fr\/tyanheol\/files\/2015\/09\/01.png?fit=375%2C273&amp;ssl=1\" class=\"wp-image-1519\" src=\"https:\/\/i0.wp.com\/blogs.lyceecfadumene.fr\/tyanheol\/files\/2015\/09\/01.png?resize=339%2C250&#038;ssl=1\" alt=\"B\u00e2teau-\u00eele-Br\u00e9hat\" width=\"339\" height=\"250\" \/><\/a><figcaption id=\"caption-attachment-1519\" class=\"wp-caption-text\">Tour de l&rsquo;\u00eele en vedette<\/figcaption><\/figure>\n<p style=\"text-align: left\">Le <strong>jeudi, une journ\u00e9e compl\u00e8te hors les murs<\/strong>. Destination <strong>l&rsquo;\u00eele de Br\u00e9hat<\/strong>. Un d\u00e9paysement complet assur\u00e9. Le matin : tour de l\u2019\u00eele en bateau avant le pique-nique. Puis, jeu de piste\/course d\u2019orientation, toujours coach\u00e9s par les Term AP.<\/p>\n<p style=\"text-align: left\">La soir\u00e9e libre du mardi suivant a \u00e9t\u00e9 anim\u00e9e par de nombreux jeux par \u00e9quipes qui se sont d\u00e9roul\u00e9s sur le plateau sportif de l\u2019\u00e9tablissement et ses alentours. <strong>Les nouveaux encourag\u00e9s et soutenus par les anciens dans une ambiance d\u00e9lirante !<\/strong><\/p>\n<p style=\"text-align: left\">L\u2019action se poursuit le mardi 22 septembre, les nouveaux et tous les \u00e9l\u00e8ves volontaires iront au cin\u00e9ma de Merdrignac pour aller voir \u00ab Une famille \u00e0 louer \u00bb avec Beno\u00eet Poelvoorde et Virginie Efira.<\/p>\n<p style=\"text-align: left\"><strong>Tout au long des deux semaines, les Term AP ont pris la mesure de l\u2019enjeu et se sont totalement investis dans l\u2019accompagnement des nouveaux.<\/strong><\/p>\n<p style=\"text-align: left\">Cette activit\u00e9 demande une pr\u00e9paration pointilleuse de la part des uns et des autres. Elle r\u00e9pond aux exigences du bien \u00eatre du jeune apprenant dans son nouvel environnement ; donc favorisante de son \u00e9panouissement personnel et gage de son implication future.<\/p>\n<p style=\"text-align: left\">L.Casimir<\/p>\n","protected":false},"excerpt":{"rendered":"<p>Cette ann\u00e9e encore, les Term. AP ont pr\u00e9par\u00e9 en amont, en fin de 1\u00e8re, bon nombres d&rsquo;activit\u00e9s permettant de favoriser l&rsquo;int\u00e9gration des plus jeunes dans ce nouvel environnement qu&rsquo;est le Lyc\u00e9e. D\u00e8s 9h le mardi de la rentr\u00e9e, les Term. AP ont accueilli les jeunes et leurs familles et les ont accompagn\u00e9s \u00e0 l&rsquo;internat jusqu&rsquo;\u00e0 &hellip; <a href=\"https:\/\/blogs.lyceecfadumene.fr\/tyanheol\/2015\/09\/15\/laccueil-des-nouveaux-eleves-au-lycee\/\" class=\"more-link\">Continuer la lecture de <span class=\"screen-reader-text\">L&rsquo;accueil des nouveaux \u00e9l\u00e8ves au Lyc\u00e9e<\/span> <span class=\"meta-nav\">&rarr;<\/span><\/a><\/p>\n","protected":false},"author":43,"featured_media":0,"comment_status":"open","ping_status":"open","sticky":false,"template":"","format":"standard","meta":{"_jetpack_memberships_contains_paid_content":false,"footnotes":"","jetpack_publicize_message":"","jetpack_publicize_feature_enabled":true,"jetpack_social_post_already_shared":true,"jetpack_social_options":{"image_generator_settings":{"template":"highway","default_image_id":0,"font":"","enabled":false},"version":2}},"categories":[1],"tags":[9190,25466,3647,25465],"class_list":["post-1518","post","type-post","status-publish","format-standard","hentry","category-non-classe","tag-activites","tag-brehat","tag-integration","tag-term-ap"],"aioseo_notices":[],"jetpack_publicize_connections":[],"jetpack_featured_media_url":"","jetpack_shortlink":"https:\/\/wp.me\/p1SrOO-ou","jetpack_sharing_enabled":true,"_links":{"self":[{"href":"https:\/\/blogs.lyceecfadumene.fr\/tyanheol\/wp-json\/wp\/v2\/posts\/1518","targetHints":{"allow":["GET"]}}],"collection":[{"href":"https:\/\/blogs.lyceecfadumene.fr\/tyanheol\/wp-json\/wp\/v2\/posts"}],"about":[{"href":"https:\/\/blogs.lyceecfadumene.fr\/tyanheol\/wp-json\/wp\/v2\/types\/post"}],"author":[{"embeddable":true,"href":"https:\/\/blogs.lyceecfadumene.fr\/tyanheol\/wp-json\/wp\/v2\/users\/43"}],"replies":[{"embeddable":true,"href":"https:\/\/blogs.lyceecfadumene.fr\/tyanheol\/wp-json\/wp\/v2\/comments?post=1518"}],"version-history":[{"count":0,"href":"https:\/\/blogs.lyceecfadumene.fr\/tyanheol\/wp-json\/wp\/v2\/posts\/1518\/revisions"}],"wp:attachment":[{"href":"https:\/\/blogs.lyceecfadumene.fr\/tyanheol\/wp-json\/wp\/v2\/media?parent=1518"}],"wp:term":[{"taxonomy":"category","embeddable":true,"href":"https:\/\/blogs.lyceecfadumene.fr\/tyanheol\/wp-json\/wp\/v2\/categories?post=1518"},{"taxonomy":"post_tag","embeddable":true,"href":"https:\/\/blogs.lyceecfadumene.fr\/tyanheol\/wp-json\/wp\/v2\/tags?post=1518"}],"curies":[{"name":"wp","href":"https:\/\/api.w.org\/{rel}","templated":true}]}}