{"id":1507,"date":"2015-06-19T19:22:22","date_gmt":"2015-06-19T17:22:22","guid":{"rendered":"http:\/\/blogs.lyceecfadumene.fr\/tyanheol\/?p=1507"},"modified":"2015-06-19T19:22:22","modified_gmt":"2015-06-19T17:22:22","slug":"et-une-fin-dannee-en-beaute","status":"publish","type":"post","link":"https:\/\/blogs.lyceecfadumene.fr\/tyanheol\/2015\/06\/19\/et-une-fin-dannee-en-beaute\/","title":{"rendered":"&#8230; Et une fin d&rsquo;ann\u00e9e en beaut\u00e9 !"},"content":{"rendered":"<p>Gr\u00e2ce au mus\u00e9e ArtColle de Pl\u00e9met, les 2de TCVA ont pu s&rsquo;adonner au loisir de recycler magazines et vieux journaux, pour des collages artistiques de grande qualit\u00e9 :<\/p>\n<p><span class=\"embed-youtube\" style=\"text-align:center; display: block;\"><iframe loading=\"lazy\" class=\"youtube-player\" width=\"604\" height=\"340\" src=\"https:\/\/www.youtube.com\/embed\/I2g_E6Txy1Y?version=3&#038;rel=1&#038;showsearch=0&#038;showinfo=1&#038;iv_load_policy=1&#038;fs=1&#038;hl=fr-FR&#038;autohide=2&#038;wmode=transparent\" allowfullscreen=\"true\" style=\"border:0;\" sandbox=\"allow-scripts allow-same-origin allow-popups allow-presentation allow-popups-to-escape-sandbox\"><\/iframe><\/span><\/p>\n","protected":false},"excerpt":{"rendered":"<p>Gr\u00e2ce au mus\u00e9e ArtColle de Pl\u00e9met, les 2de TCVA ont pu s&rsquo;adonner au loisir de recycler magazines et vieux journaux, pour des collages artistiques de grande qualit\u00e9 :<\/p>\n","protected":false},"author":97,"featured_media":0,"comment_status":"open","ping_status":"open","sticky":false,"template":"","format":"standard","meta":{"_jetpack_memberships_contains_paid_content":false,"footnotes":"","jetpack_publicize_message":"","jetpack_publicize_feature_enabled":true,"jetpack_social_post_already_shared":true,"jetpack_social_options":{"image_generator_settings":{"template":"highway","default_image_id":0,"font":"","enabled":false},"version":2}},"categories":[25439,314],"tags":[9190,25464,4,6,25459],"class_list":["post-1507","post","type-post","status-publish","format-standard","hentry","category-education-socioculturelle","category-videos","tag-activites","tag-education-socioculturelle","tag-lycee","tag-merdrignac","tag-musee-artcolle"],"aioseo_notices":[],"jetpack_publicize_connections":[],"jetpack_featured_media_url":"","jetpack_shortlink":"https:\/\/wp.me\/p1SrOO-oj","jetpack_sharing_enabled":true,"_links":{"self":[{"href":"https:\/\/blogs.lyceecfadumene.fr\/tyanheol\/wp-json\/wp\/v2\/posts\/1507","targetHints":{"allow":["GET"]}}],"collection":[{"href":"https:\/\/blogs.lyceecfadumene.fr\/tyanheol\/wp-json\/wp\/v2\/posts"}],"about":[{"href":"https:\/\/blogs.lyceecfadumene.fr\/tyanheol\/wp-json\/wp\/v2\/types\/post"}],"author":[{"embeddable":true,"href":"https:\/\/blogs.lyceecfadumene.fr\/tyanheol\/wp-json\/wp\/v2\/users\/97"}],"replies":[{"embeddable":true,"href":"https:\/\/blogs.lyceecfadumene.fr\/tyanheol\/wp-json\/wp\/v2\/comments?post=1507"}],"version-history":[{"count":0,"href":"https:\/\/blogs.lyceecfadumene.fr\/tyanheol\/wp-json\/wp\/v2\/posts\/1507\/revisions"}],"wp:attachment":[{"href":"https:\/\/blogs.lyceecfadumene.fr\/tyanheol\/wp-json\/wp\/v2\/media?parent=1507"}],"wp:term":[{"taxonomy":"category","embeddable":true,"href":"https:\/\/blogs.lyceecfadumene.fr\/tyanheol\/wp-json\/wp\/v2\/categories?post=1507"},{"taxonomy":"post_tag","embeddable":true,"href":"https:\/\/blogs.lyceecfadumene.fr\/tyanheol\/wp-json\/wp\/v2\/tags?post=1507"}],"curies":[{"name":"wp","href":"https:\/\/api.w.org\/{rel}","templated":true}]}}