{"id":1503,"date":"2015-06-19T15:49:29","date_gmt":"2015-06-19T13:49:29","guid":{"rendered":"http:\/\/blogs.lyceecfadumene.fr\/tyanheol\/?p=1503"},"modified":"2015-06-19T15:49:29","modified_gmt":"2015-06-19T13:49:29","slug":"une-fin-dannee-sur-les-chapeaux-de-roue","status":"publish","type":"post","link":"https:\/\/blogs.lyceecfadumene.fr\/tyanheol\/2015\/06\/19\/une-fin-dannee-sur-les-chapeaux-de-roue\/","title":{"rendered":"Une fin d&rsquo;ann\u00e9e sur les chapeaux de roue !"},"content":{"rendered":"<p><strong>P<\/strong>our bien finir l&rsquo;ann\u00e9e scolaire, les classes de seconde NJPF et TCVA ont eu droit \u00e0 une semaine de stage Sant\u00e9 et D\u00e9veloppement Durable, avec un programme bien charg\u00e9 : r\u00e9flexion sur l&rsquo;alimentation avec atelier cuisine di\u00e9t\u00e9tique gentiment encadr\u00e9 par les Seconde PH, r\u00e9flexion sur les d\u00e9chets et visite de la d\u00e9chetterie de Merdrignac, r\u00e9flexion sur les \u00e9nergies et la pollution, avec visite de l&rsquo;assec du lac de Guerl\u00e9dan et de la Maison de la Baie de Saint-Brieuc, visite du mus\u00e9e ArtColle de Pl\u00e9met et atelier artistique de collages \u00e0 partir de d\u00e9chets&#8230; Et le tout couronn\u00e9 d&rsquo;une randonn\u00e9e sur le sentier des douaniers d&rsquo;Erquy \u00e0 Pl\u00e9neuf, avec plein d&rsquo;activit\u00e9s sport et nature \u00e0 la plage :<\/p>\n<p><span class=\"embed-youtube\" style=\"text-align:center; display: block;\"><iframe loading=\"lazy\" class=\"youtube-player\" width=\"604\" height=\"340\" src=\"https:\/\/www.youtube.com\/embed\/GzunCwQ58PE?version=3&#038;rel=1&#038;showsearch=0&#038;showinfo=1&#038;iv_load_policy=1&#038;fs=1&#038;hl=fr-FR&#038;autohide=2&#038;wmode=transparent\" allowfullscreen=\"true\" style=\"border:0;\" sandbox=\"allow-scripts allow-same-origin allow-popups allow-presentation allow-popups-to-escape-sandbox\"><\/iframe><\/span><\/p>\n","protected":false},"excerpt":{"rendered":"<p>Pour bien finir l&rsquo;ann\u00e9e scolaire, les classes de seconde NJPF et TCVA ont eu droit \u00e0 une semaine de stage Sant\u00e9 et D\u00e9veloppement Durable, avec un programme bien charg\u00e9 : r\u00e9flexion sur l&rsquo;alimentation avec atelier cuisine di\u00e9t\u00e9tique gentiment encadr\u00e9 par les Seconde PH, r\u00e9flexion sur les d\u00e9chets et visite de la d\u00e9chetterie de Merdrignac, r\u00e9flexion &hellip; <a href=\"https:\/\/blogs.lyceecfadumene.fr\/tyanheol\/2015\/06\/19\/une-fin-dannee-sur-les-chapeaux-de-roue\/\" class=\"more-link\">Continuer la lecture de <span class=\"screen-reader-text\">Une fin d&rsquo;ann\u00e9e sur les chapeaux de roue !<\/span> <span class=\"meta-nav\">&rarr;<\/span><\/a><\/p>\n","protected":false},"author":97,"featured_media":0,"comment_status":"open","ping_status":"open","sticky":false,"template":"","format":"standard","meta":{"_jetpack_memberships_contains_paid_content":false,"footnotes":"","jetpack_publicize_message":"","jetpack_publicize_feature_enabled":true,"jetpack_social_post_already_shared":true,"jetpack_social_options":{"image_generator_settings":{"template":"highway","default_image_id":0,"font":"","enabled":false},"version":2}},"categories":[1],"tags":[],"class_list":["post-1503","post","type-post","status-publish","format-standard","hentry","category-non-classe"],"aioseo_notices":[],"jetpack_publicize_connections":[],"jetpack_featured_media_url":"","jetpack_shortlink":"https:\/\/wp.me\/p1SrOO-of","jetpack_sharing_enabled":true,"_links":{"self":[{"href":"https:\/\/blogs.lyceecfadumene.fr\/tyanheol\/wp-json\/wp\/v2\/posts\/1503","targetHints":{"allow":["GET"]}}],"collection":[{"href":"https:\/\/blogs.lyceecfadumene.fr\/tyanheol\/wp-json\/wp\/v2\/posts"}],"about":[{"href":"https:\/\/blogs.lyceecfadumene.fr\/tyanheol\/wp-json\/wp\/v2\/types\/post"}],"author":[{"embeddable":true,"href":"https:\/\/blogs.lyceecfadumene.fr\/tyanheol\/wp-json\/wp\/v2\/users\/97"}],"replies":[{"embeddable":true,"href":"https:\/\/blogs.lyceecfadumene.fr\/tyanheol\/wp-json\/wp\/v2\/comments?post=1503"}],"version-history":[{"count":0,"href":"https:\/\/blogs.lyceecfadumene.fr\/tyanheol\/wp-json\/wp\/v2\/posts\/1503\/revisions"}],"wp:attachment":[{"href":"https:\/\/blogs.lyceecfadumene.fr\/tyanheol\/wp-json\/wp\/v2\/media?parent=1503"}],"wp:term":[{"taxonomy":"category","embeddable":true,"href":"https:\/\/blogs.lyceecfadumene.fr\/tyanheol\/wp-json\/wp\/v2\/categories?post=1503"},{"taxonomy":"post_tag","embeddable":true,"href":"https:\/\/blogs.lyceecfadumene.fr\/tyanheol\/wp-json\/wp\/v2\/tags?post=1503"}],"curies":[{"name":"wp","href":"https:\/\/api.w.org\/{rel}","templated":true}]}}