{"id":1482,"date":"2015-06-08T18:23:52","date_gmt":"2015-06-08T16:23:52","guid":{"rendered":"http:\/\/blogs.lyceecfadumene.fr\/tyanheol\/?p=1482"},"modified":"2022-04-03T17:55:07","modified_gmt":"2022-04-03T15:55:07","slug":"florilege-des-activites-pedagogiques-2014-2015","status":"publish","type":"post","link":"https:\/\/blogs.lyceecfadumene.fr\/tyanheol\/2015\/06\/08\/florilege-des-activites-pedagogiques-2014-2015\/","title":{"rendered":"Floril\u00e8ge des activit\u00e9s p\u00e9dagogiques 2014-2015"},"content":{"rendered":"<p>Petit r\u00e9sum\u00e9 de l&rsquo;ann\u00e9e scolaire en images, qui montre \u00e0 quel point le Lyc\u00e9e-CFA du Men\u00e9 est dynamique et bien ancr\u00e9 dans son territoire :<\/p>\n<p><span class=\"embed-youtube\" style=\"text-align:center; display: block;\"><iframe loading=\"lazy\" class=\"youtube-player\" width=\"604\" height=\"340\" src=\"https:\/\/www.youtube.com\/embed\/nVIWninGFqQ?version=3&#038;rel=1&#038;showsearch=0&#038;showinfo=1&#038;iv_load_policy=1&#038;fs=1&#038;hl=fr-FR&#038;autohide=2&#038;wmode=transparent\" allowfullscreen=\"true\" style=\"border:0;\" sandbox=\"allow-scripts allow-same-origin allow-popups allow-presentation allow-popups-to-escape-sandbox\"><\/iframe><\/span><\/p>\n","protected":false},"excerpt":{"rendered":"<p>Petit r\u00e9sum\u00e9 de l&rsquo;ann\u00e9e scolaire en images, qui montre \u00e0 quel point le Lyc\u00e9e-CFA du Men\u00e9 est dynamique et bien ancr\u00e9 dans son territoire :<\/p>\n","protected":false},"author":97,"featured_media":0,"comment_status":"open","ping_status":"open","sticky":false,"template":"","format":"standard","meta":{"_jetpack_memberships_contains_paid_content":false,"footnotes":"","jetpack_publicize_message":"","jetpack_publicize_feature_enabled":true,"jetpack_social_post_already_shared":true,"jetpack_social_options":{"image_generator_settings":{"template":"highway","default_image_id":0,"font":"","enabled":false},"version":2}},"categories":[8569,25439,1,9203,9177,5680,29432,314],"tags":[9190,6581,5703,25462,51,4,6,3645,25463,25461],"class_list":["post-1482","post","type-post","status-publish","format-standard","hentry","category-agroequipement","category-education-socioculturelle","category-non-classe","category-sante","category-sorties","category-theatre","category-video2","category-videos","tag-activites","tag-bts-tc","tag-cdi","tag-cinema","tag-concours","tag-lycee","tag-merdrignac","tag-sortie","tag-sorties","tag-theatre"],"aioseo_notices":[],"jetpack_publicize_connections":[],"jetpack_featured_media_url":"","jetpack_shortlink":"https:\/\/wp.me\/p1SrOO-nU","jetpack_sharing_enabled":true,"_links":{"self":[{"href":"https:\/\/blogs.lyceecfadumene.fr\/tyanheol\/wp-json\/wp\/v2\/posts\/1482","targetHints":{"allow":["GET"]}}],"collection":[{"href":"https:\/\/blogs.lyceecfadumene.fr\/tyanheol\/wp-json\/wp\/v2\/posts"}],"about":[{"href":"https:\/\/blogs.lyceecfadumene.fr\/tyanheol\/wp-json\/wp\/v2\/types\/post"}],"author":[{"embeddable":true,"href":"https:\/\/blogs.lyceecfadumene.fr\/tyanheol\/wp-json\/wp\/v2\/users\/97"}],"replies":[{"embeddable":true,"href":"https:\/\/blogs.lyceecfadumene.fr\/tyanheol\/wp-json\/wp\/v2\/comments?post=1482"}],"version-history":[{"count":1,"href":"https:\/\/blogs.lyceecfadumene.fr\/tyanheol\/wp-json\/wp\/v2\/posts\/1482\/revisions"}],"predecessor-version":[{"id":3216,"href":"https:\/\/blogs.lyceecfadumene.fr\/tyanheol\/wp-json\/wp\/v2\/posts\/1482\/revisions\/3216"}],"wp:attachment":[{"href":"https:\/\/blogs.lyceecfadumene.fr\/tyanheol\/wp-json\/wp\/v2\/media?parent=1482"}],"wp:term":[{"taxonomy":"category","embeddable":true,"href":"https:\/\/blogs.lyceecfadumene.fr\/tyanheol\/wp-json\/wp\/v2\/categories?post=1482"},{"taxonomy":"post_tag","embeddable":true,"href":"https:\/\/blogs.lyceecfadumene.fr\/tyanheol\/wp-json\/wp\/v2\/tags?post=1482"}],"curies":[{"name":"wp","href":"https:\/\/api.w.org\/{rel}","templated":true}]}}