{"id":1456,"date":"2015-05-22T13:56:05","date_gmt":"2015-05-22T11:56:05","guid":{"rendered":"http:\/\/blogs.lyceecfadumene.fr\/tyanheol\/?p=1456"},"modified":"2015-05-22T13:56:05","modified_gmt":"2015-05-22T11:56:05","slug":"sous-le-soleil-irlandais","status":"publish","type":"post","link":"https:\/\/blogs.lyceecfadumene.fr\/tyanheol\/2015\/05\/22\/sous-le-soleil-irlandais\/","title":{"rendered":"Sous le soleil irlandais&#8230;"},"content":{"rendered":"<p><a href=\"https:\/\/blogs.lyceecfadumene.fr\/tyanheol\/2015\/05\/22\/sous-le-soleil-irlandais\/photo-irlande-redimensionnee\/\" rel=\"attachment wp-att-1457\"><img data-recalc-dims=\"1\" loading=\"lazy\" decoding=\"async\" data-attachment-id=\"1457\" data-permalink=\"https:\/\/blogs.lyceecfadumene.fr\/tyanheol\/2015\/05\/22\/sous-le-soleil-irlandais\/photo-irlande-redimensionnee\/\" data-orig-file=\"https:\/\/i0.wp.com\/blogs.lyceecfadumene.fr\/tyanheol\/files\/2015\/05\/PHOTO-IRLANDE-redimensionnee.jpg?fit=800%2C450&amp;ssl=1\" data-orig-size=\"800,450\" data-comments-opened=\"1\" data-image-meta=\"{&quot;aperture&quot;:&quot;2.2&quot;,&quot;credit&quot;:&quot;&quot;,&quot;camera&quot;:&quot;Lumia 830&quot;,&quot;caption&quot;:&quot;&quot;,&quot;created_timestamp&quot;:&quot;1428751043&quot;,&quot;copyright&quot;:&quot;&quot;,&quot;focal_length&quot;:&quot;3.12&quot;,&quot;iso&quot;:&quot;64&quot;,&quot;shutter_speed&quot;:&quot;0.002221&quot;,&quot;title&quot;:&quot;&quot;,&quot;orientation&quot;:&quot;0&quot;}\" data-image-title=\"PHOTO IRLANDE redimensionnee\" data-image-description=\"\" data-image-caption=\"\" data-large-file=\"https:\/\/i0.wp.com\/blogs.lyceecfadumene.fr\/tyanheol\/files\/2015\/05\/PHOTO-IRLANDE-redimensionnee.jpg?fit=604%2C340&amp;ssl=1\" class=\"alignleft  wp-image-1457\" src=\"https:\/\/i0.wp.com\/blogs.lyceecfadumene.fr\/tyanheol\/files\/2015\/05\/PHOTO-IRLANDE-redimensionnee.jpg?resize=565%2C324&#038;ssl=1\" alt=\"PHOTO IRLANDE redimensionnee\" width=\"565\" height=\"324\" \/><\/a><\/p>\n<p>Les \u00e9tudiants de <strong>BTS2<\/strong> Technico-commercial se sont rendus en <strong>Irlande<\/strong>, pour un voyage d\u2019\u00e9tudes, du <strong>7 au 13 avril<\/strong>, accompagn\u00e9s par Mmes Couronn\u00e9 et Le Bot, enseignantes. C\u2019est sous un soleil radieux qu\u2019ils ont pu d\u00e9couvrir ce pays si accueillant\u00a0: au programme, <strong>visites en lien avec leurs sp\u00e9cialit\u00e9s<\/strong>\u00a0: jardineries pr\u00e8s de Cork, jardin botanique de Dublin&#8230; Ce voyage a \u00e9galement \u00e9t\u00e9 l\u2019occasion de mieux conna\u00eetre la <strong>culture<\/strong> de nos voisins celtes\u00a0: rencontre avec un <strong>\u00e9leveur de l\u00e9vriers de courses<\/strong>, puis visite du <strong>camp de courses de Galway<\/strong>, <strong>Trinity Coll\u00e8ge<\/strong>, la prestigieuse universit\u00e9 dublinoise&#8230;<\/p>\n<p>Les \u00e9tudiants ont aussi pu admirer les sites naturels remarquables que sont le <strong>Connemara<\/strong>, les imposantes <strong>falaises de Moher<\/strong>.<\/p>\n<p>Visiblement sous le charme, il a \u00e9t\u00e9 difficile pour tous de revenir en Bretagne, mais les examens approchent, pour eux comme pour beaucoup d\u2019\u00e9l\u00e8ves du lyc\u00e9e du Men\u00e9&#8230;<\/p>\n","protected":false},"excerpt":{"rendered":"<p>Les \u00e9tudiants de BTS2 Technico-commercial se sont rendus en Irlande, pour un voyage d\u2019\u00e9tudes, du 7 au 13 avril, accompagn\u00e9s par Mmes Couronn\u00e9 et Le Bot, enseignantes. C\u2019est sous un soleil radieux qu\u2019ils ont pu d\u00e9couvrir ce pays si accueillant\u00a0: au programme, visites en lien avec leurs sp\u00e9cialit\u00e9s\u00a0: jardineries pr\u00e8s de Cork, jardin botanique de &hellip; <a href=\"https:\/\/blogs.lyceecfadumene.fr\/tyanheol\/2015\/05\/22\/sous-le-soleil-irlandais\/\" class=\"more-link\">Continuer la lecture de <span class=\"screen-reader-text\">Sous le soleil irlandais&#8230;<\/span> <span class=\"meta-nav\">&rarr;<\/span><\/a><\/p>\n","protected":false},"author":43,"featured_media":0,"comment_status":"open","ping_status":"open","sticky":false,"template":"","format":"standard","meta":{"_jetpack_memberships_contains_paid_content":false,"footnotes":"","jetpack_publicize_message":"","jetpack_publicize_feature_enabled":true,"jetpack_social_post_already_shared":true,"jetpack_social_options":{"image_generator_settings":{"template":"highway","default_image_id":0,"font":"","enabled":false},"version":2}},"categories":[104],"tags":[25447,88],"class_list":["post-1456","post","type-post","status-publish","format-standard","hentry","category-voyage","tag-irlande","tag-voyage-detude"],"aioseo_notices":[],"jetpack_publicize_connections":[],"jetpack_featured_media_url":"","jetpack_shortlink":"https:\/\/wp.me\/p1SrOO-nu","jetpack_sharing_enabled":true,"_links":{"self":[{"href":"https:\/\/blogs.lyceecfadumene.fr\/tyanheol\/wp-json\/wp\/v2\/posts\/1456","targetHints":{"allow":["GET"]}}],"collection":[{"href":"https:\/\/blogs.lyceecfadumene.fr\/tyanheol\/wp-json\/wp\/v2\/posts"}],"about":[{"href":"https:\/\/blogs.lyceecfadumene.fr\/tyanheol\/wp-json\/wp\/v2\/types\/post"}],"author":[{"embeddable":true,"href":"https:\/\/blogs.lyceecfadumene.fr\/tyanheol\/wp-json\/wp\/v2\/users\/43"}],"replies":[{"embeddable":true,"href":"https:\/\/blogs.lyceecfadumene.fr\/tyanheol\/wp-json\/wp\/v2\/comments?post=1456"}],"version-history":[{"count":0,"href":"https:\/\/blogs.lyceecfadumene.fr\/tyanheol\/wp-json\/wp\/v2\/posts\/1456\/revisions"}],"wp:attachment":[{"href":"https:\/\/blogs.lyceecfadumene.fr\/tyanheol\/wp-json\/wp\/v2\/media?parent=1456"}],"wp:term":[{"taxonomy":"category","embeddable":true,"href":"https:\/\/blogs.lyceecfadumene.fr\/tyanheol\/wp-json\/wp\/v2\/categories?post=1456"},{"taxonomy":"post_tag","embeddable":true,"href":"https:\/\/blogs.lyceecfadumene.fr\/tyanheol\/wp-json\/wp\/v2\/tags?post=1456"}],"curies":[{"name":"wp","href":"https:\/\/api.w.org\/{rel}","templated":true}]}}