{"id":1447,"date":"2015-04-16T11:19:17","date_gmt":"2015-04-16T09:19:17","guid":{"rendered":"http:\/\/blogs.lyceecfadumene.fr\/tyanheol\/?p=1447"},"modified":"2015-04-16T11:19:17","modified_gmt":"2015-04-16T09:19:17","slug":"10eme-concours-regional-de-reconnaissance-des-vegetaux","status":"publish","type":"post","link":"https:\/\/blogs.lyceecfadumene.fr\/tyanheol\/2015\/04\/16\/10eme-concours-regional-de-reconnaissance-des-vegetaux\/","title":{"rendered":"10\u00e8me Concours R\u00e9gional de Reconnaissance des V\u00e9g\u00e9taux"},"content":{"rendered":"<p><strong>J<\/strong>our de gloire pour le Lyc\u00e9e-CFA du Men\u00e9, organisateur du Concours R\u00e9gional de Reconnaissance des V\u00e9g\u00e9taux, et qui a vu ses candidates et candidats remporter les places du podium haut la main dans de nombreuses cat\u00e9gories.<\/p>\n<p>F\u00e9licitations \u00e0 toutes et \u00e0 tous !<\/p>\n<p>La journ\u00e9e en vid\u00e9o :<\/p>\n<p><span class=\"embed-youtube\" style=\"text-align:center; display: block;\"><iframe loading=\"lazy\" class=\"youtube-player\" width=\"604\" height=\"340\" src=\"https:\/\/www.youtube.com\/embed\/WP1uE6sK9fs?version=3&#038;rel=1&#038;showsearch=0&#038;showinfo=1&#038;iv_load_policy=1&#038;fs=1&#038;hl=fr-FR&#038;autohide=2&#038;wmode=transparent\" allowfullscreen=\"true\" style=\"border:0;\" sandbox=\"allow-scripts allow-same-origin allow-popups allow-presentation allow-popups-to-escape-sandbox\"><\/iframe><\/span><\/p>\n","protected":false},"excerpt":{"rendered":"<p>Jour de gloire pour le Lyc\u00e9e-CFA du Men\u00e9, organisateur du Concours R\u00e9gional de Reconnaissance des V\u00e9g\u00e9taux, et qui a vu ses candidates et candidats remporter les places du podium haut la main dans de nombreuses cat\u00e9gories. F\u00e9licitations \u00e0 toutes et \u00e0 tous ! La journ\u00e9e en vid\u00e9o :<\/p>\n","protected":false},"author":97,"featured_media":0,"comment_status":"open","ping_status":"open","sticky":false,"template":"","format":"standard","meta":{"_jetpack_memberships_contains_paid_content":false,"footnotes":"","jetpack_publicize_message":"","jetpack_publicize_feature_enabled":true,"jetpack_social_post_already_shared":true,"jetpack_social_options":{"image_generator_settings":{"template":"highway","default_image_id":0,"font":"","enabled":false},"version":2}},"categories":[13564,1,314],"tags":[9190,51,4,9197,6,8518],"class_list":["post-1447","post","type-post","status-publish","format-standard","hentry","category-france","category-non-classe","category-videos","tag-activites","tag-concours","tag-lycee","tag-mercredi","tag-merdrignac","tag-reconnaissance-des-vegetaux"],"aioseo_notices":[],"jetpack_publicize_connections":[],"jetpack_featured_media_url":"","jetpack_shortlink":"https:\/\/wp.me\/p1SrOO-nl","jetpack_sharing_enabled":true,"_links":{"self":[{"href":"https:\/\/blogs.lyceecfadumene.fr\/tyanheol\/wp-json\/wp\/v2\/posts\/1447","targetHints":{"allow":["GET"]}}],"collection":[{"href":"https:\/\/blogs.lyceecfadumene.fr\/tyanheol\/wp-json\/wp\/v2\/posts"}],"about":[{"href":"https:\/\/blogs.lyceecfadumene.fr\/tyanheol\/wp-json\/wp\/v2\/types\/post"}],"author":[{"embeddable":true,"href":"https:\/\/blogs.lyceecfadumene.fr\/tyanheol\/wp-json\/wp\/v2\/users\/97"}],"replies":[{"embeddable":true,"href":"https:\/\/blogs.lyceecfadumene.fr\/tyanheol\/wp-json\/wp\/v2\/comments?post=1447"}],"version-history":[{"count":0,"href":"https:\/\/blogs.lyceecfadumene.fr\/tyanheol\/wp-json\/wp\/v2\/posts\/1447\/revisions"}],"wp:attachment":[{"href":"https:\/\/blogs.lyceecfadumene.fr\/tyanheol\/wp-json\/wp\/v2\/media?parent=1447"}],"wp:term":[{"taxonomy":"category","embeddable":true,"href":"https:\/\/blogs.lyceecfadumene.fr\/tyanheol\/wp-json\/wp\/v2\/categories?post=1447"},{"taxonomy":"post_tag","embeddable":true,"href":"https:\/\/blogs.lyceecfadumene.fr\/tyanheol\/wp-json\/wp\/v2\/tags?post=1447"}],"curies":[{"name":"wp","href":"https:\/\/api.w.org\/{rel}","templated":true}]}}