{"id":1431,"date":"2015-03-12T19:18:04","date_gmt":"2015-03-12T17:18:04","guid":{"rendered":"http:\/\/blogs.lyceecfadumene.fr\/tyanheol\/?p=1431"},"modified":"2015-03-12T19:18:04","modified_gmt":"2015-03-12T17:18:04","slug":"la-filiere-animalerie-du-lycee-fait-un-don-a-la-spa","status":"publish","type":"post","link":"https:\/\/blogs.lyceecfadumene.fr\/tyanheol\/2015\/03\/12\/la-filiere-animalerie-du-lycee-fait-un-don-a-la-spa\/","title":{"rendered":"La fili\u00e8re Animalerie du Lyc\u00e9e fait un don \u00e0 la SPA"},"content":{"rendered":"<p><strong>G<\/strong>r\u00e2ce aux BTS TC, la fili\u00e8re Vente en Animalerie a \u00e9t\u00e9 sensibilis\u00e9e par une visite dans les locaux de la SPA de Rennes et, par une tombola, a pu contribuer au bien-\u00eatre des animaux :<\/p>\n<p><a href=\"https:\/\/i0.wp.com\/blogs.lyceecfadumene.fr\/tyanheol\/files\/2015\/03\/le-lycee-du-mene-recolte-530-eu-pour-les-animaux-abandonnes.jpg?ssl=1\"><img data-recalc-dims=\"1\" loading=\"lazy\" decoding=\"async\" data-attachment-id=\"1432\" data-permalink=\"https:\/\/blogs.lyceecfadumene.fr\/tyanheol\/2015\/03\/12\/la-filiere-animalerie-du-lycee-fait-un-don-a-la-spa\/le-lycee-du-mene-recolte-530-eu-pour-les-animaux-abandonnes\/\" data-orig-file=\"https:\/\/i0.wp.com\/blogs.lyceecfadumene.fr\/tyanheol\/files\/2015\/03\/le-lycee-du-mene-recolte-530-eu-pour-les-animaux-abandonnes.jpg?fit=640%2C360&amp;ssl=1\" data-orig-size=\"640,360\" data-comments-opened=\"1\" data-image-meta=\"{&quot;aperture&quot;:&quot;0&quot;,&quot;credit&quot;:&quot;&quot;,&quot;camera&quot;:&quot;&quot;,&quot;caption&quot;:&quot;&quot;,&quot;created_timestamp&quot;:&quot;0&quot;,&quot;copyright&quot;:&quot;&quot;,&quot;focal_length&quot;:&quot;0&quot;,&quot;iso&quot;:&quot;0&quot;,&quot;shutter_speed&quot;:&quot;0&quot;,&quot;title&quot;:&quot;&quot;,&quot;orientation&quot;:&quot;0&quot;}\" data-image-title=\"le-lycee-du-mene-recolte-530-eu-pour-les-animaux-abandonnes\" data-image-description=\"\" data-image-caption=\"\" data-large-file=\"https:\/\/i0.wp.com\/blogs.lyceecfadumene.fr\/tyanheol\/files\/2015\/03\/le-lycee-du-mene-recolte-530-eu-pour-les-animaux-abandonnes.jpg?fit=604%2C340&amp;ssl=1\" class=\" size-medium wp-image-1432 aligncenter\" src=\"https:\/\/i0.wp.com\/blogs.lyceecfadumene.fr\/tyanheol\/files\/2015\/03\/le-lycee-du-mene-recolte-530-eu-pour-les-animaux-abandonnes-300x169.jpg?resize=300%2C169&#038;ssl=1\" alt=\"le-lycee-du-mene-recolte-530-eu-pour-les-animaux-abandonnes\" width=\"300\" height=\"169\" srcset=\"https:\/\/i0.wp.com\/blogs.lyceecfadumene.fr\/tyanheol\/files\/2015\/03\/le-lycee-du-mene-recolte-530-eu-pour-les-animaux-abandonnes.jpg?resize=300%2C169&amp;ssl=1 300w, https:\/\/i0.wp.com\/blogs.lyceecfadumene.fr\/tyanheol\/files\/2015\/03\/le-lycee-du-mene-recolte-530-eu-pour-les-animaux-abandonnes.jpg?resize=500%2C281&amp;ssl=1 500w, https:\/\/i0.wp.com\/blogs.lyceecfadumene.fr\/tyanheol\/files\/2015\/03\/le-lycee-du-mene-recolte-530-eu-pour-les-animaux-abandonnes.jpg?w=640&amp;ssl=1 640w\" sizes=\"auto, (max-width: 300px) 100vw, 300px\" \/><\/a><\/p>\n<p><a href=\"http:\/\/www.ouest-france.fr\/le-lycee-du-mene-recolte-530-eu-pour-les-animaux-abandonnes-3139872\">http:\/\/www.ouest-france.fr\/le-lycee-du-mene-recolte-530-eu-pour-les-animaux-abandonnes-3139872<\/a><\/p>\n<p><span class=\"embed-youtube\" style=\"text-align:center; display: block;\"><iframe loading=\"lazy\" class=\"youtube-player\" width=\"604\" height=\"340\" src=\"https:\/\/www.youtube.com\/embed\/Uj_StSZ_K98?version=3&#038;rel=1&#038;showsearch=0&#038;showinfo=1&#038;iv_load_policy=1&#038;fs=1&#038;hl=fr-FR&#038;autohide=2&#038;wmode=transparent\" allowfullscreen=\"true\" style=\"border:0;\" sandbox=\"allow-scripts allow-same-origin allow-popups allow-presentation allow-popups-to-escape-sandbox\"><\/iframe><\/span><\/p>\n","protected":false},"excerpt":{"rendered":"<p>Gr\u00e2ce aux BTS TC, la fili\u00e8re Vente en Animalerie a \u00e9t\u00e9 sensibilis\u00e9e par une visite dans les locaux de la SPA de Rennes et, par une tombola, a pu contribuer au bien-\u00eatre des animaux : http:\/\/www.ouest-france.fr\/le-lycee-du-mene-recolte-530-eu-pour-les-animaux-abandonnes-3139872<\/p>\n","protected":false},"author":97,"featured_media":0,"comment_status":"open","ping_status":"open","sticky":false,"template":"","format":"standard","meta":{"_jetpack_memberships_contains_paid_content":false,"footnotes":"","jetpack_publicize_message":"","jetpack_publicize_feature_enabled":true,"jetpack_social_post_already_shared":true,"jetpack_social_options":{"image_generator_settings":{"template":"highway","default_image_id":0,"font":"","enabled":false},"version":2}},"categories":[13564,1,9177,314],"tags":[9190,5674,6581,4,9197,6,9189,3645,25438],"class_list":["post-1431","post","type-post","status-publish","format-standard","hentry","category-france","category-non-classe","category-sorties","category-videos","tag-activites","tag-animalerie","tag-bts-tc","tag-lycee","tag-mercredi","tag-merdrignac","tag-rennes","tag-sortie","tag-spa"],"aioseo_notices":[],"jetpack_publicize_connections":[],"jetpack_featured_media_url":"","jetpack_shortlink":"https:\/\/wp.me\/p1SrOO-n5","jetpack_sharing_enabled":true,"_links":{"self":[{"href":"https:\/\/blogs.lyceecfadumene.fr\/tyanheol\/wp-json\/wp\/v2\/posts\/1431","targetHints":{"allow":["GET"]}}],"collection":[{"href":"https:\/\/blogs.lyceecfadumene.fr\/tyanheol\/wp-json\/wp\/v2\/posts"}],"about":[{"href":"https:\/\/blogs.lyceecfadumene.fr\/tyanheol\/wp-json\/wp\/v2\/types\/post"}],"author":[{"embeddable":true,"href":"https:\/\/blogs.lyceecfadumene.fr\/tyanheol\/wp-json\/wp\/v2\/users\/97"}],"replies":[{"embeddable":true,"href":"https:\/\/blogs.lyceecfadumene.fr\/tyanheol\/wp-json\/wp\/v2\/comments?post=1431"}],"version-history":[{"count":0,"href":"https:\/\/blogs.lyceecfadumene.fr\/tyanheol\/wp-json\/wp\/v2\/posts\/1431\/revisions"}],"wp:attachment":[{"href":"https:\/\/blogs.lyceecfadumene.fr\/tyanheol\/wp-json\/wp\/v2\/media?parent=1431"}],"wp:term":[{"taxonomy":"category","embeddable":true,"href":"https:\/\/blogs.lyceecfadumene.fr\/tyanheol\/wp-json\/wp\/v2\/categories?post=1431"},{"taxonomy":"post_tag","embeddable":true,"href":"https:\/\/blogs.lyceecfadumene.fr\/tyanheol\/wp-json\/wp\/v2\/tags?post=1431"}],"curies":[{"name":"wp","href":"https:\/\/api.w.org\/{rel}","templated":true}]}}