{"id":1421,"date":"2015-03-12T18:32:12","date_gmt":"2015-03-12T16:32:12","guid":{"rendered":"http:\/\/blogs.lyceecfadumene.fr\/tyanheol\/?p=1421"},"modified":"2015-03-12T18:32:12","modified_gmt":"2015-03-12T16:32:12","slug":"mon-lycee-lieux-de-vies-lieux-denvies-ce-quon-en-pense","status":"publish","type":"post","link":"https:\/\/blogs.lyceecfadumene.fr\/tyanheol\/2015\/03\/12\/mon-lycee-lieux-de-vies-lieux-denvies-ce-quon-en-pense\/","title":{"rendered":"Mon Lyc\u00e9e : Lieu(x) de vie(s), Lieu(x) d&rsquo;envie(s) &#8211; Ce qu&rsquo;on en pense"},"content":{"rendered":"<p>Un petit sondage dans les classes nous donne un aper\u00e7u en images de la fa\u00e7on dont nous vivons tous \u00e0 notre fa\u00e7on en collectivit\u00e9 avec des vies et des envies personnelles ou partag\u00e9es :<\/p>\n<p><a href=\"https:\/\/i0.wp.com\/blogs.lyceecfadumene.fr\/tyanheol\/files\/2015\/03\/Affiche-expo-mur-de-mots.jpg?ssl=1\"><img data-recalc-dims=\"1\" loading=\"lazy\" decoding=\"async\" data-attachment-id=\"1422\" data-permalink=\"https:\/\/blogs.lyceecfadumene.fr\/tyanheol\/2015\/03\/12\/mon-lycee-lieux-de-vies-lieux-denvies-ce-quon-en-pense\/affiche-expo-mur-de-mots\/\" data-orig-file=\"https:\/\/i0.wp.com\/blogs.lyceecfadumene.fr\/tyanheol\/files\/2015\/03\/Affiche-expo-mur-de-mots.jpg?fit=3658%2C2606&amp;ssl=1\" data-orig-size=\"3658,2606\" data-comments-opened=\"1\" data-image-meta=\"{&quot;aperture&quot;:&quot;0&quot;,&quot;credit&quot;:&quot;&quot;,&quot;camera&quot;:&quot;&quot;,&quot;caption&quot;:&quot;&quot;,&quot;created_timestamp&quot;:&quot;0&quot;,&quot;copyright&quot;:&quot;&quot;,&quot;focal_length&quot;:&quot;0&quot;,&quot;iso&quot;:&quot;0&quot;,&quot;shutter_speed&quot;:&quot;0&quot;,&quot;title&quot;:&quot;&quot;,&quot;orientation&quot;:&quot;0&quot;}\" data-image-title=\"Affiche expo mur de mots\" data-image-description=\"\" data-image-caption=\"\" data-large-file=\"https:\/\/i0.wp.com\/blogs.lyceecfadumene.fr\/tyanheol\/files\/2015\/03\/Affiche-expo-mur-de-mots.jpg?fit=604%2C431&amp;ssl=1\" class=\" size-medium wp-image-1422 aligncenter\" src=\"https:\/\/i0.wp.com\/blogs.lyceecfadumene.fr\/tyanheol\/files\/2015\/03\/Affiche-expo-mur-de-mots-300x214.jpg?resize=300%2C214&#038;ssl=1\" alt=\"Affiche expo mur de mots\" width=\"300\" height=\"214\" srcset=\"https:\/\/i0.wp.com\/blogs.lyceecfadumene.fr\/tyanheol\/files\/2015\/03\/Affiche-expo-mur-de-mots.jpg?resize=300%2C214&amp;ssl=1 300w, https:\/\/i0.wp.com\/blogs.lyceecfadumene.fr\/tyanheol\/files\/2015\/03\/Affiche-expo-mur-de-mots.jpg?resize=1024%2C730&amp;ssl=1 1024w, https:\/\/i0.wp.com\/blogs.lyceecfadumene.fr\/tyanheol\/files\/2015\/03\/Affiche-expo-mur-de-mots.jpg?resize=421%2C300&amp;ssl=1 421w, https:\/\/i0.wp.com\/blogs.lyceecfadumene.fr\/tyanheol\/files\/2015\/03\/Affiche-expo-mur-de-mots.jpg?w=1208 1208w, https:\/\/i0.wp.com\/blogs.lyceecfadumene.fr\/tyanheol\/files\/2015\/03\/Affiche-expo-mur-de-mots.jpg?w=1812 1812w\" sizes=\"auto, (max-width: 300px) 100vw, 300px\" \/><\/a> <a href=\"https:\/\/i0.wp.com\/blogs.lyceecfadumene.fr\/tyanheol\/files\/2015\/03\/T%C3%A9moignage-LVLE-1re-PH-TCVPJ.jpg?ssl=1\"><img data-recalc-dims=\"1\" loading=\"lazy\" decoding=\"async\" data-attachment-id=\"1423\" data-permalink=\"https:\/\/blogs.lyceecfadumene.fr\/tyanheol\/2015\/03\/12\/mon-lycee-lieux-de-vies-lieux-denvies-ce-quon-en-pense\/temoignage-lvle-1re-ph-tcvpj\/\" data-orig-file=\"https:\/\/i0.wp.com\/blogs.lyceecfadumene.fr\/tyanheol\/files\/2015\/03\/T%C3%A9moignage-LVLE-1re-PH-TCVPJ.jpg?fit=3654%2C2606&amp;ssl=1\" data-orig-size=\"3654,2606\" data-comments-opened=\"1\" data-image-meta=\"{&quot;aperture&quot;:&quot;0&quot;,&quot;credit&quot;:&quot;&quot;,&quot;camera&quot;:&quot;&quot;,&quot;caption&quot;:&quot;&quot;,&quot;created_timestamp&quot;:&quot;0&quot;,&quot;copyright&quot;:&quot;&quot;,&quot;focal_length&quot;:&quot;0&quot;,&quot;iso&quot;:&quot;0&quot;,&quot;shutter_speed&quot;:&quot;0&quot;,&quot;title&quot;:&quot;&quot;,&quot;orientation&quot;:&quot;0&quot;}\" data-image-title=\"T\u00e9moignage LVLE 1re PH-TCVPJ\" data-image-description=\"\" data-image-caption=\"\" data-large-file=\"https:\/\/i0.wp.com\/blogs.lyceecfadumene.fr\/tyanheol\/files\/2015\/03\/T%C3%A9moignage-LVLE-1re-PH-TCVPJ.jpg?fit=604%2C431&amp;ssl=1\" class=\" size-medium wp-image-1423 aligncenter\" src=\"https:\/\/i0.wp.com\/blogs.lyceecfadumene.fr\/tyanheol\/files\/2015\/03\/T%C3%A9moignage-LVLE-1re-PH-TCVPJ-300x214.jpg?resize=300%2C214&#038;ssl=1\" alt=\"T\u00e9moignage LVLE 1re PH-TCVPJ\" width=\"300\" height=\"214\" srcset=\"https:\/\/i0.wp.com\/blogs.lyceecfadumene.fr\/tyanheol\/files\/2015\/03\/T%C3%A9moignage-LVLE-1re-PH-TCVPJ.jpg?resize=300%2C214&amp;ssl=1 300w, https:\/\/i0.wp.com\/blogs.lyceecfadumene.fr\/tyanheol\/files\/2015\/03\/T%C3%A9moignage-LVLE-1re-PH-TCVPJ.jpg?resize=1024%2C730&amp;ssl=1 1024w, https:\/\/i0.wp.com\/blogs.lyceecfadumene.fr\/tyanheol\/files\/2015\/03\/T%C3%A9moignage-LVLE-1re-PH-TCVPJ.jpg?resize=421%2C300&amp;ssl=1 421w, https:\/\/i0.wp.com\/blogs.lyceecfadumene.fr\/tyanheol\/files\/2015\/03\/T%C3%A9moignage-LVLE-1re-PH-TCVPJ.jpg?w=1208 1208w, https:\/\/i0.wp.com\/blogs.lyceecfadumene.fr\/tyanheol\/files\/2015\/03\/T%C3%A9moignage-LVLE-1re-PH-TCVPJ.jpg?w=1812 1812w\" sizes=\"auto, (max-width: 300px) 100vw, 300px\" \/><\/a> <a href=\"https:\/\/i0.wp.com\/blogs.lyceecfadumene.fr\/tyanheol\/files\/2015\/03\/T%C3%A9moignage-LVLE-1re-TCVA.jpg?ssl=1\"><img data-recalc-dims=\"1\" loading=\"lazy\" decoding=\"async\" data-attachment-id=\"1424\" data-permalink=\"https:\/\/blogs.lyceecfadumene.fr\/tyanheol\/2015\/03\/12\/mon-lycee-lieux-de-vies-lieux-denvies-ce-quon-en-pense\/temoignage-lvle-1re-tcva\/\" data-orig-file=\"https:\/\/i0.wp.com\/blogs.lyceecfadumene.fr\/tyanheol\/files\/2015\/03\/T%C3%A9moignage-LVLE-1re-TCVA.jpg?fit=3654%2C2606&amp;ssl=1\" data-orig-size=\"3654,2606\" data-comments-opened=\"1\" data-image-meta=\"{&quot;aperture&quot;:&quot;0&quot;,&quot;credit&quot;:&quot;&quot;,&quot;camera&quot;:&quot;&quot;,&quot;caption&quot;:&quot;&quot;,&quot;created_timestamp&quot;:&quot;0&quot;,&quot;copyright&quot;:&quot;&quot;,&quot;focal_length&quot;:&quot;0&quot;,&quot;iso&quot;:&quot;0&quot;,&quot;shutter_speed&quot;:&quot;0&quot;,&quot;title&quot;:&quot;&quot;,&quot;orientation&quot;:&quot;0&quot;}\" data-image-title=\"T\u00e9moignage LVLE 1re TCVA\" data-image-description=\"\" data-image-caption=\"\" data-large-file=\"https:\/\/i0.wp.com\/blogs.lyceecfadumene.fr\/tyanheol\/files\/2015\/03\/T%C3%A9moignage-LVLE-1re-TCVA.jpg?fit=604%2C431&amp;ssl=1\" class=\" size-medium wp-image-1424 aligncenter\" src=\"https:\/\/i0.wp.com\/blogs.lyceecfadumene.fr\/tyanheol\/files\/2015\/03\/T%C3%A9moignage-LVLE-1re-TCVA-300x214.jpg?resize=300%2C214&#038;ssl=1\" alt=\"T\u00e9moignage LVLE 1re TCVA\" width=\"300\" height=\"214\" srcset=\"https:\/\/i0.wp.com\/blogs.lyceecfadumene.fr\/tyanheol\/files\/2015\/03\/T%C3%A9moignage-LVLE-1re-TCVA.jpg?resize=300%2C214&amp;ssl=1 300w, https:\/\/i0.wp.com\/blogs.lyceecfadumene.fr\/tyanheol\/files\/2015\/03\/T%C3%A9moignage-LVLE-1re-TCVA.jpg?resize=1024%2C730&amp;ssl=1 1024w, https:\/\/i0.wp.com\/blogs.lyceecfadumene.fr\/tyanheol\/files\/2015\/03\/T%C3%A9moignage-LVLE-1re-TCVA.jpg?resize=421%2C300&amp;ssl=1 421w, https:\/\/i0.wp.com\/blogs.lyceecfadumene.fr\/tyanheol\/files\/2015\/03\/T%C3%A9moignage-LVLE-1re-TCVA.jpg?w=1208 1208w, https:\/\/i0.wp.com\/blogs.lyceecfadumene.fr\/tyanheol\/files\/2015\/03\/T%C3%A9moignage-LVLE-1re-TCVA.jpg?w=1812 1812w\" sizes=\"auto, (max-width: 300px) 100vw, 300px\" \/><\/a> <a href=\"https:\/\/i0.wp.com\/blogs.lyceecfadumene.fr\/tyanheol\/files\/2015\/03\/T%C3%A9moignage-LVLE-2de-NJPF.jpg?ssl=1\"><img data-recalc-dims=\"1\" loading=\"lazy\" decoding=\"async\" data-attachment-id=\"1425\" data-permalink=\"https:\/\/blogs.lyceecfadumene.fr\/tyanheol\/2015\/03\/12\/mon-lycee-lieux-de-vies-lieux-denvies-ce-quon-en-pense\/temoignage-lvle-2de-njpf\/\" data-orig-file=\"https:\/\/i0.wp.com\/blogs.lyceecfadumene.fr\/tyanheol\/files\/2015\/03\/T%C3%A9moignage-LVLE-2de-NJPF.jpg?fit=3654%2C2606&amp;ssl=1\" data-orig-size=\"3654,2606\" data-comments-opened=\"1\" data-image-meta=\"{&quot;aperture&quot;:&quot;0&quot;,&quot;credit&quot;:&quot;&quot;,&quot;camera&quot;:&quot;&quot;,&quot;caption&quot;:&quot;&quot;,&quot;created_timestamp&quot;:&quot;0&quot;,&quot;copyright&quot;:&quot;&quot;,&quot;focal_length&quot;:&quot;0&quot;,&quot;iso&quot;:&quot;0&quot;,&quot;shutter_speed&quot;:&quot;0&quot;,&quot;title&quot;:&quot;&quot;,&quot;orientation&quot;:&quot;0&quot;}\" data-image-title=\"T\u00e9moignage LVLE 2de NJPF\" data-image-description=\"\" data-image-caption=\"\" data-large-file=\"https:\/\/i0.wp.com\/blogs.lyceecfadumene.fr\/tyanheol\/files\/2015\/03\/T%C3%A9moignage-LVLE-2de-NJPF.jpg?fit=604%2C431&amp;ssl=1\" class=\" size-medium wp-image-1425 aligncenter\" src=\"https:\/\/i0.wp.com\/blogs.lyceecfadumene.fr\/tyanheol\/files\/2015\/03\/T%C3%A9moignage-LVLE-2de-NJPF-300x214.jpg?resize=300%2C214&#038;ssl=1\" alt=\"T\u00e9moignage LVLE 2de NJPF\" width=\"300\" height=\"214\" srcset=\"https:\/\/i0.wp.com\/blogs.lyceecfadumene.fr\/tyanheol\/files\/2015\/03\/T%C3%A9moignage-LVLE-2de-NJPF.jpg?resize=300%2C214&amp;ssl=1 300w, https:\/\/i0.wp.com\/blogs.lyceecfadumene.fr\/tyanheol\/files\/2015\/03\/T%C3%A9moignage-LVLE-2de-NJPF.jpg?resize=1024%2C730&amp;ssl=1 1024w, https:\/\/i0.wp.com\/blogs.lyceecfadumene.fr\/tyanheol\/files\/2015\/03\/T%C3%A9moignage-LVLE-2de-NJPF.jpg?resize=421%2C300&amp;ssl=1 421w, https:\/\/i0.wp.com\/blogs.lyceecfadumene.fr\/tyanheol\/files\/2015\/03\/T%C3%A9moignage-LVLE-2de-NJPF.jpg?w=1208 1208w, https:\/\/i0.wp.com\/blogs.lyceecfadumene.fr\/tyanheol\/files\/2015\/03\/T%C3%A9moignage-LVLE-2de-NJPF.jpg?w=1812 1812w\" sizes=\"auto, (max-width: 300px) 100vw, 300px\" \/><\/a> <a href=\"https:\/\/i0.wp.com\/blogs.lyceecfadumene.fr\/tyanheol\/files\/2015\/03\/T%C3%A9moignage-LVLE-2de-PH.jpg?ssl=1\"><img data-recalc-dims=\"1\" loading=\"lazy\" decoding=\"async\" data-attachment-id=\"1426\" data-permalink=\"https:\/\/blogs.lyceecfadumene.fr\/tyanheol\/2015\/03\/12\/mon-lycee-lieux-de-vies-lieux-denvies-ce-quon-en-pense\/temoignage-lvle-2de-ph\/\" data-orig-file=\"https:\/\/i0.wp.com\/blogs.lyceecfadumene.fr\/tyanheol\/files\/2015\/03\/T%C3%A9moignage-LVLE-2de-PH.jpg?fit=3654%2C2606&amp;ssl=1\" data-orig-size=\"3654,2606\" data-comments-opened=\"1\" data-image-meta=\"{&quot;aperture&quot;:&quot;0&quot;,&quot;credit&quot;:&quot;&quot;,&quot;camera&quot;:&quot;&quot;,&quot;caption&quot;:&quot;&quot;,&quot;created_timestamp&quot;:&quot;0&quot;,&quot;copyright&quot;:&quot;&quot;,&quot;focal_length&quot;:&quot;0&quot;,&quot;iso&quot;:&quot;0&quot;,&quot;shutter_speed&quot;:&quot;0&quot;,&quot;title&quot;:&quot;&quot;,&quot;orientation&quot;:&quot;0&quot;}\" data-image-title=\"T\u00e9moignage LVLE 2de PH\" data-image-description=\"\" data-image-caption=\"\" data-large-file=\"https:\/\/i0.wp.com\/blogs.lyceecfadumene.fr\/tyanheol\/files\/2015\/03\/T%C3%A9moignage-LVLE-2de-PH.jpg?fit=604%2C431&amp;ssl=1\" class=\" size-medium wp-image-1426 aligncenter\" src=\"https:\/\/i0.wp.com\/blogs.lyceecfadumene.fr\/tyanheol\/files\/2015\/03\/T%C3%A9moignage-LVLE-2de-PH-300x214.jpg?resize=300%2C214&#038;ssl=1\" alt=\"T\u00e9moignage LVLE 2de PH\" width=\"300\" height=\"214\" srcset=\"https:\/\/i0.wp.com\/blogs.lyceecfadumene.fr\/tyanheol\/files\/2015\/03\/T%C3%A9moignage-LVLE-2de-PH.jpg?resize=300%2C214&amp;ssl=1 300w, https:\/\/i0.wp.com\/blogs.lyceecfadumene.fr\/tyanheol\/files\/2015\/03\/T%C3%A9moignage-LVLE-2de-PH.jpg?resize=1024%2C730&amp;ssl=1 1024w, https:\/\/i0.wp.com\/blogs.lyceecfadumene.fr\/tyanheol\/files\/2015\/03\/T%C3%A9moignage-LVLE-2de-PH.jpg?resize=421%2C300&amp;ssl=1 421w, https:\/\/i0.wp.com\/blogs.lyceecfadumene.fr\/tyanheol\/files\/2015\/03\/T%C3%A9moignage-LVLE-2de-PH.jpg?w=1208 1208w, https:\/\/i0.wp.com\/blogs.lyceecfadumene.fr\/tyanheol\/files\/2015\/03\/T%C3%A9moignage-LVLE-2de-PH.jpg?w=1812 1812w\" sizes=\"auto, (max-width: 300px) 100vw, 300px\" \/><\/a> <a href=\"https:\/\/i0.wp.com\/blogs.lyceecfadumene.fr\/tyanheol\/files\/2015\/03\/T%C3%A9moignage-LVLE-BTS1-TC.jpg?ssl=1\"><img data-recalc-dims=\"1\" loading=\"lazy\" decoding=\"async\" data-attachment-id=\"1427\" data-permalink=\"https:\/\/blogs.lyceecfadumene.fr\/tyanheol\/2015\/03\/12\/mon-lycee-lieux-de-vies-lieux-denvies-ce-quon-en-pense\/temoignage-lvle-bts1-tc\/\" data-orig-file=\"https:\/\/i0.wp.com\/blogs.lyceecfadumene.fr\/tyanheol\/files\/2015\/03\/T%C3%A9moignage-LVLE-BTS1-TC.jpg?fit=3654%2C2606&amp;ssl=1\" data-orig-size=\"3654,2606\" data-comments-opened=\"1\" data-image-meta=\"{&quot;aperture&quot;:&quot;0&quot;,&quot;credit&quot;:&quot;&quot;,&quot;camera&quot;:&quot;&quot;,&quot;caption&quot;:&quot;&quot;,&quot;created_timestamp&quot;:&quot;0&quot;,&quot;copyright&quot;:&quot;&quot;,&quot;focal_length&quot;:&quot;0&quot;,&quot;iso&quot;:&quot;0&quot;,&quot;shutter_speed&quot;:&quot;0&quot;,&quot;title&quot;:&quot;&quot;,&quot;orientation&quot;:&quot;0&quot;}\" data-image-title=\"T\u00e9moignage LVLE BTS1-TC\" data-image-description=\"\" data-image-caption=\"\" data-large-file=\"https:\/\/i0.wp.com\/blogs.lyceecfadumene.fr\/tyanheol\/files\/2015\/03\/T%C3%A9moignage-LVLE-BTS1-TC.jpg?fit=604%2C431&amp;ssl=1\" class=\" size-medium wp-image-1427 aligncenter\" src=\"https:\/\/i0.wp.com\/blogs.lyceecfadumene.fr\/tyanheol\/files\/2015\/03\/T%C3%A9moignage-LVLE-BTS1-TC-300x214.jpg?resize=300%2C214&#038;ssl=1\" alt=\"T\u00e9moignage LVLE BTS1-TC\" width=\"300\" height=\"214\" srcset=\"https:\/\/i0.wp.com\/blogs.lyceecfadumene.fr\/tyanheol\/files\/2015\/03\/T%C3%A9moignage-LVLE-BTS1-TC.jpg?resize=300%2C214&amp;ssl=1 300w, https:\/\/i0.wp.com\/blogs.lyceecfadumene.fr\/tyanheol\/files\/2015\/03\/T%C3%A9moignage-LVLE-BTS1-TC.jpg?resize=1024%2C730&amp;ssl=1 1024w, https:\/\/i0.wp.com\/blogs.lyceecfadumene.fr\/tyanheol\/files\/2015\/03\/T%C3%A9moignage-LVLE-BTS1-TC.jpg?resize=421%2C300&amp;ssl=1 421w, https:\/\/i0.wp.com\/blogs.lyceecfadumene.fr\/tyanheol\/files\/2015\/03\/T%C3%A9moignage-LVLE-BTS1-TC.jpg?w=1208 1208w, https:\/\/i0.wp.com\/blogs.lyceecfadumene.fr\/tyanheol\/files\/2015\/03\/T%C3%A9moignage-LVLE-BTS1-TC.jpg?w=1812 1812w\" sizes=\"auto, (max-width: 300px) 100vw, 300px\" \/><\/a> <a href=\"https:\/\/i0.wp.com\/blogs.lyceecfadumene.fr\/tyanheol\/files\/2015\/03\/T%C3%A9moignage-LVLE-Term-PH-TCVPJ.jpg?ssl=1\"><img data-recalc-dims=\"1\" loading=\"lazy\" decoding=\"async\" data-attachment-id=\"1428\" data-permalink=\"https:\/\/blogs.lyceecfadumene.fr\/tyanheol\/2015\/03\/12\/mon-lycee-lieux-de-vies-lieux-denvies-ce-quon-en-pense\/temoignage-lvle-term-ph-tcvpj\/\" data-orig-file=\"https:\/\/i0.wp.com\/blogs.lyceecfadumene.fr\/tyanheol\/files\/2015\/03\/T%C3%A9moignage-LVLE-Term-PH-TCVPJ.jpg?fit=3654%2C2606&amp;ssl=1\" data-orig-size=\"3654,2606\" data-comments-opened=\"1\" data-image-meta=\"{&quot;aperture&quot;:&quot;0&quot;,&quot;credit&quot;:&quot;&quot;,&quot;camera&quot;:&quot;&quot;,&quot;caption&quot;:&quot;&quot;,&quot;created_timestamp&quot;:&quot;0&quot;,&quot;copyright&quot;:&quot;&quot;,&quot;focal_length&quot;:&quot;0&quot;,&quot;iso&quot;:&quot;0&quot;,&quot;shutter_speed&quot;:&quot;0&quot;,&quot;title&quot;:&quot;&quot;,&quot;orientation&quot;:&quot;0&quot;}\" data-image-title=\"T\u00e9moignage LVLE Term PH-TCVPJ\" data-image-description=\"\" data-image-caption=\"\" data-large-file=\"https:\/\/i0.wp.com\/blogs.lyceecfadumene.fr\/tyanheol\/files\/2015\/03\/T%C3%A9moignage-LVLE-Term-PH-TCVPJ.jpg?fit=604%2C431&amp;ssl=1\" class=\" size-medium wp-image-1428 aligncenter\" src=\"https:\/\/i0.wp.com\/blogs.lyceecfadumene.fr\/tyanheol\/files\/2015\/03\/T%C3%A9moignage-LVLE-Term-PH-TCVPJ-300x214.jpg?resize=300%2C214&#038;ssl=1\" alt=\"T\u00e9moignage LVLE Term PH-TCVPJ\" width=\"300\" height=\"214\" srcset=\"https:\/\/i0.wp.com\/blogs.lyceecfadumene.fr\/tyanheol\/files\/2015\/03\/T%C3%A9moignage-LVLE-Term-PH-TCVPJ.jpg?resize=300%2C214&amp;ssl=1 300w, https:\/\/i0.wp.com\/blogs.lyceecfadumene.fr\/tyanheol\/files\/2015\/03\/T%C3%A9moignage-LVLE-Term-PH-TCVPJ.jpg?resize=1024%2C730&amp;ssl=1 1024w, https:\/\/i0.wp.com\/blogs.lyceecfadumene.fr\/tyanheol\/files\/2015\/03\/T%C3%A9moignage-LVLE-Term-PH-TCVPJ.jpg?resize=421%2C300&amp;ssl=1 421w, https:\/\/i0.wp.com\/blogs.lyceecfadumene.fr\/tyanheol\/files\/2015\/03\/T%C3%A9moignage-LVLE-Term-PH-TCVPJ.jpg?w=1208 1208w, https:\/\/i0.wp.com\/blogs.lyceecfadumene.fr\/tyanheol\/files\/2015\/03\/T%C3%A9moignage-LVLE-Term-PH-TCVPJ.jpg?w=1812 1812w\" sizes=\"auto, (max-width: 300px) 100vw, 300px\" \/><\/a> <a href=\"https:\/\/i0.wp.com\/blogs.lyceecfadumene.fr\/tyanheol\/files\/2015\/03\/T%C3%A9moignage-LVLE-Term-TCVA.jpg?ssl=1\"><img data-recalc-dims=\"1\" loading=\"lazy\" decoding=\"async\" data-attachment-id=\"1429\" data-permalink=\"https:\/\/blogs.lyceecfadumene.fr\/tyanheol\/2015\/03\/12\/mon-lycee-lieux-de-vies-lieux-denvies-ce-quon-en-pense\/temoignage-lvle-term-tcva\/\" data-orig-file=\"https:\/\/i0.wp.com\/blogs.lyceecfadumene.fr\/tyanheol\/files\/2015\/03\/T%C3%A9moignage-LVLE-Term-TCVA.jpg?fit=3654%2C2606&amp;ssl=1\" data-orig-size=\"3654,2606\" data-comments-opened=\"1\" data-image-meta=\"{&quot;aperture&quot;:&quot;0&quot;,&quot;credit&quot;:&quot;&quot;,&quot;camera&quot;:&quot;&quot;,&quot;caption&quot;:&quot;&quot;,&quot;created_timestamp&quot;:&quot;0&quot;,&quot;copyright&quot;:&quot;&quot;,&quot;focal_length&quot;:&quot;0&quot;,&quot;iso&quot;:&quot;0&quot;,&quot;shutter_speed&quot;:&quot;0&quot;,&quot;title&quot;:&quot;&quot;,&quot;orientation&quot;:&quot;0&quot;}\" data-image-title=\"T\u00e9moignage LVLE Term TCVA\" data-image-description=\"\" data-image-caption=\"\" data-large-file=\"https:\/\/i0.wp.com\/blogs.lyceecfadumene.fr\/tyanheol\/files\/2015\/03\/T%C3%A9moignage-LVLE-Term-TCVA.jpg?fit=604%2C431&amp;ssl=1\" class=\" size-medium wp-image-1429 aligncenter\" src=\"https:\/\/i0.wp.com\/blogs.lyceecfadumene.fr\/tyanheol\/files\/2015\/03\/T%C3%A9moignage-LVLE-Term-TCVA-300x214.jpg?resize=300%2C214&#038;ssl=1\" alt=\"T\u00e9moignage LVLE Term TCVA\" width=\"300\" height=\"214\" srcset=\"https:\/\/i0.wp.com\/blogs.lyceecfadumene.fr\/tyanheol\/files\/2015\/03\/T%C3%A9moignage-LVLE-Term-TCVA.jpg?resize=300%2C214&amp;ssl=1 300w, https:\/\/i0.wp.com\/blogs.lyceecfadumene.fr\/tyanheol\/files\/2015\/03\/T%C3%A9moignage-LVLE-Term-TCVA.jpg?resize=1024%2C730&amp;ssl=1 1024w, https:\/\/i0.wp.com\/blogs.lyceecfadumene.fr\/tyanheol\/files\/2015\/03\/T%C3%A9moignage-LVLE-Term-TCVA.jpg?resize=421%2C300&amp;ssl=1 421w, https:\/\/i0.wp.com\/blogs.lyceecfadumene.fr\/tyanheol\/files\/2015\/03\/T%C3%A9moignage-LVLE-Term-TCVA.jpg?w=1208 1208w, https:\/\/i0.wp.com\/blogs.lyceecfadumene.fr\/tyanheol\/files\/2015\/03\/T%C3%A9moignage-LVLE-Term-TCVA.jpg?w=1812 1812w\" sizes=\"auto, (max-width: 300px) 100vw, 300px\" \/><\/a><\/p>\n","protected":false},"excerpt":{"rendered":"<p>Un petit sondage dans les classes nous donne un aper\u00e7u en images de la fa\u00e7on dont nous vivons tous \u00e0 notre fa\u00e7on en collectivit\u00e9 avec des vies et des envies personnelles ou partag\u00e9es :<\/p>\n","protected":false},"author":97,"featured_media":0,"comment_status":"open","ping_status":"open","sticky":false,"template":"","format":"standard","meta":{"_jetpack_memberships_contains_paid_content":false,"footnotes":"","jetpack_publicize_message":"","jetpack_publicize_feature_enabled":true,"jetpack_social_post_already_shared":true,"jetpack_social_options":{"image_generator_settings":{"template":"highway","default_image_id":0,"font":"","enabled":false},"version":2}},"categories":[1,9203],"tags":[9190,4,6,7273],"class_list":["post-1421","post","type-post","status-publish","format-standard","hentry","category-non-classe","category-sante","tag-activites","tag-lycee","tag-merdrignac","tag-quizz"],"aioseo_notices":[],"jetpack_publicize_connections":[],"jetpack_featured_media_url":"","jetpack_shortlink":"https:\/\/wp.me\/p1SrOO-mV","jetpack_sharing_enabled":true,"_links":{"self":[{"href":"https:\/\/blogs.lyceecfadumene.fr\/tyanheol\/wp-json\/wp\/v2\/posts\/1421","targetHints":{"allow":["GET"]}}],"collection":[{"href":"https:\/\/blogs.lyceecfadumene.fr\/tyanheol\/wp-json\/wp\/v2\/posts"}],"about":[{"href":"https:\/\/blogs.lyceecfadumene.fr\/tyanheol\/wp-json\/wp\/v2\/types\/post"}],"author":[{"embeddable":true,"href":"https:\/\/blogs.lyceecfadumene.fr\/tyanheol\/wp-json\/wp\/v2\/users\/97"}],"replies":[{"embeddable":true,"href":"https:\/\/blogs.lyceecfadumene.fr\/tyanheol\/wp-json\/wp\/v2\/comments?post=1421"}],"version-history":[{"count":0,"href":"https:\/\/blogs.lyceecfadumene.fr\/tyanheol\/wp-json\/wp\/v2\/posts\/1421\/revisions"}],"wp:attachment":[{"href":"https:\/\/blogs.lyceecfadumene.fr\/tyanheol\/wp-json\/wp\/v2\/media?parent=1421"}],"wp:term":[{"taxonomy":"category","embeddable":true,"href":"https:\/\/blogs.lyceecfadumene.fr\/tyanheol\/wp-json\/wp\/v2\/categories?post=1421"},{"taxonomy":"post_tag","embeddable":true,"href":"https:\/\/blogs.lyceecfadumene.fr\/tyanheol\/wp-json\/wp\/v2\/tags?post=1421"}],"curies":[{"name":"wp","href":"https:\/\/api.w.org\/{rel}","templated":true}]}}