{"id":142,"date":"2008-03-28T14:00:34","date_gmt":"2008-03-28T12:00:34","guid":{"rendered":"http:\/\/blogs.lyceecfadumene.fr\/bacproap\/?p=142"},"modified":"2008-03-28T14:00:34","modified_gmt":"2008-03-28T12:00:34","slug":"conclusion-du-voyage","status":"publish","type":"post","link":"https:\/\/blogs.lyceecfadumene.fr\/tyanheol\/2008\/03\/28\/conclusion-du-voyage\/","title":{"rendered":"Conclusion du voyage."},"content":{"rendered":"<p>Ce blog\u00a0a \u00e9t\u00e9 r\u00e9alis\u00e9 par BRAULT Alexandre et LEBAS Antony. Nous sommes tous les deux en terminale bac professionnel travaux paysagers. Ce blog a \u00e9t\u00e9 r\u00e9alis\u00e9 dans le cadre du projet global d&rsquo;ESC. En effet, la classe de bac pro horti\u00a0a particip\u00e9 l&rsquo;ann\u00e9e\u00a0pass\u00e9e au concours National de la r\u00e9sistance. Par ailleurs, plusieurs documents ont \u00e9t\u00e9 visionn\u00e9s par les\u00a0trois classes.<\/p>\n<p>Ce blog\u00a0a \u00e9t\u00e9 pour nous une exp\u00e9rience enrichissante qui a n\u00e9cessit\u00e9 de notre part une certaine organisation. Nous avons r\u00e9dig\u00e9 les articles tous les jours soit le soir,\u00a0soit dans le car entre deux destinations.<br \/>\nEnsuite, nous devions trouver des acc\u00e8s internet parfois avec quelques difficult\u00e9s (quelquefois nous avons pass\u00e9 pr\u00e8s d&rsquo;une heure\u00a0\u00e0 trouver un cyber caf\u00e9).<\/p>\n<p>Ce blog\u00a0a n\u00e9cessit\u00e9 des sacrifices. Nous avons d\u00fb renoncer \u00e0 certains quartiers libres propos\u00e9s pour trouver un cyber caf\u00e9 mais sans que cela nous d\u00e9range.<\/p>\n<p>Nous avons fait ce choix d&rsquo;informer au jour le jour les familles des \u00e9l\u00e8ves et aussi l&rsquo;administration du lyc\u00e9e et nous ne le\u00a0regrettons pas puisque nous avons entendu plusieurs remarques nous disant que le blog \u00e9tait un tr\u00e8s bon moyen de se tenir au courant.<\/p>\n<p>D&rsquo;autres nous ont fait remarquer que nous ne parlions pas de la vie en groupe. Il est vrai que nous n&rsquo;en n&rsquo;avons pas parl\u00e9.<\/p>\n<p>Voici nos commentaires respectifs sur ce travail :<\/p>\n<p>Brault Alexandre : J&rsquo;ai appr\u00e9ci\u00e9 de cr\u00e9er ce blog avec Antony. Cela m&rsquo;a permis de voir comment en g\u00e9rer un. De plus, pour trouver un cyber caf\u00e9, j&rsquo;ai du m&rsquo;exprimer en anglais et\/ou en allemand (ce qui \u00e9tait une \u00e9preuve \u00e0 chaque fois). Je suis\u00a0ravi de cette exp\u00e9rience. J&rsquo;encourage d&rsquo;autres personnes \u00e0 le faire. C&rsquo;est tr\u00e8s enrichissant et il\u00a0permet de garder un souvenir.<\/p>\n<p>Lebas Antony : Je pense que malgr\u00e9 les sacrifices et les heures de travail en amont et en aval, ce blog en valait la peine puisqu&rsquo;il est aujourd&rsquo;hui bien r\u00e9ussi je pense. Il atteint en tr\u00e8s peu de temps 338 visiteurs, ce qui est un nombre important \u00e0 mes yeux.<\/p>\n","protected":false},"excerpt":{"rendered":"<p>Ce blog\u00a0a \u00e9t\u00e9 r\u00e9alis\u00e9 par BRAULT Alexandre et LEBAS Antony. Nous sommes tous les deux en terminale bac professionnel travaux paysagers. Ce blog a \u00e9t\u00e9 r\u00e9alis\u00e9 dans le cadre du projet global d&rsquo;ESC. En effet, la classe de bac pro horti\u00a0a particip\u00e9 l&rsquo;ann\u00e9e\u00a0pass\u00e9e au concours National de la r\u00e9sistance. Par ailleurs, plusieurs documents ont \u00e9t\u00e9 &hellip; <a href=\"https:\/\/blogs.lyceecfadumene.fr\/tyanheol\/2008\/03\/28\/conclusion-du-voyage\/\" class=\"more-link\">Continuer la lecture de <span class=\"screen-reader-text\">Conclusion du voyage.<\/span> <span class=\"meta-nav\">&rarr;<\/span><\/a><\/p>\n","protected":false},"author":1,"featured_media":0,"comment_status":"open","ping_status":"open","sticky":false,"template":"","format":"standard","meta":{"_jetpack_memberships_contains_paid_content":false,"footnotes":"","jetpack_publicize_message":"","jetpack_publicize_feature_enabled":true,"jetpack_social_post_already_shared":true,"jetpack_social_options":{"image_generator_settings":{"template":"highway","default_image_id":0,"font":"","enabled":false},"version":2}},"categories":[13564],"tags":[],"class_list":["post-142","post","type-post","status-publish","format-standard","hentry","category-france"],"aioseo_notices":[],"jetpack_publicize_connections":[],"jetpack_featured_media_url":"","jetpack_shortlink":"https:\/\/wp.me\/p1SrOO-2i","jetpack_sharing_enabled":true,"_links":{"self":[{"href":"https:\/\/blogs.lyceecfadumene.fr\/tyanheol\/wp-json\/wp\/v2\/posts\/142","targetHints":{"allow":["GET"]}}],"collection":[{"href":"https:\/\/blogs.lyceecfadumene.fr\/tyanheol\/wp-json\/wp\/v2\/posts"}],"about":[{"href":"https:\/\/blogs.lyceecfadumene.fr\/tyanheol\/wp-json\/wp\/v2\/types\/post"}],"author":[{"embeddable":true,"href":"https:\/\/blogs.lyceecfadumene.fr\/tyanheol\/wp-json\/wp\/v2\/users\/1"}],"replies":[{"embeddable":true,"href":"https:\/\/blogs.lyceecfadumene.fr\/tyanheol\/wp-json\/wp\/v2\/comments?post=142"}],"version-history":[{"count":0,"href":"https:\/\/blogs.lyceecfadumene.fr\/tyanheol\/wp-json\/wp\/v2\/posts\/142\/revisions"}],"wp:attachment":[{"href":"https:\/\/blogs.lyceecfadumene.fr\/tyanheol\/wp-json\/wp\/v2\/media?parent=142"}],"wp:term":[{"taxonomy":"category","embeddable":true,"href":"https:\/\/blogs.lyceecfadumene.fr\/tyanheol\/wp-json\/wp\/v2\/categories?post=142"},{"taxonomy":"post_tag","embeddable":true,"href":"https:\/\/blogs.lyceecfadumene.fr\/tyanheol\/wp-json\/wp\/v2\/tags?post=142"}],"curies":[{"name":"wp","href":"https:\/\/api.w.org\/{rel}","templated":true}]}}